{"id":6136,"date":"2025-04-29T14:15:47","date_gmt":"2025-04-29T14:15:47","guid":{"rendered":"https:\/\/www.uutispeili.fi\/?p=6136"},"modified":"2025-04-29T14:15:47","modified_gmt":"2025-04-29T14:15:47","slug":"elina-louko-ylen-mot-ohjelmassa-omituisuuksia","status":"publish","type":"post","link":"https:\/\/www.uutispeili.fi\/index.php\/2025\/04\/29\/elina-louko-ylen-mot-ohjelmassa-omituisuuksia\/","title":{"rendered":"Elina Louko: Ylen MOT-ohjelmassa omituisuuksia"},"content":{"rendered":"<p><strong>MOT kertoi ty\u00f6tt\u00f6myystukien leikkaamisesta, -esitetty 21. huhtikuuta.<\/strong><\/p>\n<p>Katselin muutaman p\u00e4iv\u00e4n viiveell\u00e4 tallenteelta <strong>MOT<\/strong>-ohjelmaa siit\u00e4, miten tukien leikkaaminen on<br \/>\nvaikuttanut ihmisten el\u00e4m\u00e4\u00e4n. MOT-ohjelma muuten on niit\u00e4 harvoja <strong>Yle<\/strong>n ohjelmia, joissa on tehty<br \/>\njonkinlaista tutkivaa journalismia ja jotka ovat toisinaan kiinnostavia ja joita katson.<\/p>\n<p>No mutta, t\u00e4ss\u00e4 siis seurattiin vuoden ajan ihmisi\u00e4 ja miten istuvan hallituksen leikkaustoimet vaikuttavat<br \/>\nheid\u00e4n el\u00e4m\u00e4\u00e4ns\u00e4.<\/p>\n<p>Ensimm\u00e4isen\u00e4 oli <strong>Espoossa<\/strong> asuva nuori pari, jossa vaimo oli 23-wee ja siippa <strong>Intia<\/strong>sta, oliko 33-wee.<br \/>\n-Nimimuistihan minulla on maailmankaikkeuden huonoin, joten heid\u00e4n nimi\u00e4\u00e4n en nyt en\u00e4\u00e4 muista. Pariskunta oli tavannut Intiassa ja minua j\u00e4i kovasti vaivaamaan mill\u00e4 masseilla neito oli Intiassa k\u00e4ynyt, sill\u00e4 ohjelmassa h\u00e4n oli ty\u00f6t\u00f6n, ja Intiasta tullut sulho my\u00f6s ty\u00f6t\u00f6n.<\/p>\n<p>Mies oli kuitenkin opiskellut <em>neuropsykologiksi<\/em> Intiassa, ja halusi silt\u00e4 alalta t\u00f6it\u00e4 my\u00f6s Suomessa. No, k\u00e4sitt\u00e4\u00e4kseni terveydenhoitoalalla ty\u00f6skentelevien ulkomaalaisten pit\u00e4\u00e4 tulla <strong>Valvira<\/strong>n hyv\u00e4ksymiksi ja my\u00f6s kielivaatimuksia on.<\/p>\n<p>Toivon oikeasti h\u00e4nelle onnea, ja ett\u00e4 voisi joskus toimia alallaan t\u00e4\u00e4ll\u00e4, mutta t\u00e4ss\u00e4 v\u00e4liss\u00e4 h\u00e4n oli ty\u00f6t\u00f6n. Ja <strong>Vihreill\u00e4<\/strong> kuntavaaliehdokkaana.<\/p>\n<p>Minua kuitenkin vaivasi miksi t\u00e4m\u00e4 23-wee nuori nainen oli ty\u00f6t\u00f6n. ja oliko h\u00e4n koskaan ollut t\u00f6iss\u00e4, -sit\u00e4 ei ainakaan mainittu- ja sill\u00e4 asenteella, ett\u00e4 el\u00e4m\u00e4\u00e4n kuuluu tukia ja ettei voi el\u00e4\u00e4 ilman tukia. No, h\u00e4nell\u00e4 kyll\u00e4 oli jotakin huostaanottotaustaa ja mt-ongelmia, mutta silti.<\/p>\n<blockquote><p>He asuivat siin\u00e4 ohjelman alussa melko hulppean n\u00e4k\u00f6isess\u00e4 k\u00e4mp\u00e4ss\u00e4, jota my\u00f6s itse ihmettelin, ett\u00e4 kuinka tuollaiseen on ty\u00f6tt\u00f6mill\u00e4 varaa. Oma asuinsijani on huomattavan paljon vaatimattomampi, vaikka k\u00e4yn sent\u00e4\u00e4n t\u00f6iss\u00e4.<\/p><\/blockquote>\n<p>No, vaikka sit\u00e4 tosi halvaksi mainostettiin, joutuivat he sitten muuttamaan halvempaan, koska asumistukea leikattiin. Vaimo p\u00e4\u00e4si ohjelman kuluessa yliopistoon opiskelemaan. H\u00e4n oli kirjoittanut aivan huimilla papereilla ylioppilaaksi iltalukiosta: Oliko ainakin 5 \u00e4ll\u00e4\u00e4 ja muutamia Eximioita p\u00e4\u00e4lle.<\/p>\n<p>Nuori nainen hyv\u00e4ll\u00e4 yo-todistuksella saisi aivan varmasti t\u00f6it\u00e4 ainakin kaupan-alalta, mutta sit\u00e4 yliopistoakin sitten pit\u00e4isi pysty\u00e4 k\u00e4ym\u00e4\u00e4n kela-tuilla, sill\u00e4 opintotuethan ovat pienempi\u00e4 kuin ty\u00f6tt\u00f6myysetuudet. T\u00f6it\u00e4 h\u00e4n ei kyennyt tekem\u00e4\u00e4n.<\/p>\n<p>Valitettiin sit\u00e4, ett\u00e4 joutuu ottamaan opintolainaa, ja on kauheat korot, mutta ohjelman lopussa pariskunta kertoi joutuneensa ottamaan 12-13000 euron velat\u00a0selviyty\u00e4kseen, tai ett\u00e4 velkaa oli yhteens\u00e4 sen verran.<\/p>\n<p>Miten ihmeess\u00e4 ty\u00f6t\u00f6n\/opiskelija-pariskunta voi saada niin paljon lainaa? H\u00e4? Ja saattaisiko niiss\u00e4 elintavoissa sitten olla jotakin pieless\u00e4, ett\u00e4 tuota vauhtia velkaantuu? En nyt ihan l\u00e4mmennyt t\u00e4m\u00e4n pariskunnan ongelmille ohjelman aikana.<\/p>\n<h2><em>Menk\u00e4\u00e4 t\u00f6ihin!<\/em><\/h2>\n<p>Sitten oli yksinhuoltaja <strong>Vantaalta<\/strong>, toinen parikymppinen tytt\u00f6, jossa ohjelman ingressiss\u00e4 sanotiin, ett\u00e4 h\u00e4n joutuu tytt\u00e4rens\u00e4 kanssa ker\u00e4\u00e4m\u00e4\u00e4n pulloja selviyty\u00e4kseen. No, ohjelmassa kuitenkin k\u00e4vi ilmi, ett\u00e4 he k\u00e4yv\u00e4t l\u00e4himetsiss\u00e4 ker\u00e4\u00e4m\u00e4ss\u00e4 roskia, ja sielt\u00e4 sitten l\u00f6ytyy samalla pulloja.<\/p>\n<blockquote><p>T\u00e4m\u00e4 on tietysti ihailtavaa ja hatunnostoni sille, ett\u00e4 pidet\u00e4\u00e4n l\u00e4hialueita kunnossa. Mutta eiv\u00e4t he mit\u00e4\u00e4n pulloja selviyty\u00e4kseen ker\u00e4nneet.<\/p><\/blockquote>\n<p>H\u00e4nell\u00e4 oli my\u00f6s mt-taustaa, useita diagnooseja, eik\u00e4 pysty tekem\u00e4\u00e4n t\u00f6it\u00e4. H\u00e4nen tukiinsa eiv\u00e4t sitten<br \/>\nkuitenkaan leikkaukset olleet niin vaikuttaneet, ett\u00e4 t\u00e4m\u00e4kin tarina j\u00e4i v\u00e4h\u00e4n vajaaksi, ja h\u00e4n haaveili<br \/>\nl\u00e4hihoitajan opinnoista, jotka on joskus aloittanut ja voisi saattaa ne loppuun. Onnea siihen!<\/p>\n<p>Sitten oli viel\u00e4 joku v\u00e4h\u00e4n alle 6-kymppinen nainen <strong>Nokialta<\/strong>, jolla oli jonkinlaista terveydellist\u00e4 ongelmaa,<br \/>\nsel\u00e4n kanssa. H\u00e4nell\u00e4 oli joku <em>0-tunti-sopimus<\/em> maistattajana paikallisissa kaupoissa. 0-tunti-sopimuksia<br \/>\nmuuten en ymm\u00e4rr\u00e4, ett\u00e4 tarjoamme niinku duunia, mutta ei ole tunteja. T\u00e4m\u00e4 on mielest\u00e4ni ihan totaalista riistoa, mutta ei nyt menn\u00e4 siihen.<\/p>\n<p>H\u00e4n nyt sitten oli elintarvikemaistattelijana, mutta ty\u00f6t\u00e4 oli sen muutaman tunnin kuussa. Nainen ei omien sanojensa mukaan pystyisi tekem\u00e4\u00e4n kokoaikaty\u00f6t\u00e4. No miten olisi joku muu vaihtoehto, 10h\/vko kaupanalalta, kassalla?<\/p>\n<blockquote><p>Sellaisia on tarjolla, ett\u00e4 vajaakuntoinenkin voisi istua siell\u00e4 kassalla yhden ty\u00f6vuoron viikossa. Palkkaa tulisi muutama satanen kuussa. Mutta sellaisesta ei ollut puhetta.<\/p><\/blockquote>\n<p>Mieskaverilla k\u00e4vi sy\u00f6m\u00e4ss\u00e4, ett\u00e4 muuten ei p\u00e4rj\u00e4isi. H\u00e4n haaveili osa-aikael\u00e4kkeest\u00e4 muttei sille p\u00e4\u00e4ssyt.<\/p>\n<p>T\u00e4m\u00e4 koko paketti j\u00e4tti minut v\u00e4h\u00e4n h\u00e4mmentyneeksi. Olin odottanut rankempia tarinoita ja leip\u00e4jonoja.<br \/>\nAinakin noiden nuorempien osalla, ett\u00e4 kyll\u00e4 se asenne tuntui olevan se, ett\u00e4 tukia pit\u00e4\u00e4 olla ja ilman niit\u00e4 ei voi el\u00e4\u00e4.<\/p>\n<p>Minulla itsell\u00e4ni on varmasti suvaitsevaisempi n\u00e4kemys sosiaalituista, kuin edustamani puolueen (PS) kannattajilla keskim\u00e4\u00e4rin, sill\u00e4 min\u00e4 uskon, ett\u00e4 sosiaalisia tukiverkkoja pit\u00e4\u00e4 olla olemassa ja ihmisten el\u00e4m\u00e4 pit\u00e4\u00e4 olla turvattu ty\u00f6tt\u00f6myyden ja sairauden osalta, ett\u00e4 el\u00e4m\u00e4ss\u00e4 voi tulla eteen kaikenlaisia ongelmia ja silloin yhteiskunnan pit\u00e4isi auttaa.<\/p>\n<blockquote><p>Mutta ty\u00f6tt\u00f6myyden pit\u00e4isi olla v\u00e4liaikaista, ei loppuel\u00e4m\u00e4n turvaverkko ja ajatuksena pit\u00e4isi olla, ett\u00e4 tulisi aidosti toimeen omillaan ilman tukia. Sairaudet ovat sitten toinen juttu.<\/p><\/blockquote>\n<p>Olen my\u00f6s sit\u00e4 mielt\u00e4, ett\u00e4 maassamme kyll\u00e4 roikotetaan ty\u00f6tt\u00f6min\u00e4 henkil\u00f6it\u00e4, jotka oikeasti kuuluisivat<br \/>\nel\u00e4kkeelle, jotka ovat olleet vuosikymmeni\u00e4 ty\u00f6tt\u00f6min\u00e4 (tarkoitan kantav\u00e4est\u00f6\u00e4 toim.huom) ja jotka eiv\u00e4t<br \/>\nvarmasti tule koskaan ty\u00f6llistym\u00e4\u00e4n nykyisill\u00e4 ty\u00f6markkinoilla.<\/p>\n<p>Ohjelmassa mainittiin, ett\u00e4 hallituksen tavoitteena on lis\u00e4t\u00e4 ty\u00f6paikkoja tukia leikkaamalla. En nyt ole varma oliko t\u00e4m\u00e4 ohjelman tekij\u00f6iden tulkinta vai kuinka, sill\u00e4 ainakin se keskustelu asiasta jota olen seurannut, on ollut ett\u00e4 hallituksen tavoitteena on nostaa ty\u00f6llisten m\u00e4\u00e4r\u00e4\u00e4, eik\u00e4 ty\u00f6paikkoja, sill\u00e4 n\u00e4m\u00e4 ovat eri asioita, mutta ohjelmassa mainittiin, ett\u00e4 hallituksen tavoitteena on luoda uusia ty\u00f6paikkoja.<\/p>\n<blockquote><p>Eih\u00e4n tukia leikkaamalla synny yht\u00e4k\u00e4\u00e4n uutta ty\u00f6paikkaa. Se ett\u00e4 Matilta ja Liisalta leikataan<br \/>\nasumistukea ei tuo yht\u00e4k\u00e4\u00e4n uutta ty\u00f6paikkaa ty\u00f6markkinoille. Mutta Matti ja Liisa saattavat hakea<br \/>\naktiivisemmin t\u00f6it\u00e4 kun tukia leikataan.<\/p><\/blockquote>\n<p>Ongelma t\u00e4ss\u00e4 nyt kuitenkin on se, etteiv\u00e4t avoimet ty\u00f6paikat ja ty\u00f6nhakijat kohtaa: Tietyill\u00e4 aloilla on ty\u00f6voimapula, mutta eiv\u00e4t kaikki ty\u00f6tt\u00f6m\u00e4t sovellu n\u00e4ille aloille.<\/p>\n<p>My\u00f6sk\u00e4\u00e4n sit\u00e4 kokoaikaty\u00f6t\u00e4 ei ole kaikille tarjolla. Juurikin mainitsemani kaupan-ala on sellainen. T\u00e4h\u00e4n<br \/>\ntoivoisin kyll\u00e4 istuvalta hallitukselta hieman ymm\u00e4rryst\u00e4. Ty\u00f6paikkoja luodaan vaikka niin, ett\u00e4 pidet\u00e4\u00e4n<br \/>\nhuolta ett\u00e4 ihmisill\u00e4 on varaa kuluttaa, sit\u00e4 kuuluisaa ostovoimaa, jolloin syntyy uusia ty\u00f6paikkoja<br \/>\npalvelualoille, ja sitten pit\u00e4isi saada my\u00f6s teollisuus kukoistukseen, sill\u00e4 Ven\u00e4j\u00e4-pakotteet ovat olleet hyvin<br \/>\nraskaita juurikin meid\u00e4n teollisuudellemme, ett\u00e4 sielt\u00e4 sit\u00e4 ty\u00f6paikkaa on h\u00e4vinnyt.<\/p>\n<blockquote><p>Se ettei n\u00e4it\u00e4 ty\u00f6paikkoja ole olemassa, ei ole sen ty\u00f6tt\u00f6m\u00e4n syyt\u00e4, jonka tukia leikataan. Luokaa sellaiset olosuhteet ett\u00e4 t\u00f6it\u00e4 my\u00f6s l\u00f6ytyy.<\/p><\/blockquote>\n<p>T\u00e4ll\u00e4 hetkell\u00e4 kaikille ty\u00f6tt\u00f6mille ei l\u00f6ydy kokoaikat\u00f6it\u00e4. Mutta olen ehk\u00e4 ollut v\u00e4\u00e4r\u00e4ss\u00e4 siin\u00e4, etten ole ajatellut ett\u00e4 pelkkien tukien varassa el\u00e4minen olisi yleist\u00e4, vaan olen kuvitellut ett\u00e4 ainakin valtaosa ty\u00f6tt\u00f6mist\u00e4 kyll\u00e4 nimenomaan haluaisi ty\u00f6llisty\u00e4 ja tulla omillaan toimeen.<\/p>\n<p>Ainakaan nuo MOT-ohjelman nuoremmat ihmiset eiv\u00e4t ihan vakuuttaneet. Tuntui, ett\u00e4 ainakin t\u00e4m\u00e4n ensimm\u00e4isen\u00e4 mainitun nuoren naisen kohdalla ty\u00f6kyvytt\u00f6myys tuntui olevan kovin selektiivist\u00e4:<br \/>\ntoisaalta oltiin k\u00e4yty iltalukio todellakin huippuarvosanoilla, oltiin matkusteltu ainakin Intiaan asti, kyetty<br \/>\nluomaan parisuhde, el\u00e4m\u00e4\u00e4n ja sitten menn\u00e4 ihan yliopistoon asti, mutta t\u00f6it\u00e4 ei pysty tekem\u00e4\u00e4n.<\/p>\n<p>Onko kokeiltu, -tosiaan osa-aikaisena- sit\u00e4 yht\u00e4 ty\u00f6vuoroa viikossa? Ja toisaalta, miksi sitten edes menn\u00e4 yliopistoon, koska eik\u00f6 sielt\u00e4kin jonnekin ty\u00f6el\u00e4m\u00e4\u00e4n aikanaan valmistuta? N\u00e4ist\u00e4 kukaan ei oikeastaan sanonut, ett\u00e4 ty\u00f6tt\u00f6myys h\u00e4vett\u00e4isi ja ahdistaisi, ett\u00e4 suurin halu olisi tulla omillaan toimeen ja ettei tarvitsisi edes mit\u00e4\u00e4n tukia.<\/p>\n<p>Mist\u00e4\u00e4n t\u00e4llaisesta ei ollut puhetta, ett\u00e4 olisivat halunneet tulla omalla ty\u00f6ll\u00e4 toimeen, vaan pit\u00e4\u00e4 olla<br \/>\nolemassa riitt\u00e4v\u00e4sti tukia, ettei tarvitse tehd\u00e4 t\u00f6it\u00e4. Sit\u00e4 en ymm\u00e4rr\u00e4.<\/p>\n<p>Elina Louko<\/p>\n","protected":false},"excerpt":{"rendered":"<p>MOT kertoi ty\u00f6tt\u00f6myystukien leikkaamisesta, -esitetty 21. huhtikuuta. Katselin muutaman p\u00e4iv\u00e4n viiveell\u00e4 tallenteelta MOT-ohjelmaa siit\u00e4, miten tukien leikkaaminen on vaikuttanut ihmisten el\u00e4m\u00e4\u00e4n. MOT-ohjelma muuten on niit\u00e4 harvoja Ylen ohjelmia, joissa on tehty jonkinlaista tutkivaa journalismia ja jotka ovat toisinaan kiinnostavia ja joita katson. No mutta, t\u00e4ss\u00e4 siis seurattiin vuoden ajan ihmisi\u00e4 ja miten istuvan hallituksen leikkaustoimet [&hellip;]<\/p>\n","protected":false},"author":1,"featured_media":6137,"comment_status":"open","ping_status":"open","sticky":false,"template":"","format":"standard","meta":{"footnotes":""},"categories":[11],"tags":[],"_links":{"self":[{"href":"https:\/\/www.uutispeili.fi\/index.php\/wp-json\/wp\/v2\/posts\/6136"}],"collection":[{"href":"https:\/\/www.uutispeili.fi\/index.php\/wp-json\/wp\/v2\/posts"}],"about":[{"href":"https:\/\/www.uutispeili.fi\/index.php\/wp-json\/wp\/v2\/types\/post"}],"author":[{"embeddable":true,"href":"https:\/\/www.uutispeili.fi\/index.php\/wp-json\/wp\/v2\/users\/1"}],"replies":[{"embeddable":true,"href":"https:\/\/www.uutispeili.fi\/index.php\/wp-json\/wp\/v2\/comments?post=6136"}],"version-history":[{"count":1,"href":"https:\/\/www.uutispeili.fi\/index.php\/wp-json\/wp\/v2\/posts\/6136\/revisions"}],"predecessor-version":[{"id":6138,"href":"https:\/\/www.uutispeili.fi\/index.php\/wp-json\/wp\/v2\/posts\/6136\/revisions\/6138"}],"wp:featuredmedia":[{"embeddable":true,"href":"https:\/\/www.uutispeili.fi\/index.php\/wp-json\/wp\/v2\/media\/6137"}],"wp:attachment":[{"href":"https:\/\/www.uutispeili.fi\/index.php\/wp-json\/wp\/v2\/media?parent=6136"}],"wp:term":[{"taxonomy":"category","embeddable":true,"href":"https:\/\/www.uutispeili.fi\/index.php\/wp-json\/wp\/v2\/categories?post=6136"},{"taxonomy":"post_tag","embeddable":true,"href":"https:\/\/www.uutispeili.fi\/index.php\/wp-json\/wp\/v2\/tags?post=6136"}],"curies":[{"name":"wp","href":"https:\/\/api.w.org\/{rel}","templated":true}]}}