{"id":6113,"date":"2025-04-28T20:02:59","date_gmt":"2025-04-28T20:02:59","guid":{"rendered":"https:\/\/www.uutispeili.fi\/?p=6113"},"modified":"2025-04-28T20:24:39","modified_gmt":"2025-04-28T20:24:39","slug":"espanjassa-sahkokatko-paaministeri-rauhoitteli-kansaa","status":"publish","type":"post","link":"https:\/\/www.uutispeili.fi\/index.php\/2025\/04\/28\/espanjassa-sahkokatko-paaministeri-rauhoitteli-kansaa\/","title":{"rendered":"Kyberhy\u00f6kk\u00e4ys mainittu Espanjassa s\u00e4hk\u00f6katkon yhteydess\u00e4, -ei virallista vahvistusta"},"content":{"rendered":"<p><strong>Espanjan\u00a0 historiansa pahin s\u00e4hk\u00f6katko alkoi t\u00e4n\u00e4\u00e4n maanantaina puoleltap\u00e4ivin.\u00a0 Katko ulottuu koko maahan, lukuunottamatta saaria, ja Ceutan ja Melillan erillisalueita.<\/strong><\/p>\n<p>(Kuvassa Madridin pormestari <strong>Jos\u00e9 Luis Mart\u00ednez Almeida<\/strong>, kuval\u00e4hde: X\/Almeida.)<\/p>\n<p>P\u00e4\u00e4ministeri <strong>Pedro S\u00e1nchez<\/strong> esiintyi mediassa klo. 18:00 ja uudelleen 21:30.<\/p>\n<blockquote><p>&#8221;Syit\u00e4 tutkitaan edelleen. On parasta olla spekuloimatta&#8221;, sanoi p\u00e4\u00e4ministeri Pedro S\u00e1nchez<\/p><\/blockquote>\n<p>P\u00e4\u00e4ministeri kehotti espanjalaisia v\u00e4ltt\u00e4m\u00e4\u00e4n matkustamista, k\u00e4ytt\u00e4m\u00e4\u00e4n matkapuhelimia vain lyhyisiin puheluihin, v\u00e4ltt\u00e4m\u00e4\u00e4n ylivoimaisia \u200b\u200bh\u00e4t\u00e4palveluja ja luottamaan yksinomaan virallisiin tietoihin.<\/p>\n<blockquote><p>Espanjan verkko-operaattori <strong>Red Electrica<\/strong> kirjasi jyrk\u00e4n pudotuksen virrankulutuksessa 25 184 MW:sta 12 425 MW:iin noin kello 12.30. paikallista aikaa.<\/p><\/blockquote>\n<p>Joitain poikkeustoimia on otettu k\u00e4ytt\u00f6\u00f6n <strong>Andalusia<\/strong>n, <strong>Extremadura<\/strong>n, <strong>Madrid<\/strong>in ja <strong>Murcia<\/strong>n alueilla, -n\u00e4iden alueiden pyynn\u00f6st\u00e4. Ainakin paikoittain on pystytty palauttamaan esm. 35% s\u00e4hk\u00f6ntarjonnasta. S\u00e4hk\u00f6ntarjonnan palautrumisesta normaaliksi ei ole ennustetta.<\/p>\n<p>Junaliikenne on katkaistu Madridiin, <strong>Barcelona<\/strong>an, <strong>Valencia<\/strong>an, <strong>Sevilla<\/strong>an ja <strong>Pamplona<\/strong>an. <strong>Madrid-Barajas<\/strong>in lentoasema suljettiin. Madridin ja Barcelonan metrot evakuoitiin tunneleiden kautta.<\/p>\n<p>Madridissa koulut avataan huomenna, vaikkei opetusta j\u00e4rjestet\u00e4.<\/p>\n<p>Madridin pormestari <strong>Jos\u00e9 Luis Mart\u00ednez Almeida<\/strong> pyysi t\u00e4n\u00e4 maanantaina kaikkia Madridin asukkaita palaamaan koteihinsa &#8221;mahdollisimman pian&#8221;, koska julkisen valaistuksen virransy\u00f6tt\u00f6\u00e4 ei voida taata.<\/p>\n<p>H\u00e4iri\u00f6 ulottuu ainakin <strong>Ranska<\/strong>an, <strong>Portugal<\/strong>iin, <strong>Belgia<\/strong>an, <strong>Alankomaihin<\/strong>, ja <strong>Andorra<\/strong>an.<\/p>\n<p><strong>Lissabon<\/strong>issa s\u00e4hk\u00f6njakelu onnistuttiin palauttamaan kymmenen aikoihin illalla.<\/p>\n<h2>Ven\u00e4l\u00e4inen julkaisu spekuloi kyberhy\u00f6kk\u00e4yksest\u00e4 h\u00e4iri\u00f6n syyn\u00e4<\/h2>\n<blockquote><p>Portugalin aluekehitysministeri <strong>Manuel Castro Almeida<\/strong> sanoi, ett\u00e4 tapauksen laajuus oli &#8221;verrattavissa kyberhy\u00f6kk\u00e4ykseen&#8221;, vaikka h\u00e4n korosti, ett\u00e4 t\u00e4m\u00e4 oli vahvistamaton tieto. <strong>Espanjan kansallinen kyberturvallisuusinstituutti<\/strong> (INCIBE) on k\u00e4ynnist\u00e4nyt tutkinnan mahdollisesta kyberhy\u00f6kk\u00e4yksest\u00e4, mutta johtop\u00e4\u00e4t\u00f6ksi\u00e4 ei ole viel\u00e4 tehty. (Avia.pro t\u00e4n\u00e4\u00e4n.)<\/p><\/blockquote>\n<p>Espanjan ja Portugalin hallitukset ovat kokoontuneet h\u00e4t\u00e4istuntoihin. Madridissa viranomaiset koordinoivat toimia <strong>Moncloa<\/strong>n kautta, kun taas Ranska ja Belgia ovat valmiustilassa. <strong>Cadena SER<\/strong>:n haastattelemat asiantuntijat eiv\u00e4t sulje pois, ett\u00e4 katkos saattoi johtua teknisest\u00e4 viasta, mutta kyberhy\u00f6kk\u00e4ys on otettava huomioon useiden maiden katkosten samanaikaisuuden perusteella. <img loading=\"lazy\" decoding=\"async\" class=\"alignnone size-full wp-image-144\" src=\"https:\/\/www.uutispeili.fi\/wp-content\/uploads\/2023\/11\/di.gold_.gif\" alt=\"\" width=\"11\" height=\"11\" \/><\/p>\n<p>Luettavaa:<\/p>\n<ul>\n<li><a href=\"https:\/\/elpais.com\/economia\/2025-04-28\/ultima-hora-del-apagon-en-espana.html\" target=\"_blank\" rel=\"noopener\"><strong>El Pais<\/strong><\/a> 29.04. 2025,<\/li>\n<li>https:\/\/x.com\/AlmeidaPP_\/status\/1916936651449749797,<\/li>\n<li><a href=\"https:\/\/avia.pro\/news\/masshtabnyy-blekaut-v-evrope-kiberataka-paralizovala-ispaniyu-portugaliyu-i-drugie-strany\" target=\"_blank\" rel=\"noopener\"><strong>Avia.pro<\/strong><\/a> 29.04. 2025,<\/li>\n<\/ul>\n<blockquote class=\"wp-embedded-content\" data-secret=\"pvPR9INSti\"><p><a href=\"https:\/\/www.uutispeili.fi\/index.php\/2025\/04\/28\/varjolaiva-aiheutti-vaaratilanteen-kalbadagrundin-lahistolla\/\">Varjolaiva aiheutti vaaratilanteen Kalb\u00e5dagrundin l\u00e4hist\u00f6ll\u00e4<\/a><\/p><\/blockquote>\n<p><iframe class=\"wp-embedded-content\" sandbox=\"allow-scripts\" security=\"restricted\" style=\"position: absolute; clip: rect(1px, 1px, 1px, 1px);\" title=\"&#8221;Varjolaiva aiheutti vaaratilanteen Kalb\u00e5dagrundin l\u00e4hist\u00f6ll\u00e4&#8221; &#8212; \" src=\"https:\/\/www.uutispeili.fi\/index.php\/2025\/04\/28\/varjolaiva-aiheutti-vaaratilanteen-kalbadagrundin-lahistolla\/embed\/#?secret=LdytvkVnCe#?secret=pvPR9INSti\" data-secret=\"pvPR9INSti\" width=\"600\" height=\"338\" frameborder=\"0\" marginwidth=\"0\" marginheight=\"0\" scrolling=\"no\"><\/iframe><\/p>\n","protected":false},"excerpt":{"rendered":"<p>Espanjan\u00a0 historiansa pahin s\u00e4hk\u00f6katko alkoi t\u00e4n\u00e4\u00e4n maanantaina puoleltap\u00e4ivin.\u00a0 Katko ulottuu koko maahan, lukuunottamatta saaria, ja Ceutan ja Melillan erillisalueita. (Kuvassa Madridin pormestari Jos\u00e9 Luis Mart\u00ednez Almeida, kuval\u00e4hde: X\/Almeida.) P\u00e4\u00e4ministeri Pedro S\u00e1nchez esiintyi mediassa klo. 18:00 ja uudelleen 21:30. &#8221;Syit\u00e4 tutkitaan edelleen. On parasta olla spekuloimatta&#8221;, sanoi p\u00e4\u00e4ministeri Pedro S\u00e1nchez P\u00e4\u00e4ministeri kehotti espanjalaisia v\u00e4ltt\u00e4m\u00e4\u00e4n matkustamista, k\u00e4ytt\u00e4m\u00e4\u00e4n [&hellip;]<\/p>\n","protected":false},"author":3,"featured_media":6114,"comment_status":"open","ping_status":"open","sticky":false,"template":"","format":"standard","meta":{"footnotes":""},"categories":[59,176],"tags":[],"_links":{"self":[{"href":"https:\/\/www.uutispeili.fi\/index.php\/wp-json\/wp\/v2\/posts\/6113"}],"collection":[{"href":"https:\/\/www.uutispeili.fi\/index.php\/wp-json\/wp\/v2\/posts"}],"about":[{"href":"https:\/\/www.uutispeili.fi\/index.php\/wp-json\/wp\/v2\/types\/post"}],"author":[{"embeddable":true,"href":"https:\/\/www.uutispeili.fi\/index.php\/wp-json\/wp\/v2\/users\/3"}],"replies":[{"embeddable":true,"href":"https:\/\/www.uutispeili.fi\/index.php\/wp-json\/wp\/v2\/comments?post=6113"}],"version-history":[{"count":3,"href":"https:\/\/www.uutispeili.fi\/index.php\/wp-json\/wp\/v2\/posts\/6113\/revisions"}],"predecessor-version":[{"id":6118,"href":"https:\/\/www.uutispeili.fi\/index.php\/wp-json\/wp\/v2\/posts\/6113\/revisions\/6118"}],"wp:featuredmedia":[{"embeddable":true,"href":"https:\/\/www.uutispeili.fi\/index.php\/wp-json\/wp\/v2\/media\/6114"}],"wp:attachment":[{"href":"https:\/\/www.uutispeili.fi\/index.php\/wp-json\/wp\/v2\/media?parent=6113"}],"wp:term":[{"taxonomy":"category","embeddable":true,"href":"https:\/\/www.uutispeili.fi\/index.php\/wp-json\/wp\/v2\/categories?post=6113"},{"taxonomy":"post_tag","embeddable":true,"href":"https:\/\/www.uutispeili.fi\/index.php\/wp-json\/wp\/v2\/tags?post=6113"}],"curies":[{"name":"wp","href":"https:\/\/api.w.org\/{rel}","templated":true}]}}