{"id":6090,"date":"2025-04-26T09:05:38","date_gmt":"2025-04-26T09:05:38","guid":{"rendered":"https:\/\/www.uutispeili.fi\/?p=6090"},"modified":"2025-04-26T09:21:14","modified_gmt":"2025-04-26T09:21:14","slug":"omaishoitajien-tyohuonevahennyksen-sailyminen-kdn-prioriteetti","status":"publish","type":"post","link":"https:\/\/www.uutispeili.fi\/index.php\/2025\/04\/26\/omaishoitajien-tyohuonevahennyksen-sailyminen-kdn-prioriteetti\/","title":{"rendered":"Omaishoitajien ty\u00f6huonev\u00e4hennyksen s\u00e4ilyminen KD:n prioriteetti"},"content":{"rendered":"<p><strong>Kristillisdemokraattien puoluehallitus pit\u00e4\u00e4 t\u00e4rke\u00e4n\u00e4 hallituksen puoliv\u00e4liriihess\u00e4 tekemi\u00e4 panostuksia omais- ja perhehoitoon.<\/strong><\/p>\n<p>(Kuval\u00e4hde: Kristillisdemokraatit.)<\/p>\n<p>P\u00e4\u00e4ministeri <strong>Petteri Orpo<\/strong>n hallitus on sitoutunut omaishoitoa edist\u00e4viin tavoitteisiin. N\u00e4iden tavoitteiden eteenp\u00e4in vieminen kuuluu <strong>KD<\/strong>:n keskeisiin p\u00e4\u00e4m\u00e4\u00e4riin.<\/p>\n<blockquote><p><strong>Omaishoidon<\/strong> alinta palkkiotasoa nostetaan ja perhehoitajien asemaa vahvistetaan 16 miljoonalla eurolla vuodesta 2026 alkaen. Taloudellisen panostuksen lis\u00e4ksi puoluehallitus alleviivasi yhten\u00e4isen kansallisen ohjeistuksen laatimisen merkityst\u00e4 omaishoidon my\u00f6nt\u00e4misperusteille, palkkioluokille ja k\u00e4yt\u00e4nteille.<\/p><\/blockquote>\n<p>KD:n puoluehallitus painottaa <strong>omaishoitajien ty\u00f6huonev\u00e4hennyksen<\/strong> s\u00e4ilymisen varmistamista verov\u00e4hennysten karsimisen yhteydess\u00e4 tapahtuvan kategorisen ty\u00f6huonev\u00e4hennyksen poistuessa.<\/p>\n<p>Omaishoidontukeen tarvitaan yht\u00e4l\u00e4iset kriteerit ja k\u00e4yt\u00e4nteet koko maahan. Nykyisell\u00e4\u00e4n ihmisten yhdenvertaisuus ei toteudu, kun saman hoitoisuuden tason palkkioluokat ja my\u00f6nt\u00e4misperusteet vaihtelevat hyvinvointialueittain.<\/p>\n<blockquote><p>Puoluehallitus patistaa my\u00f6s aloittavia hyvinvointialueiden valtuustoja panostamaan omais- ja perhehoitoon. Omaishoito on hoidettavan n\u00e4k\u00f6kulmasta inhimillinen hoitomuoto. Hyvin tuettunakin kustannukset ovat julkiselle sektorille selv\u00e4sti alhaisemmat kuin laitoshoidon.<\/p><\/blockquote>\n<h2>Omaishoidon ottaminen\u00a0 s\u00e4\u00e4st\u00f6kohteeksi\u00a0 -osalla hyvinvointialueista- on lyhytn\u00e4k\u00f6ist\u00e4<\/h2>\n<p>Osalla <strong>hyvinvointialueita<\/strong> omaishoito on otettu s\u00e4\u00e4st\u00f6kohteeksi, mik\u00e4 on lyhytn\u00e4k\u00f6ist\u00e4. Tuen v\u00e4hent\u00e4minen heikent\u00e4\u00e4 omaishoitajien jaksamista ja koettelee monen perheen tilannetta entisest\u00e4\u00e4n. Lis\u00e4ksi se tulee pidemm\u00e4n p\u00e4\u00e4lle kalliimmaksi kasvaneiden ymp\u00e4rivuorokautisten palveluiden tarpeen takia.<\/p>\n<blockquote><p>P\u00e4invastoin, hyvinvointialueilla on panostettava omaishoitajien jaksamiseen tarjoamalla heille tukea ja mahdollisuuden vapaaseen, virkistymiseen sek\u00e4 kuntoutukseen.<\/p><\/blockquote>\n<p>Hyvinvointia voidaan edist\u00e4\u00e4 esimerkiksi my\u00f6nt\u00e4m\u00e4ll\u00e4 sopimusomaishoitajille oikeus maksuttomiin liikuntapalveluihin. On t\u00e4rke\u00e4\u00e4, ett\u00e4 hoidettavalle on olemassa soveltuva, korvaava hoitopaikka, johon omaisen uskaltaa j\u00e4tt\u00e4\u00e4 hoidettavaksi ilman huolta t\u00e4m\u00e4n kunnon nopeasta heikkenemisest\u00e4. Perhehoito tai kotiin tuleva hoitaja on monesti hyv\u00e4 ratkaisu.<\/p>\n<p>Selvitys omaishoidon lakis\u00e4\u00e4teisyydest\u00e4 ja siirt\u00e4misest\u00e4 <strong>Kela<\/strong>n maksettavaksi ovat seuraavia askeleita, kuten hallitus puoliv\u00e4liriihess\u00e4 linjasi. <img loading=\"lazy\" decoding=\"async\" class=\"alignnone size-full wp-image-144\" src=\"https:\/\/www.uutispeili.fi\/wp-content\/uploads\/2023\/11\/di.gold_.gif\" alt=\"\" width=\"11\" height=\"11\" \/><\/p>\n<p>(Uutispeili ei ole muokannut artikkelin sis\u00e4lt\u00f6\u00e4,)<\/p>\n","protected":false},"excerpt":{"rendered":"<p>Kristillisdemokraattien puoluehallitus pit\u00e4\u00e4 t\u00e4rke\u00e4n\u00e4 hallituksen puoliv\u00e4liriihess\u00e4 tekemi\u00e4 panostuksia omais- ja perhehoitoon. (Kuval\u00e4hde: Kristillisdemokraatit.) P\u00e4\u00e4ministeri Petteri Orpon hallitus on sitoutunut omaishoitoa edist\u00e4viin tavoitteisiin. N\u00e4iden tavoitteiden eteenp\u00e4in vieminen kuuluu KD:n keskeisiin p\u00e4\u00e4m\u00e4\u00e4riin. Omaishoidon alinta palkkiotasoa nostetaan ja perhehoitajien asemaa vahvistetaan 16 miljoonalla eurolla vuodesta 2026 alkaen. Taloudellisen panostuksen lis\u00e4ksi puoluehallitus alleviivasi yhten\u00e4isen kansallisen ohjeistuksen laatimisen merkityst\u00e4 omaishoidon [&hellip;]<\/p>\n","protected":false},"author":3,"featured_media":2976,"comment_status":"open","ping_status":"open","sticky":false,"template":"","format":"standard","meta":{"footnotes":""},"categories":[25],"tags":[],"_links":{"self":[{"href":"https:\/\/www.uutispeili.fi\/index.php\/wp-json\/wp\/v2\/posts\/6090"}],"collection":[{"href":"https:\/\/www.uutispeili.fi\/index.php\/wp-json\/wp\/v2\/posts"}],"about":[{"href":"https:\/\/www.uutispeili.fi\/index.php\/wp-json\/wp\/v2\/types\/post"}],"author":[{"embeddable":true,"href":"https:\/\/www.uutispeili.fi\/index.php\/wp-json\/wp\/v2\/users\/3"}],"replies":[{"embeddable":true,"href":"https:\/\/www.uutispeili.fi\/index.php\/wp-json\/wp\/v2\/comments?post=6090"}],"version-history":[{"count":2,"href":"https:\/\/www.uutispeili.fi\/index.php\/wp-json\/wp\/v2\/posts\/6090\/revisions"}],"predecessor-version":[{"id":6092,"href":"https:\/\/www.uutispeili.fi\/index.php\/wp-json\/wp\/v2\/posts\/6090\/revisions\/6092"}],"wp:featuredmedia":[{"embeddable":true,"href":"https:\/\/www.uutispeili.fi\/index.php\/wp-json\/wp\/v2\/media\/2976"}],"wp:attachment":[{"href":"https:\/\/www.uutispeili.fi\/index.php\/wp-json\/wp\/v2\/media?parent=6090"}],"wp:term":[{"taxonomy":"category","embeddable":true,"href":"https:\/\/www.uutispeili.fi\/index.php\/wp-json\/wp\/v2\/categories?post=6090"},{"taxonomy":"post_tag","embeddable":true,"href":"https:\/\/www.uutispeili.fi\/index.php\/wp-json\/wp\/v2\/tags?post=6090"}],"curies":[{"name":"wp","href":"https:\/\/api.w.org\/{rel}","templated":true}]}}