{"id":6078,"date":"2025-04-25T14:19:25","date_gmt":"2025-04-25T14:19:25","guid":{"rendered":"https:\/\/www.uutispeili.fi\/?p=6078"},"modified":"2025-04-25T14:19:26","modified_gmt":"2025-04-25T14:19:26","slug":"pohjoismainen-puolustusyhteistyo-heraamassa-uuteen-aikaan","status":"publish","type":"post","link":"https:\/\/www.uutispeili.fi\/index.php\/2025\/04\/25\/pohjoismainen-puolustusyhteistyo-heraamassa-uuteen-aikaan\/","title":{"rendered":"Pohjoismainen puolustusyhteisty\u00f6 her\u00e4\u00e4m\u00e4ss\u00e4 uuteen aikaan"},"content":{"rendered":"<p><strong>Eduskunnan Nato-valtuuskunnan j\u00e4sen ja Naton parlamentaarisen yleiskokouksen varapuheenjohtaja Mikko Savola vieraili Tukholmassa ja Oslossa keskiviikkona ja torstaina.<\/strong><\/p>\n<p>(Arkistokuva. kuval\u00e4hde: Eduskunta.)<\/p>\n<p><strong>Mikko Savola <\/strong>(kesk.) tapasi liittolaismaiden parlamenttien Nato-valtuuskuntia, ulkoasiain- ja puolustusvaliokuntien johtoa sek\u00e4 puolustusvoimien ja puolustusteollisuuden edustajia.<\/p>\n<p><strong>Naton parlamentaarisen yleiskokouksen<\/strong> ainoana pohjoismaalaisena puheenjohtajiston j\u00e4senen\u00e4 Savola avasi kollegoilleen yleiskokouksen seuraavan p\u00e4\u00e4sihteerin valintaprosessia, <strong>Dayton<\/strong>issa j\u00e4rjestett\u00e4v\u00e4n kev\u00e4tkokouksen valmisteluja sek\u00e4 tulevia julkilausumia <strong>Ukraina<\/strong>an ja Naton kes\u00e4kuun <strong>Haag<\/strong>in huippukokoukseen liittyen. Keskusteluissa nousi esille my\u00f6s huoli <strong>Yhdysvaltojen<\/strong> mahdollisesti muuttuneista kannoista mm. Ukrainan Nato-polkuun.<\/p>\n<blockquote><p>\u201dPohjoismaisia puolustushankintoja ja -teollisuusinvestointeja tulisi lis\u00e4t\u00e4\u201d<\/p><\/blockquote>\n<p>P\u00e4\u00e4kaupungeissa keskusteltiin my\u00f6s pohjoismaisen puolustusteollisuuden ja yhteisten puolustusmateriaalihankintojen n\u00e4kymist\u00e4. <strong>Ruotsi<\/strong> ja <strong>Norja<\/strong> ovat nostamassa puolustusmenojen osuutta bruttokansantuotteesta v\u00e4hint\u00e4\u00e4n kolmeen prosenttiin, riippuen Haagin huippukokouksen linjauksista. Maat ovat tekem\u00e4ss\u00e4 tuntuvia satsauksia mm. sukellusvene- ja fregattihankkeisiin.<\/p>\n<p>Mikko Savola huomauttaa, ett\u00e4 suomalaisen puolustusteollisuusosaamisen kysynt\u00e4 on kasvanut jatkuvasti ja viimeist\u00e4\u00e4n Nato-j\u00e4senyyden my\u00f6t\u00e4 yhteishankintojen tekeminen mm. Ruotsin ja Norjan kanssa on mutkatonta ja t\u00e4ynn\u00e4 mahdollisuuksia.<\/p>\n<blockquote><p>\u201dVahvan maanpuolustuskyvyn, Nato-j\u00e4senyyden ja muiden yhteisty\u00f6muotojen rinnalla my\u00f6s pohjoismaisen puolustusteollisen yhteisty\u00f6n tulisi olla jatkossa entist\u00e4 vahvempi kivijalka Suomen puolustuspolitiikassa\u201d, Savola toteaa.<\/p><\/blockquote>\n<p>Materiaalihankintojen ja puolustusyhteisty\u00f6n lis\u00e4ksi Norjan ja Ruotsin kansanedustajat avasivat Savolalle n\u00e4kemyksi\u00e4\u00e4n Yhdysvalloista, uusien varusmiesten ja ammattisotilaiden rekrytoinnista ja ajankohtaisesta lains\u00e4\u00e4d\u00e4nt\u00f6ty\u00f6st\u00e4.<\/p>\n<p>\u201d<em>Keskustelut Pohjoismaiden kollegojen kanssa vahvistivat k\u00e4sityst\u00e4ni siit\u00e4, ett\u00e4 ty\u00f6voiman saaminen puolustusvoimien teht\u00e4viin on Suomessa jouhevaa, johtuen yleiseen asevelvollisuuteen pohjautuvasta kest\u00e4v\u00e4st\u00e4 ja onnistuneesta varusmieskoulutusperinteest\u00e4. Suomen maanpuolustustahtoa korkealla tasolla pit\u00e4vist\u00e4 perinteisist\u00e4 kulmakivist\u00e4 kannattaa pit\u00e4\u00e4 kiinni<\/em>\u201d, Savola korostaa. <img loading=\"lazy\" decoding=\"async\" class=\"alignnone size-full wp-image-144\" src=\"https:\/\/www.uutispeili.fi\/wp-content\/uploads\/2023\/11\/di.gold_.gif\" alt=\"\" width=\"11\" height=\"11\" \/><\/p>\n<p>(Uutispeili ei ole muokannut artikkelin sis\u00e4lt\u00f6\u00e4.)<\/p>\n","protected":false},"excerpt":{"rendered":"<p>Eduskunnan Nato-valtuuskunnan j\u00e4sen ja Naton parlamentaarisen yleiskokouksen varapuheenjohtaja Mikko Savola vieraili Tukholmassa ja Oslossa keskiviikkona ja torstaina. (Arkistokuva. kuval\u00e4hde: Eduskunta.) Mikko Savola (kesk.) tapasi liittolaismaiden parlamenttien Nato-valtuuskuntia, ulkoasiain- ja puolustusvaliokuntien johtoa sek\u00e4 puolustusvoimien ja puolustusteollisuuden edustajia. Naton parlamentaarisen yleiskokouksen ainoana pohjoismaalaisena puheenjohtajiston j\u00e4senen\u00e4 Savola avasi kollegoilleen yleiskokouksen seuraavan p\u00e4\u00e4sihteerin valintaprosessia, Daytonissa j\u00e4rjestett\u00e4v\u00e4n kev\u00e4tkokouksen valmisteluja sek\u00e4 [&hellip;]<\/p>\n","protected":false},"author":3,"featured_media":4702,"comment_status":"open","ping_status":"open","sticky":false,"template":"","format":"standard","meta":{"footnotes":""},"categories":[49,73,65],"tags":[],"_links":{"self":[{"href":"https:\/\/www.uutispeili.fi\/index.php\/wp-json\/wp\/v2\/posts\/6078"}],"collection":[{"href":"https:\/\/www.uutispeili.fi\/index.php\/wp-json\/wp\/v2\/posts"}],"about":[{"href":"https:\/\/www.uutispeili.fi\/index.php\/wp-json\/wp\/v2\/types\/post"}],"author":[{"embeddable":true,"href":"https:\/\/www.uutispeili.fi\/index.php\/wp-json\/wp\/v2\/users\/3"}],"replies":[{"embeddable":true,"href":"https:\/\/www.uutispeili.fi\/index.php\/wp-json\/wp\/v2\/comments?post=6078"}],"version-history":[{"count":1,"href":"https:\/\/www.uutispeili.fi\/index.php\/wp-json\/wp\/v2\/posts\/6078\/revisions"}],"predecessor-version":[{"id":6079,"href":"https:\/\/www.uutispeili.fi\/index.php\/wp-json\/wp\/v2\/posts\/6078\/revisions\/6079"}],"wp:featuredmedia":[{"embeddable":true,"href":"https:\/\/www.uutispeili.fi\/index.php\/wp-json\/wp\/v2\/media\/4702"}],"wp:attachment":[{"href":"https:\/\/www.uutispeili.fi\/index.php\/wp-json\/wp\/v2\/media?parent=6078"}],"wp:term":[{"taxonomy":"category","embeddable":true,"href":"https:\/\/www.uutispeili.fi\/index.php\/wp-json\/wp\/v2\/categories?post=6078"},{"taxonomy":"post_tag","embeddable":true,"href":"https:\/\/www.uutispeili.fi\/index.php\/wp-json\/wp\/v2\/tags?post=6078"}],"curies":[{"name":"wp","href":"https:\/\/api.w.org\/{rel}","templated":true}]}}