{"id":6076,"date":"2025-04-24T15:48:31","date_gmt":"2025-04-24T15:48:31","guid":{"rendered":"https:\/\/www.uutispeili.fi\/?p=6076"},"modified":"2025-04-24T15:48:32","modified_gmt":"2025-04-24T15:48:32","slug":"sivistysvaliokunnan-perussuomalaiset-kouluissa-laitetaan-kannykoille-rajat","status":"publish","type":"post","link":"https:\/\/www.uutispeili.fi\/index.php\/2025\/04\/24\/sivistysvaliokunnan-perussuomalaiset-kouluissa-laitetaan-kannykoille-rajat\/","title":{"rendered":"Sivistysvaliokunnan perussuomalaiset: Kouluissa laitetaan k\u00e4nnyk\u00f6ille rajat"},"content":{"rendered":"<p><strong>Sivistysvaliokunnan perussuomalainen ryhm\u00e4 iloitsee siit\u00e4, ett\u00e4 hallituksen esitys oppilaiden mobiililaitteiden k\u00e4yt\u00f6n rajoittamisesta oppituntien aikana etenee. <\/strong><\/p>\n<p>Kyseess\u00e4 on perussuomalaisille t\u00e4rke\u00e4 ja pitk\u00e4aikaisesti ajettu tavoite, joka viimein etenee lains\u00e4\u00e4d\u00e4nt\u00f6\u00f6n.<\/p>\n<blockquote><p>&#8211; Vihdoin on tunnustettu se todellisuus, ett\u00e4 \u00e4lypuhelimet h\u00e4iritsev\u00e4t opetusta, heikent\u00e4v\u00e4t keskittymist\u00e4 ja kuormittavat nuoria. \u00c4lypuhelin ei kuulu oppitunnille, korostaa sivistysvaliokunnan varapuheenjohtaja <strong>Ari Koponen<\/strong> (ps.).<\/p><\/blockquote>\n<p>Tutkimustieto tukee vahvasti s\u00e4\u00e4ntelyn kirist\u00e4mist\u00e4. Mobiililaitteiden liiallinen k\u00e4ytt\u00f6 on yhteydess\u00e4 levottomuuteen, unih\u00e4iri\u00f6ihin, keskittymisvaikeuksiin ja uupumukseen. T\u00e4m\u00e4 n\u00e4kyy oppimistuloksissa ja kouluviihtyvyydess\u00e4.<\/p>\n<blockquote><p>&#8211; Lasten ja nuorten aivoterveys vaatii rauhallisia hetki\u00e4 ilman jatkuvaa \u00e4rsyketulvaa. T\u00e4ll\u00e4 taataan, ett\u00e4 lasten oikeus oppimiseen toteutuu k\u00e4yt\u00e4nn\u00f6ss\u00e4, ei vain teoriassa, painottaa sivistysvaliokunnan j\u00e4sen <strong>Laura Huhtasaari<\/strong> (ps.).<\/p><\/blockquote>\n<p>Perussuomalaiset haluavat, ett\u00e4 k\u00e4nnykk\u00e4kielto ei koske vain oppitunteja, vaan my\u00f6s koulup\u00e4iv\u00e4n muita osia, kuten v\u00e4litunteja ja siirtymi\u00e4. Nyt tuleva laki mahdollistaa sen, ett\u00e4 koulut voivat j\u00e4rjestyss\u00e4\u00e4nn\u00f6iss\u00e4\u00e4n kielt\u00e4\u00e4 mobiililaitteet koko koulup\u00e4iv\u00e4n ajaksi.<\/p>\n<blockquote><p>&#8211; On erinomaista, ett\u00e4 lakiin kirjataan nyt mahdollisuus kielt\u00e4\u00e4 k\u00e4nnyk\u00e4t koko koulup\u00e4iv\u00e4n ajaksi. Opetushallituksen tulee tehd\u00e4 selke\u00e4t ohjeet j\u00e4rjestyss\u00e4\u00e4nt\u00f6jen luomiseksi, jotta kunnille ja kouluille on asia selke\u00e4n\u00e4 lain astuessa voimaan, sanoo Opetushallituksen johtokunnan ja sivistysvaliokunnan j\u00e4sen <strong>Jaana Strandman<\/strong> (ps.).<\/p><\/blockquote>\n<p>Sivistysvaliokunnan perussuomalaiset korostavat, ett\u00e4 t\u00e4ss\u00e4 siirryt\u00e4\u00e4n digivillityksest\u00e4 digiviisauteen. T\u00e4m\u00e4 on yksi askel oikeaan suuntaan aiempien virheiden korjaamisessa, mit\u00e4 perussuomalaiset ovat m\u00e4\u00e4r\u00e4tietoisesti ajaneet. J\u00e4senten mukaan esitys tukee koulurauhaa ja palauttaa keskittymisen oikeisiin asioihin, eli oppimiseen.<\/p>\n<blockquote><p>&#8211; Vastuullinen digik\u00e4ytt\u00e4ytyminen ei synny vapaudesta r\u00e4pl\u00e4t\u00e4 puhelinta koko p\u00e4iv\u00e4n. Se syntyy opetuksesta ja rajojen asettamisesta. Meid\u00e4n aikuisten vastuulla on rajojen asettaminen ja lasten aivoterveydest\u00e4 huolehtiminen, toteaa sivistysvaliokunnan j\u00e4sen <strong>Sara Sepp\u00e4nen<\/strong> (ps.).<\/p><\/blockquote>\n<p>Laki tulee voimaan 1.8.2025. Laissa on erikseen huomioitu poikkeukset niiden osalta, jotka tarvitsevat k\u00e4nnykk\u00e4\u00e4ns\u00e4 henkil\u00f6kohtaiseen terveydenhoitoon. <img loading=\"lazy\" decoding=\"async\" class=\"alignnone size-full wp-image-144\" src=\"https:\/\/www.uutispeili.fi\/wp-content\/uploads\/2023\/11\/di.gold_.gif\" alt=\"\" width=\"11\" height=\"11\" \/><\/p>\n<p>(Uutispeili ei le muokannut artikkelin sis\u00e4lt\u00f6\u00e4.)<\/p>\n","protected":false},"excerpt":{"rendered":"<p>Sivistysvaliokunnan perussuomalainen ryhm\u00e4 iloitsee siit\u00e4, ett\u00e4 hallituksen esitys oppilaiden mobiililaitteiden k\u00e4yt\u00f6n rajoittamisesta oppituntien aikana etenee. Kyseess\u00e4 on perussuomalaisille t\u00e4rke\u00e4 ja pitk\u00e4aikaisesti ajettu tavoite, joka viimein etenee lains\u00e4\u00e4d\u00e4nt\u00f6\u00f6n. &#8211; Vihdoin on tunnustettu se todellisuus, ett\u00e4 \u00e4lypuhelimet h\u00e4iritsev\u00e4t opetusta, heikent\u00e4v\u00e4t keskittymist\u00e4 ja kuormittavat nuoria. \u00c4lypuhelin ei kuulu oppitunnille, korostaa sivistysvaliokunnan varapuheenjohtaja Ari Koponen (ps.). Tutkimustieto tukee vahvasti [&hellip;]<\/p>\n","protected":false},"author":3,"featured_media":5463,"comment_status":"open","ping_status":"open","sticky":false,"template":"","format":"standard","meta":{"footnotes":""},"categories":[49,25,42],"tags":[],"_links":{"self":[{"href":"https:\/\/www.uutispeili.fi\/index.php\/wp-json\/wp\/v2\/posts\/6076"}],"collection":[{"href":"https:\/\/www.uutispeili.fi\/index.php\/wp-json\/wp\/v2\/posts"}],"about":[{"href":"https:\/\/www.uutispeili.fi\/index.php\/wp-json\/wp\/v2\/types\/post"}],"author":[{"embeddable":true,"href":"https:\/\/www.uutispeili.fi\/index.php\/wp-json\/wp\/v2\/users\/3"}],"replies":[{"embeddable":true,"href":"https:\/\/www.uutispeili.fi\/index.php\/wp-json\/wp\/v2\/comments?post=6076"}],"version-history":[{"count":1,"href":"https:\/\/www.uutispeili.fi\/index.php\/wp-json\/wp\/v2\/posts\/6076\/revisions"}],"predecessor-version":[{"id":6077,"href":"https:\/\/www.uutispeili.fi\/index.php\/wp-json\/wp\/v2\/posts\/6076\/revisions\/6077"}],"wp:featuredmedia":[{"embeddable":true,"href":"https:\/\/www.uutispeili.fi\/index.php\/wp-json\/wp\/v2\/media\/5463"}],"wp:attachment":[{"href":"https:\/\/www.uutispeili.fi\/index.php\/wp-json\/wp\/v2\/media?parent=6076"}],"wp:term":[{"taxonomy":"category","embeddable":true,"href":"https:\/\/www.uutispeili.fi\/index.php\/wp-json\/wp\/v2\/categories?post=6076"},{"taxonomy":"post_tag","embeddable":true,"href":"https:\/\/www.uutispeili.fi\/index.php\/wp-json\/wp\/v2\/tags?post=6076"}],"curies":[{"name":"wp","href":"https:\/\/api.w.org\/{rel}","templated":true}]}}