{"id":606,"date":"2023-12-22T21:07:44","date_gmt":"2023-12-22T21:07:44","guid":{"rendered":"https:\/\/www.uutispeili.fi\/?p=606"},"modified":"2023-12-22T21:07:44","modified_gmt":"2023-12-22T21:07:44","slug":"matkustajakone-sivuutti-ilmapallon-lahietaisyydelta","status":"publish","type":"post","link":"https:\/\/www.uutispeili.fi\/index.php\/2023\/12\/22\/matkustajakone-sivuutti-ilmapallon-lahietaisyydelta\/","title":{"rendered":"Matkustajakone sivuutti ilmapallon l\u00e4hiet\u00e4isyydelt\u00e4"},"content":{"rendered":"<p><strong>Porto Alegrosta Rio de Janeiroon lent\u00e4v\u00e4t matkustajat saivat ihailla sunnuntaina (17.12,) l\u00e4hiet\u00e4isyydelt\u00e4 lent\u00e4v\u00e4\u00e4 esinett\u00e4, jonka he eiv\u00e4t todellakaan halunneet olevan siell\u00e4.<\/strong><\/p>\n<p>(Kuva-aineisto: Instagram.)<\/p>\n<p>Matkustamon ikkunasta hienoja maisemia kuvannut matkustaja sai kameran t\u00e4ht\u00e4imeen lent\u00e4v\u00e4n esineen, jonka Boeing 737:n siivenk\u00e4rki ohitti melkoisen l\u00e4helt\u00e4.<\/p>\n<p>Kone laskeutui normaalisti, eik\u00e4 uutinen kerro oliko kell\u00e4\u00e4n kiirett\u00e4 baariin, kun kone laskeutui Rioon. <img loading=\"lazy\" decoding=\"async\" class=\"alignnone size-full wp-image-144\" src=\"https:\/\/www.uutispeili.fi\/wp-content\/uploads\/2023\/11\/di.gold_.gif\" alt=\"\" width=\"11\" height=\"11\" \/><\/p>\n<p>Asiasta kertoi:<\/p>\n<ul>\n<li><a href=\"https:\/\/airlive.net\/news\/2023\/12\/22\/a-gol-boeing-737-max-8-aircraft-flew-only-few-meters-from-an-unmanned-balloon\/\" target=\"_blank\" rel=\"noopener\">Airlive.net<\/a> 22.12. 2023,<\/li>\n<li>Katso video <a href=\"https:\/\/www.instagram.com\/p\/C09JGBxON7n\/\" target=\"_blank\" rel=\"noopener\">Instagrammissa<\/a>,<\/li>\n<\/ul>\n","protected":false},"excerpt":{"rendered":"<p>Porto Alegrosta Rio de Janeiroon lent\u00e4v\u00e4t matkustajat saivat ihailla sunnuntaina (17.12,) l\u00e4hiet\u00e4isyydelt\u00e4 lent\u00e4v\u00e4\u00e4 esinett\u00e4, jonka he eiv\u00e4t todellakaan halunneet olevan siell\u00e4. (Kuva-aineisto: Instagram.) Matkustamon ikkunasta hienoja maisemia kuvannut matkustaja sai kameran t\u00e4ht\u00e4imeen lent\u00e4v\u00e4n esineen, jonka Boeing 737:n siivenk\u00e4rki ohitti melkoisen l\u00e4helt\u00e4. Kone laskeutui normaalisti, eik\u00e4 uutinen kerro oliko kell\u00e4\u00e4n kiirett\u00e4 baariin, kun kone laskeutui Rioon. [&hellip;]<\/p>\n","protected":false},"author":3,"featured_media":607,"comment_status":"open","ping_status":"open","sticky":false,"template":"","format":"standard","meta":{"footnotes":""},"categories":[7],"tags":[],"_links":{"self":[{"href":"https:\/\/www.uutispeili.fi\/index.php\/wp-json\/wp\/v2\/posts\/606"}],"collection":[{"href":"https:\/\/www.uutispeili.fi\/index.php\/wp-json\/wp\/v2\/posts"}],"about":[{"href":"https:\/\/www.uutispeili.fi\/index.php\/wp-json\/wp\/v2\/types\/post"}],"author":[{"embeddable":true,"href":"https:\/\/www.uutispeili.fi\/index.php\/wp-json\/wp\/v2\/users\/3"}],"replies":[{"embeddable":true,"href":"https:\/\/www.uutispeili.fi\/index.php\/wp-json\/wp\/v2\/comments?post=606"}],"version-history":[{"count":6,"href":"https:\/\/www.uutispeili.fi\/index.php\/wp-json\/wp\/v2\/posts\/606\/revisions"}],"predecessor-version":[{"id":613,"href":"https:\/\/www.uutispeili.fi\/index.php\/wp-json\/wp\/v2\/posts\/606\/revisions\/613"}],"wp:featuredmedia":[{"embeddable":true,"href":"https:\/\/www.uutispeili.fi\/index.php\/wp-json\/wp\/v2\/media\/607"}],"wp:attachment":[{"href":"https:\/\/www.uutispeili.fi\/index.php\/wp-json\/wp\/v2\/media?parent=606"}],"wp:term":[{"taxonomy":"category","embeddable":true,"href":"https:\/\/www.uutispeili.fi\/index.php\/wp-json\/wp\/v2\/categories?post=606"},{"taxonomy":"post_tag","embeddable":true,"href":"https:\/\/www.uutispeili.fi\/index.php\/wp-json\/wp\/v2\/tags?post=606"}],"curies":[{"name":"wp","href":"https:\/\/api.w.org\/{rel}","templated":true}]}}