{"id":6004,"date":"2025-04-17T09:08:50","date_gmt":"2025-04-17T09:08:50","guid":{"rendered":"https:\/\/www.uutispeili.fi\/?p=6004"},"modified":"2025-04-17T09:08:50","modified_gmt":"2025-04-17T09:08:50","slug":"johannes-yrttiaho-vas-esittaa-yhteistyota-turun-vasemmiston-paikkakadon-estamiseksi","status":"publish","type":"post","link":"https:\/\/www.uutispeili.fi\/index.php\/2025\/04\/17\/johannes-yrttiaho-vas-esittaa-yhteistyota-turun-vasemmiston-paikkakadon-estamiseksi\/","title":{"rendered":"Johannes Yrttiaho (vas) esitt\u00e4\u00e4 yhteisty\u00f6t\u00e4 Turun vasemmiston paikkakadon est\u00e4miseksi"},"content":{"rendered":"<p><strong>Vasemmistoliiton kansanedustaja, ja &#8217;<em>Asukkaiden Turku<\/em>&#8217; -listalta kaupunginvaltuustoon valittu Johannes Yrttiaho ottaa kantaa vaalitulokseen: &#8217;<em>Kunta- ja aluevaalit olivat selv\u00e4 viesti <\/em>(Petteri)<em> Orpon hallitukselle, ett\u00e4 nyt<\/em> <em>riitt\u00e4\u00e4<\/em>.&#8217;<\/strong><\/p>\n<p>(Arkistokuva, kuval\u00e4hde: eduskunta.)<\/p>\n<p>Tyytym\u00e4tt\u00f6myys hallituksen leikkauspolitiikkaan kanavoitui oppositiopuolueille. Isoissa kaupungeissa etenkin <strong>sosiaalidemokraatit<\/strong> nousivat. Yrttiaho toivoo, ett\u00e4 <strong>Turussakin<\/strong> kaupungin johdon siirtyminen sdp:lle avaisi mahdollisuuden leikkauspolitiikan lopettamiseen ja valtuuston vallan palauttamiseen.<\/p>\n<blockquote><p>&#8211; Vaalitulokseen sis\u00e4ltyy riski, ett\u00e4 sdp l\u00e4henee valtakunnan politiikassa <strong>Kokoomusta<\/strong> tulevaa sinipunahallitusta pohjustaen. Jos n\u00e4in k\u00e4y, ei muutos p\u00e4\u00e4se toteutumaan, Yrttiaho pelk\u00e4\u00e4.<\/p><\/blockquote>\n<p>Isoissa kaupungeissa, kuten Turussa, sdp:n ja kokoomuksen yhteisty\u00f6ll\u00e4 on pitk\u00e4t perinteet. Turussa voittanut vihre\u00e4t on t\u00e4h\u00e4n saakka l\u00f6yt\u00e4nyt yhteisty\u00f6kumppanin mieluiten kokoomuksesta.<\/p>\n<h2>Yrttiaholle Turussa 848 \u00e4\u00e4nt\u00e4 kuntavaaleissa<\/h2>\n<p>Yrttiaho itse tuli valituksi viidennelle kaudelle Turun kaupunginvaltuustoon 848 \u00e4\u00e4nell\u00e4. <strong>Asukkaiden Turku<\/strong> -lista ker\u00e4si yhteens\u00e4 l\u00e4hes kahden tuhannen turkulaisen tuen. \u00c4\u00e4net tulivat etenkin l\u00e4hi\u00f6ist\u00e4, joissa \u00e4\u00e4nestysprosentti muuten j\u00e4i alhaiseksi.<\/p>\n<p>&#8217;Asukkaiden Turku&#8217;-lista sai alkunsa vasta kaksi kuukautta ennen vaaleja, kun <strong>Turun Vasemmistoliiton<\/strong> johto esti puolueen istuvien valtuutettujen ja useiden aktiivien ehdokkuuden. Yrttiaho asettui listan ehdokkaaksi vasta maaliskuun alussa, kun h\u00e4nen aluevaaliehdokkuutensakin peruttiin.<\/p>\n<p>Turun kuntavaaleissa Vasemmistoliitto menetti valtuustopaikan, vaikka muu oppositio voitti selv\u00e4sti ja puolue eteni muissa suurissa kaupungeissa. Tappiolla on konkreettinen vaikutus vaalien j\u00e4lkeiseen vallanjakoon, sill\u00e4 hallitus- ja lautakuntapaikat jaetaan vaalituloksen suhteessa.<\/p>\n<h2>Vasemmisto menetti lautakuntapaikkoja<\/h2>\n<p><strong>Pormestarimallin<\/strong> mukaisesti lautakuntia on p\u00e4\u00e4tetty pienent\u00e4\u00e4. Kymmenell\u00e4 valtuutetulla puolue saa 9-j\u00e4senisiin lautakuntiin vain yhden j\u00e4senen. Yhdell\u00e4toista valtuutetulla j\u00e4seni\u00e4 tulisi valittua edelleen kaksi.<\/p>\n<blockquote><p>&#8211; Varoitin t\u00e4st\u00e4, kun ehdokkuutemme estettiin, toruu Yrttiaho.<\/p>\n<p>&#8211; Esit\u00e4n nyt, ett\u00e4 yhdist\u00e4mme voimamme kaikkien toimielinten vasemmistoedustuksen turvaamiseksi. Se olisi samalla askel ryhmien yhdist\u00e4miseksi, Yrttiaho sanoo. H\u00e4n muistuttaa, ett\u00e4 on pyrkinyt neuvottelemaan yhten\u00e4isyyden puolesta jo pitk\u00e4\u00e4n.<\/p><\/blockquote>\n<p>Yrttiaho perusteli ennen vaaleja ehdokkuuttaan Asukkaiden Turun -listalla vasemmiston kannatuksen turvaamisella Turussa.<\/p>\n<h2>&#8221;<em>Meid\u00e4n on yhdess\u00e4 huolehdittava siit\u00e4, ett\u00e4 vasemmiston oma \u00e4\u00e4ni kuuluu<\/em>&#8221;<\/h2>\n<blockquote><p>&#8211; Se toteutui. Jos paikkamme lasketaan yhteen, ei vasemmisto menett\u00e4nyt. T\u00e4m\u00e4 oli turvaamistoimi, Yrttiaho sanoo.<\/p><\/blockquote>\n<p>&#8211; Meid\u00e4n on yhdess\u00e4 huolehdittava siit\u00e4, ett\u00e4 vasemmiston oma \u00e4\u00e4ni kuuluu. Vain niin saamme sdp:n ja vihre\u00e4t vasemmalle, pois kokoomuksen kyljest\u00e4.<\/p>\n<p>&#8211; Eduskunnassa vasemmisto on t\u00e4ll\u00e4 reseptill\u00e4 tehnyt n\u00e4kyv\u00e4\u00e4 j\u00e4lke\u00e4, mink\u00e4 valtakunnallinen hyv\u00e4 vaalitulos osoitti, Vasemmistoliiton kansanedustaja muistuttaa.<\/p>\n<p>Asukkaiden Turku -valtuustoryhm\u00e4n puheenjohtajana alkavalla kaudella toimii Yrttiaho, varapuheenjohtajana 1. varavaltuutetuksi 379 \u00e4\u00e4nell\u00e4 valittu FM, projektikoordinaattori <strong>Elina Sandelin<\/strong>. Ryhm\u00e4n toinen varavaltuutettu on 117 \u00e4\u00e4nell\u00e4 opiskelija, luonto-ohjaaja <strong>Noora Salonen<\/strong> ja sihteerin\u00e4 jatkaa opiskelija <strong>Paavo M\u00e4kinen<\/strong>. <img loading=\"lazy\" decoding=\"async\" class=\"alignnone size-full wp-image-144\" src=\"https:\/\/www.uutispeili.fi\/wp-content\/uploads\/2023\/11\/di.gold_.gif\" alt=\"\" width=\"11\" height=\"11\" \/><\/p>\n<p>(Uutispeili ei ole muokannut artikkelin sis\u00e4lt\u00f6\u00e4.)<\/p>\n","protected":false},"excerpt":{"rendered":"<p>Vasemmistoliiton kansanedustaja, ja &#8217;Asukkaiden Turku&#8217; -listalta kaupunginvaltuustoon valittu Johannes Yrttiaho ottaa kantaa vaalitulokseen: &#8217;Kunta- ja aluevaalit olivat selv\u00e4 viesti (Petteri) Orpon hallitukselle, ett\u00e4 nyt riitt\u00e4\u00e4.&#8217; (Arkistokuva, kuval\u00e4hde: eduskunta.) Tyytym\u00e4tt\u00f6myys hallituksen leikkauspolitiikkaan kanavoitui oppositiopuolueille. Isoissa kaupungeissa etenkin sosiaalidemokraatit nousivat. Yrttiaho toivoo, ett\u00e4 Turussakin kaupungin johdon siirtyminen sdp:lle avaisi mahdollisuuden leikkauspolitiikan lopettamiseen ja valtuuston vallan palauttamiseen. &#8211; [&hellip;]<\/p>\n","protected":false},"author":3,"featured_media":5264,"comment_status":"open","ping_status":"open","sticky":false,"template":"","format":"standard","meta":{"footnotes":""},"categories":[84,34,114],"tags":[],"_links":{"self":[{"href":"https:\/\/www.uutispeili.fi\/index.php\/wp-json\/wp\/v2\/posts\/6004"}],"collection":[{"href":"https:\/\/www.uutispeili.fi\/index.php\/wp-json\/wp\/v2\/posts"}],"about":[{"href":"https:\/\/www.uutispeili.fi\/index.php\/wp-json\/wp\/v2\/types\/post"}],"author":[{"embeddable":true,"href":"https:\/\/www.uutispeili.fi\/index.php\/wp-json\/wp\/v2\/users\/3"}],"replies":[{"embeddable":true,"href":"https:\/\/www.uutispeili.fi\/index.php\/wp-json\/wp\/v2\/comments?post=6004"}],"version-history":[{"count":1,"href":"https:\/\/www.uutispeili.fi\/index.php\/wp-json\/wp\/v2\/posts\/6004\/revisions"}],"predecessor-version":[{"id":6005,"href":"https:\/\/www.uutispeili.fi\/index.php\/wp-json\/wp\/v2\/posts\/6004\/revisions\/6005"}],"wp:featuredmedia":[{"embeddable":true,"href":"https:\/\/www.uutispeili.fi\/index.php\/wp-json\/wp\/v2\/media\/5264"}],"wp:attachment":[{"href":"https:\/\/www.uutispeili.fi\/index.php\/wp-json\/wp\/v2\/media?parent=6004"}],"wp:term":[{"taxonomy":"category","embeddable":true,"href":"https:\/\/www.uutispeili.fi\/index.php\/wp-json\/wp\/v2\/categories?post=6004"},{"taxonomy":"post_tag","embeddable":true,"href":"https:\/\/www.uutispeili.fi\/index.php\/wp-json\/wp\/v2\/tags?post=6004"}],"curies":[{"name":"wp","href":"https:\/\/api.w.org\/{rel}","templated":true}]}}