{"id":600,"date":"2023-12-22T19:36:25","date_gmt":"2023-12-22T19:36:25","guid":{"rendered":"https:\/\/www.uutispeili.fi\/?p=600"},"modified":"2023-12-24T11:10:41","modified_gmt":"2023-12-24T11:10:41","slug":"intialais-kone-pysaytetty-ranskassa-epaillaan-laittomien-matkustajien-tuomisesta","status":"publish","type":"post","link":"https:\/\/www.uutispeili.fi\/index.php\/2023\/12\/22\/intialais-kone-pysaytetty-ranskassa-epaillaan-laittomien-matkustajien-tuomisesta\/","title":{"rendered":"Intialais-kone pys\u00e4ytetty Ranskassa: Ep\u00e4ill\u00e4\u00e4n laittomien matkustajien tuomisesta"},"content":{"rendered":"<p><strong>Romanialaisen yhti\u00f6n v\u00e4reiss\u00e4 lent\u00e4v\u00e4 Airbus pys\u00e4ytettiin eilen torstaina lentokent\u00e4lle Ranskassa, koneen ollessa kent\u00e4ll\u00e4 tankkaamassa. Lento Dubaista Nicaraguaan p\u00e4\u00e4ttyi siihen. Nicaragua on muodostunut -Mexicon reitin vaikeuduttua- suosituksi v\u00e4yl\u00e4ksi pyrki\u00e4 laittomasti Yhdysvaltoihin ja Kanadaan.<\/strong><\/p>\n<h3>E<span style=\"font-size: revert; background-color: var(--wp--preset--color--background); color: var(--wp--preset--color--foreground); font-family: var(--wp--preset--font-family--system-font);\">p\u00e4iltiin ihmiskaupasta<\/span><\/h3>\n<p>Ranskalaiset viranomaiset pid\u00e4ttiv\u00e4t torstaina (21.12.)Pariisin <strong>Vatry<\/strong>n lentokent\u00e4lle 303:a intialaista matkustajaa kuljettavan <strong>Airbus A340-313<\/strong> -laajarunkoisen matkustajakoneen. Kone oli tulossa <strong>Fujarah<\/strong>in lentokent\u00e4lt\u00e4 <span style=\"font-size: revert; background-color: var(--wp--preset--color--background); color: var(--wp--preset--color--foreground); font-family: var(--wp--preset--font-family--system-font);\"><strong>Dubai<\/strong>sta, ja kohde oli <strong>Nicaragua<\/strong>. V<\/span><span style=\"font-size: revert; background-color: var(--wp--preset--color--background); color: var(--wp--preset--color--foreground); font-family: var(--wp--preset--font-family--system-font);\">iranomaisten mukaan syy toimenpiteeseen oli ep\u00e4ily ihmiskaupasta.<\/span><\/p>\n<p>Pys\u00e4ytyst\u00e4 seliteltiin ensin teknisen\u00e4 ongelmana:<\/p>\n<blockquote class=\"twitter-tweet\" data-width=\"550\" data-dnt=\"true\">\n<p lang=\"en\" dir=\"ltr\">Embassy of India in France tweets, &quot;French authorities informed us of a plane w\/ 303 people, mostly Indian origin, from Dubai to Nicaragua detained on a technical halt at a French airport. Embassy team has reached &amp; obtained consular access. We are investigating the situation,\u2026 <a href=\"https:\/\/t.co\/vSFwGciauf\">pic.twitter.com\/vSFwGciauf<\/a><\/p>\n<p>&mdash; ANI (@ANI) <a href=\"https:\/\/twitter.com\/ANI\/status\/1738250315512885437?ref_src=twsrc%5Etfw\">December 22, 2023<\/a><\/p><\/blockquote>\n<p><script async src=\"https:\/\/platform.twitter.com\/widgets.js\" charset=\"utf-8\"><\/script><\/p>\n<p><strong>Marne<\/strong>n hallintoalueen prefektuuri ilmoitti, ett\u00e4 romanialaisen <strong>Legend Airlines<\/strong>in operoima <span style=\"font-size: revert; color: var(--wp--preset--color--foreground); font-family: var(--wp--preset--font-family--system-font); background-color: var(--wp--preset--color--background);\">Airbus\u00a0<\/span><span style=\"font-size: revert; color: var(--wp--preset--color--foreground); font-family: var(--wp--preset--font-family--system-font); background-color: var(--wp--preset--color--background);\">A340-313, <\/span><span style=\"font-size: revert; background-color: var(--wp--preset--color--background); color: var(--wp--preset--color--foreground); font-family: var(--wp--preset--font-family--system-font);\"><strong>YR-LRE<\/strong>,<\/span> <span class=\"hidden-sm-and-down\" style=\"font-size: revert; background-color: var(--wp--preset--color--background); color: var(--wp--preset--color--foreground); font-family: var(--wp--preset--font-family--system-font);\">\u00a0<\/span>&#8221;<em>pysyy Vatryn lentokent\u00e4n asfaltilla laskeutumisensa j\u00e4lkeen<\/em>&#8221;. Torstaina saadun nimett\u00f6m\u00e4n vihjeen mukaan koneessa olleet matkustajat &#8221;<em>ovat todenn\u00e4k\u00f6isesti ihmiskaupan uhreja<\/em>&#8221;.<\/p>\n<h3>Matkustajat k\u00f6yhist\u00e4 osavaltioista<\/h3>\n<p>Koneen matkustajat ovat p\u00e4\u00e4osin intialaisia, -k\u00f6yhist\u00e4 <strong>Gujarat<\/strong>in \u200b\u200bja <strong>Punjab<\/strong>in osavaltioista. Dubai -vaikka on hyvin hyvin kallis paikka- on usein laittomien maahanmuuttajien l\u00e4pikulkupaikka, ja usein vierailukohde Eurooppaan jo asettuneille. Intian l\u00e4hetyst\u00f6 <strong>Pariisissa<\/strong> on yhteydess\u00e4 intialaisiin matkustajiin, ja huolehtii heid\u00e4n tilanteestaan. Matkustajat on p\u00e4\u00e4stetty koneesta kent\u00e4n terminaaliin, johon on j\u00e4rjestetty vuoteita.<\/p>\n<p>Pys\u00e4ytetyn koneen matkustajat ovat t\u00e4ll\u00e4 hetkell\u00e4 lentokent\u00e4ll\u00e4, jonka poliisi on erist\u00e4nyt. Paikalliset viranomaiset uskovat joidenkin matkustajien olevan laittomia siirtolaisia. Ranskan kansallinen j\u00e4rjest\u00e4ytyneen rikollisuuden vastainen yksikk\u00f6 <strong>JUNALCO<\/strong> jatkaa asian tutkintaa. <img loading=\"lazy\" decoding=\"async\" class=\"alignnone size-full wp-image-144\" src=\"https:\/\/www.uutispeili.fi\/wp-content\/uploads\/2023\/11\/di.gold_.gif\" alt=\"\" width=\"11\" height=\"11\" \/><\/p>\n<blockquote class=\"twitter-tweet\" data-width=\"550\" data-dnt=\"true\">\n<p lang=\"en\" dir=\"ltr\">\u26a1\ufe0f \ud83c\uddee\ud83c\uddf3-\ud83c\uddf3\ud83c\uddee A Nicaragua-bound plane carrying more than 300 Indian passengers has been grounded in France over suspected &quot;human trafficking <\/p>\n<p>It\u2019s a Legend Airlines A340 (YR-LRE was registered under an Indian company until August 23\u2019) <a href=\"https:\/\/t.co\/SioNm7ZPJt\">pic.twitter.com\/SioNm7ZPJt<\/a><\/p>\n<p>&mdash; Military Eye (@MilitaryEye) <a href=\"https:\/\/twitter.com\/MilitaryEye\/status\/1738223350537949587?ref_src=twsrc%5Etfw\">December 22, 2023<\/a><\/p><\/blockquote>\n<p><script async src=\"https:\/\/platform.twitter.com\/widgets.js\" charset=\"utf-8\"><\/script><\/p>\n<p>Luettavaa:<\/p>\n<ul>\n<li><a href=\"https:\/\/www.news18.com\/world\/plane-carrying-300-indian-passengers-from-dubai-detained-in-france-over-human-trafficking-8714583.html\" target=\"_blank\" rel=\"noopener\">News18<\/a> 21.12. 2023,<\/li>\n<li><a href=\"https:\/\/airlive.net\/emergency\/2023\/12\/22\/breaking-paris-vatry-airport-on-lockdown-following-a340-arrival-from-united-arab-emirates\/\" target=\"_blank\" rel=\"noopener\">Airlive.net<\/a> 22.12. 2023,<\/li>\n<li><a href=\"https:\/\/onespotter.com\/aircraft\/fid\/201006\/YR-LRE\" target=\"_blank\" rel=\"noopener\">Onespotter<\/a>.com: YR-LRE<span style=\"font-size: revert; background-color: var(--wp--preset--color--background); color: var(--wp--preset--color--foreground); font-family: var(--wp--preset--font-family--system-font);\">\u00a0<\/span><span class=\"hidden-sm-and-down\" style=\"font-size: revert; background-color: var(--wp--preset--color--background); color: var(--wp--preset--color--foreground); font-family: var(--wp--preset--font-family--system-font);\">Legend Airlines (Romania),<\/span><\/li>\n<li><a href=\"https:\/\/www.hindustantimes.com\/world-news\/france-grounds-plane-carrying-over-300-indians-for-human-trafficking-101703258396021.html\" target=\"_blank\" rel=\"noopener\">The Hindustan Times<\/a> 22.12. 2023,<\/li>\n<\/ul>\n<blockquote class=\"twitter-tweet\" data-width=\"550\" data-dnt=\"true\">\n<p lang=\"ar\" dir=\"rtl\">\u0645\u0635\u064a\u0631 \u0645\u062c\u0647\u0648\u0644 \u064a\u0646\u062a\u0638\u0631\u0647\u0645.. \u0627\u0644\u0633\u0644\u0637\u0627\u062a \u0627\u0644\u0641\u0631\u0646\u0633\u064a\u0629 \u062a\u062d\u062a\u062c\u0632 \u0637\u0627\u0626\u0631\u0629 \u0628\u0647\u0627 303 \u0645\u0633\u0627\u0641\u0631\u064a\u0646 \u0647\u0646\u0648\u062f \u0628\u0634\u0628\u0647\u0629 \u0627\u0644\u0627\u062a\u062c\u0627\u0631 \u0628\u0627\u0644\u0628\u0634\u0631<a href=\"https:\/\/twitter.com\/hashtag\/%D9%81%D8%B1%D9%86%D8%B3%D8%A7?src=hash&amp;ref_src=twsrc%5Etfw\">#\u0641\u0631\u0646\u0633\u0627<\/a><a href=\"https:\/\/twitter.com\/hashtag\/%D8%A7%D9%84%D8%AD%D8%AF%D8%AB?src=hash&amp;ref_src=twsrc%5Etfw\">#\u0627\u0644\u062d\u062f\u062b<\/a> <a href=\"https:\/\/t.co\/8RJkKKolj7\">pic.twitter.com\/8RJkKKolj7<\/a><\/p>\n<p>&mdash; \u0627 \u0644\u0640\u062d\u0640\u062f\u062b (@AlHadath) <a href=\"https:\/\/twitter.com\/AlHadath\/status\/1738877177024725084?ref_src=twsrc%5Etfw\">December 24, 2023<\/a><\/p><\/blockquote>\n<p><script async src=\"https:\/\/platform.twitter.com\/widgets.js\" charset=\"utf-8\"><\/script><\/p>\n","protected":false},"excerpt":{"rendered":"<p>Romanialaisen yhti\u00f6n v\u00e4reiss\u00e4 lent\u00e4v\u00e4 Airbus pys\u00e4ytettiin eilen torstaina lentokent\u00e4lle Ranskassa, koneen ollessa kent\u00e4ll\u00e4 tankkaamassa. Lento Dubaista Nicaraguaan p\u00e4\u00e4ttyi siihen. Nicaragua on muodostunut -Mexicon reitin vaikeuduttua- suosituksi v\u00e4yl\u00e4ksi pyrki\u00e4 laittomasti Yhdysvaltoihin ja Kanadaan. Ep\u00e4iltiin ihmiskaupasta Ranskalaiset viranomaiset pid\u00e4ttiv\u00e4t torstaina (21.12.)Pariisin Vatryn lentokent\u00e4lle 303:a intialaista matkustajaa kuljettavan Airbus A340-313 -laajarunkoisen matkustajakoneen. Kone oli tulossa Fujarahin lentokent\u00e4lt\u00e4 Dubaista, [&hellip;]<\/p>\n","protected":false},"author":3,"featured_media":604,"comment_status":"open","ping_status":"open","sticky":false,"template":"","format":"standard","meta":{"footnotes":""},"categories":[7],"tags":[],"_links":{"self":[{"href":"https:\/\/www.uutispeili.fi\/index.php\/wp-json\/wp\/v2\/posts\/600"}],"collection":[{"href":"https:\/\/www.uutispeili.fi\/index.php\/wp-json\/wp\/v2\/posts"}],"about":[{"href":"https:\/\/www.uutispeili.fi\/index.php\/wp-json\/wp\/v2\/types\/post"}],"author":[{"embeddable":true,"href":"https:\/\/www.uutispeili.fi\/index.php\/wp-json\/wp\/v2\/users\/3"}],"replies":[{"embeddable":true,"href":"https:\/\/www.uutispeili.fi\/index.php\/wp-json\/wp\/v2\/comments?post=600"}],"version-history":[{"count":3,"href":"https:\/\/www.uutispeili.fi\/index.php\/wp-json\/wp\/v2\/posts\/600\/revisions"}],"predecessor-version":[{"id":644,"href":"https:\/\/www.uutispeili.fi\/index.php\/wp-json\/wp\/v2\/posts\/600\/revisions\/644"}],"wp:featuredmedia":[{"embeddable":true,"href":"https:\/\/www.uutispeili.fi\/index.php\/wp-json\/wp\/v2\/media\/604"}],"wp:attachment":[{"href":"https:\/\/www.uutispeili.fi\/index.php\/wp-json\/wp\/v2\/media?parent=600"}],"wp:term":[{"taxonomy":"category","embeddable":true,"href":"https:\/\/www.uutispeili.fi\/index.php\/wp-json\/wp\/v2\/categories?post=600"},{"taxonomy":"post_tag","embeddable":true,"href":"https:\/\/www.uutispeili.fi\/index.php\/wp-json\/wp\/v2\/tags?post=600"}],"curies":[{"name":"wp","href":"https:\/\/api.w.org\/{rel}","templated":true}]}}