{"id":5928,"date":"2025-04-09T16:57:07","date_gmt":"2025-04-09T16:57:07","guid":{"rendered":"https:\/\/www.uutispeili.fi\/?p=5928"},"modified":"2025-04-09T17:11:19","modified_gmt":"2025-04-09T17:11:19","slug":"demarit-haluavat-lisaa-elatettavia","status":"publish","type":"post","link":"https:\/\/www.uutispeili.fi\/index.php\/2025\/04\/09\/demarit-haluavat-lisaa-elatettavia\/","title":{"rendered":"&#8217;Demarit haluavat lis\u00e4\u00e4 el\u00e4tett\u00e4vi\u00e4&#8217;"},"content":{"rendered":"<p><strong>\u00a0&#8217;<em>Turvallisuus heikkenee, talous sakkaa \u2013 ja demarit haluavat lis\u00e4\u00e4 el\u00e4tett\u00e4vi\u00e4<\/em>&#8217;, toteaa kansanedustaja Sanna Antikainen.<\/strong><\/p>\n<p>(Kuvan modifiointi: Uutispeili.)<\/p>\n<h2>&#8217;<em>Demarit haluavat v\u00e4hint\u00e4\u00e4n<\/em> <em>tuplata Suomen pakolaiskiinti\u00f6n<\/em>&#8217;<\/h2>\n<p><strong>SDP<\/strong>:n pitk\u00e4aikainen taustavaikuttaja ja entinen erityisavustaja <strong>Dimitri Qvintus<\/strong> paljasti viestipalvelu X:ss\u00e4 demareiden todellisen linjan. He haluavat v\u00e4hint\u00e4\u00e4n tuplata Suomen pakolaiskiinti\u00f6n.\u00a0 Kansanedustaja <strong>Sanna Antikainen<\/strong> (perussuomalaiset) kommentoi, ett\u00e4 nyt demarien todellinen agenda on paljastunut.<\/p>\n<blockquote><p>&#8211; Demarit siis haluavat perua t\u00e4m\u00e4n hallituksen tekem\u00e4t tiukennukset maahanmuuttopolitiikkaan ja jopa tuplata pakolaiskiinti\u00f6n. T\u00e4m\u00e4 on t\u00e4ysin vastuutonta tilanteessa, jossa Suomen talous on l\u00e4hes kriisiss\u00e4 ja turvallisuustilanne vakava, Antikainen sanoo.<\/p><\/blockquote>\n<p>Antikaisen mukaan SDP:n linja vie Suomea kohti kaaosta.<\/p>\n<blockquote><p>&#8211; Kun turvallisuus heikkenee ja rahat loppuvat, demarit esitt\u00e4v\u00e4t ratkaisuksi enemm\u00e4n el\u00e4tett\u00e4vi\u00e4. Punainen matto levitet\u00e4\u00e4n kaikille \u2013 rikolliset mukaan lukien. N\u00e4in toimii sosialistinen &#8221;reiluus&#8221;, jonka maksajina ovat tavalliset suomalaiset veronmaksajat.<\/p><\/blockquote>\n<p>Hallituksen tiukat toimet ovat jo alkaneet purra. It\u00e4raja on kiinni, ja turvapaikkahakemusten m\u00e4\u00e4r\u00e4 on romahtanut.<\/p>\n<p>&#8211; Perussuomalaiset ovat saaneet hallituksessa kiristetty\u00e4 maahanmuuttopolitiikkaa juuri oikeaan aikaan. Vihdoin Suomi on alkanut puolustaa omia rajojaan. Suomalaisten ei pid\u00e4 uskoa SDP:n harhakuvitelmiin &#8221;<em>reiluudesta<\/em>&#8221;. Se reiluus murentaa turvallisuutemme ja syvent\u00e4\u00e4 talouskriisi\u00e4. Jos demarit p\u00e4\u00e4sev\u00e4t taas valtaan, kaikki Suomen turvallisuutta ja taloutta parantavat toimet perutaan, Antikainen varoittaa. <img loading=\"lazy\" decoding=\"async\" class=\"alignnone size-full wp-image-144\" src=\"https:\/\/www.uutispeili.fi\/wp-content\/uploads\/2023\/11\/di.gold_.gif\" alt=\"\" width=\"11\" height=\"11\" \/><\/p>\n<p>(Uutispeili ei ole muokannut artikkelin sis\u00e4lt\u00f6\u00e4.)<\/p>\n<blockquote class=\"wp-embedded-content\" data-secret=\"SSU0wnkhA7\"><p><a href=\"https:\/\/www.uutispeili.fi\/index.php\/2025\/04\/07\/euroopan-neuvoston-yleiskokous-keskustelee-siirtolaisten-kaytosta-hybridisodan-valineena\/\">Euroopan neuvoston yleiskokous keskustelee siirtolaisten k\u00e4yt\u00f6st\u00e4 hybridisodan v\u00e4lineen\u00e4<\/a><\/p><\/blockquote>\n<p><iframe class=\"wp-embedded-content\" sandbox=\"allow-scripts\" security=\"restricted\" style=\"position: absolute; clip: rect(1px, 1px, 1px, 1px);\" title=\"&#8221;Euroopan neuvoston yleiskokous keskustelee siirtolaisten k\u00e4yt\u00f6st\u00e4 hybridisodan v\u00e4lineen\u00e4&#8221; &#8212; \" src=\"https:\/\/www.uutispeili.fi\/index.php\/2025\/04\/07\/euroopan-neuvoston-yleiskokous-keskustelee-siirtolaisten-kaytosta-hybridisodan-valineena\/embed\/#?secret=y3qG1JdaQQ#?secret=SSU0wnkhA7\" data-secret=\"SSU0wnkhA7\" width=\"600\" height=\"338\" frameborder=\"0\" marginwidth=\"0\" marginheight=\"0\" scrolling=\"no\"><\/iframe><\/p>\n","protected":false},"excerpt":{"rendered":"<p>\u00a0&#8217;Turvallisuus heikkenee, talous sakkaa \u2013 ja demarit haluavat lis\u00e4\u00e4 el\u00e4tett\u00e4vi\u00e4&#8217;, toteaa kansanedustaja Sanna Antikainen. (Kuvan modifiointi: Uutispeili.) &#8217;Demarit haluavat v\u00e4hint\u00e4\u00e4n tuplata Suomen pakolaiskiinti\u00f6n&#8217; SDP:n pitk\u00e4aikainen taustavaikuttaja ja entinen erityisavustaja Dimitri Qvintus paljasti viestipalvelu X:ss\u00e4 demareiden todellisen linjan. He haluavat v\u00e4hint\u00e4\u00e4n tuplata Suomen pakolaiskiinti\u00f6n.\u00a0 Kansanedustaja Sanna Antikainen (perussuomalaiset) kommentoi, ett\u00e4 nyt demarien todellinen agenda on paljastunut. [&hellip;]<\/p>\n","protected":false},"author":3,"featured_media":5929,"comment_status":"open","ping_status":"open","sticky":false,"template":"","format":"standard","meta":{"footnotes":""},"categories":[135,49],"tags":[],"_links":{"self":[{"href":"https:\/\/www.uutispeili.fi\/index.php\/wp-json\/wp\/v2\/posts\/5928"}],"collection":[{"href":"https:\/\/www.uutispeili.fi\/index.php\/wp-json\/wp\/v2\/posts"}],"about":[{"href":"https:\/\/www.uutispeili.fi\/index.php\/wp-json\/wp\/v2\/types\/post"}],"author":[{"embeddable":true,"href":"https:\/\/www.uutispeili.fi\/index.php\/wp-json\/wp\/v2\/users\/3"}],"replies":[{"embeddable":true,"href":"https:\/\/www.uutispeili.fi\/index.php\/wp-json\/wp\/v2\/comments?post=5928"}],"version-history":[{"count":3,"href":"https:\/\/www.uutispeili.fi\/index.php\/wp-json\/wp\/v2\/posts\/5928\/revisions"}],"predecessor-version":[{"id":5932,"href":"https:\/\/www.uutispeili.fi\/index.php\/wp-json\/wp\/v2\/posts\/5928\/revisions\/5932"}],"wp:featuredmedia":[{"embeddable":true,"href":"https:\/\/www.uutispeili.fi\/index.php\/wp-json\/wp\/v2\/media\/5929"}],"wp:attachment":[{"href":"https:\/\/www.uutispeili.fi\/index.php\/wp-json\/wp\/v2\/media?parent=5928"}],"wp:term":[{"taxonomy":"category","embeddable":true,"href":"https:\/\/www.uutispeili.fi\/index.php\/wp-json\/wp\/v2\/categories?post=5928"},{"taxonomy":"post_tag","embeddable":true,"href":"https:\/\/www.uutispeili.fi\/index.php\/wp-json\/wp\/v2\/tags?post=5928"}],"curies":[{"name":"wp","href":"https:\/\/api.w.org\/{rel}","templated":true}]}}