{"id":5902,"date":"2025-04-07T16:51:03","date_gmt":"2025-04-07T16:51:03","guid":{"rendered":"https:\/\/www.uutispeili.fi\/?p=5902"},"modified":"2025-04-07T16:51:03","modified_gmt":"2025-04-07T16:51:03","slug":"euroopan-neuvoston-yleiskokous-keskustelee-siirtolaisten-kaytosta-hybridisodan-valineena","status":"publish","type":"post","link":"https:\/\/www.uutispeili.fi\/index.php\/2025\/04\/07\/euroopan-neuvoston-yleiskokous-keskustelee-siirtolaisten-kaytosta-hybridisodan-valineena\/","title":{"rendered":"Euroopan neuvoston yleiskokous keskustelee siirtolaisten k\u00e4yt\u00f6st\u00e4 hybridisodan v\u00e4lineen\u00e4"},"content":{"rendered":"<p><strong>Ihmisoikeus-, demokratia ja oikeusvaltiokysymykset hallitsevat totuttuun tapaan keskusteluja, kun Euroopan neuvoston parlamentaarinen yleiskokous kokoontuu Ranskan Strasbourgissa 7.\u201311.4.<\/strong><\/p>\n<p><strong>Euroopan neuvoston parlamentaarinen yleiskokous<\/strong> p\u00e4\u00e4tt\u00e4\u00e4 istuntoviikon lopullisesta esityslistasta vasta maanantaina (07.04.), mutta kiireellisiksi keskustelunaiheiksi on ehdotettu demokratian ja ihmisoikeuksien tilaa sek\u00e4 <strong>Georgiassa<\/strong> ett\u00e4 <strong>Turkissa<\/strong>, sotarikollisten saattamista vastuuseen <strong>Ukrainassa<\/strong> k\u00e4ydyss\u00e4 sodassa sek\u00e4 <strong>Gazan<\/strong> humanitaarisen saarron lopettamista. Ajankohtaiskeskustelujen aiheiksi on ehdotettu <strong>Serbian<\/strong> mielenosoituksia ja <strong>L\u00e4nsi-Balkanin<\/strong> tilannetta sek\u00e4 seksuaaliv\u00e4hemmist\u00f6jen asemaa Unkarissa.<\/p>\n<p>Yleiskokous keskustelee my\u00f6s useista raporteista, jotka k\u00e4sittelev\u00e4t esim. Euroopan neuvoston ja Euroopan poliittisen yhteis\u00f6n v\u00e4lisi\u00e4 yhteyksi\u00e4 sek\u00e4 ulkomaista sekaantumista uhkana turvallisuudelle Euroopassa. Ulkomaisella sekaantumisella tarkoitetaan tahallista, piilossa olevaa ja manipulatiivista puuttumista ulkomaisten voimien tai heid\u00e4n edustajiensa toimesta valtion asioihin, tavoitteena aiheuttaa h\u00e4iri\u00f6it\u00e4 maan demokraattiseen j\u00e4rjestelm\u00e4\u00e4n.<\/p>\n<h2>Euroopan vanhin ja laajin poliittinen- ja ihmisoikeusj\u00e4rjest\u00f6<\/h2>\n<p>Vuonna 1949 perustettu Euroopan neuvosto on maanosan vanhin ja laajin poliittinen yhteisty\u00f6- ja ihmisoikeusj\u00e4rjest\u00f6. J\u00e4senmaiden kansanedustajista koostuva yleiskokous tekee aloitteita ja antaa suosituksia, joiden pohjalta ministerikomitea p\u00e4\u00e4tt\u00e4\u00e4 asioista.<\/p>\n<p>Yleiskokoukseen kuuluu varaj\u00e4senet mukaan lukien yli 700 kansanedustajaa Euroopan neuvoston 46 j\u00e4senmaasta.<\/p>\n<p>Eduskunnasta yleiskokoukseen osallistuvat Euroopan neuvoston Suomen valtuuskunnan puheenjohtaja <strong>Miapetra Kumpula-Natri<\/strong> (sd.), j\u00e4sen <strong>Minna Reijonen<\/strong> (ps.) sek\u00e4 varaj\u00e4senet <strong>Pekka Aittakumpu<\/strong> (ps.) ja <strong>Anna-Kristiina Mikkonen<\/strong> (sd.). <img loading=\"lazy\" decoding=\"async\" class=\"alignnone size-full wp-image-144\" src=\"https:\/\/www.uutispeili.fi\/wp-content\/uploads\/2023\/11\/di.gold_.gif\" alt=\"\" width=\"11\" height=\"11\" \/><\/p>\n<p>(Uutispeili ei ole muokannut artikkelin sis\u00e4lt\u00f6\u00e4.)<\/p>\n<p>Katsottavaa:<\/p>\n<ul>\n<li><a href=\"https:\/\/pace.coe.int\/en\/pages\/session-202504\" target=\"_blank\" rel=\"noopener noreferrer\"><b>Istuntoa voi seurata suorana verkkol\u00e4hetyksen\u00e4 yleiskokouksen verkkosivujen kautta<\/b><\/a><b>.<\/b><\/li>\n<\/ul>\n","protected":false},"excerpt":{"rendered":"<p>Ihmisoikeus-, demokratia ja oikeusvaltiokysymykset hallitsevat totuttuun tapaan keskusteluja, kun Euroopan neuvoston parlamentaarinen yleiskokous kokoontuu Ranskan Strasbourgissa 7.\u201311.4. Euroopan neuvoston parlamentaarinen yleiskokous p\u00e4\u00e4tt\u00e4\u00e4 istuntoviikon lopullisesta esityslistasta vasta maanantaina (07.04.), mutta kiireellisiksi keskustelunaiheiksi on ehdotettu demokratian ja ihmisoikeuksien tilaa sek\u00e4 Georgiassa ett\u00e4 Turkissa, sotarikollisten saattamista vastuuseen Ukrainassa k\u00e4ydyss\u00e4 sodassa sek\u00e4 Gazan humanitaarisen saarron lopettamista. Ajankohtaiskeskustelujen aiheiksi on [&hellip;]<\/p>\n","protected":false},"author":3,"featured_media":4766,"comment_status":"open","ping_status":"open","sticky":false,"template":"","format":"standard","meta":{"footnotes":""},"categories":[49,137],"tags":[],"_links":{"self":[{"href":"https:\/\/www.uutispeili.fi\/index.php\/wp-json\/wp\/v2\/posts\/5902"}],"collection":[{"href":"https:\/\/www.uutispeili.fi\/index.php\/wp-json\/wp\/v2\/posts"}],"about":[{"href":"https:\/\/www.uutispeili.fi\/index.php\/wp-json\/wp\/v2\/types\/post"}],"author":[{"embeddable":true,"href":"https:\/\/www.uutispeili.fi\/index.php\/wp-json\/wp\/v2\/users\/3"}],"replies":[{"embeddable":true,"href":"https:\/\/www.uutispeili.fi\/index.php\/wp-json\/wp\/v2\/comments?post=5902"}],"version-history":[{"count":1,"href":"https:\/\/www.uutispeili.fi\/index.php\/wp-json\/wp\/v2\/posts\/5902\/revisions"}],"predecessor-version":[{"id":5903,"href":"https:\/\/www.uutispeili.fi\/index.php\/wp-json\/wp\/v2\/posts\/5902\/revisions\/5903"}],"wp:featuredmedia":[{"embeddable":true,"href":"https:\/\/www.uutispeili.fi\/index.php\/wp-json\/wp\/v2\/media\/4766"}],"wp:attachment":[{"href":"https:\/\/www.uutispeili.fi\/index.php\/wp-json\/wp\/v2\/media?parent=5902"}],"wp:term":[{"taxonomy":"category","embeddable":true,"href":"https:\/\/www.uutispeili.fi\/index.php\/wp-json\/wp\/v2\/categories?post=5902"},{"taxonomy":"post_tag","embeddable":true,"href":"https:\/\/www.uutispeili.fi\/index.php\/wp-json\/wp\/v2\/tags?post=5902"}],"curies":[{"name":"wp","href":"https:\/\/api.w.org\/{rel}","templated":true}]}}