{"id":5876,"date":"2025-04-03T14:23:06","date_gmt":"2025-04-03T14:23:06","guid":{"rendered":"https:\/\/www.uutispeili.fi\/?p=5876"},"modified":"2025-04-03T14:23:33","modified_gmt":"2025-04-03T14:23:33","slug":"oppostio-peraa-hallitukselta-tietoa-vanhustenhoidon-leikkauksista","status":"publish","type":"post","link":"https:\/\/www.uutispeili.fi\/index.php\/2025\/04\/03\/oppostio-peraa-hallitukselta-tietoa-vanhustenhoidon-leikkauksista\/","title":{"rendered":"Oppositio per\u00e4\u00e4 hallitukselta tietoa vanhustenhoidon leikkauksista"},"content":{"rendered":"<p><strong>SDP kyseli eduskunnan kyselytunnilta mist\u00e4 hallitus s\u00e4\u00e4st\u00e4\u00e4 vanhusten hoidosta,ruuasta vai hoitajien selk\u00e4nahasta.<\/strong><\/p>\n<p>(Arkistokuva, l\u00e4hde: Eduskunta.)<\/p>\n<p>Sosiaaliministeri <strong>Kaisa Juuso<\/strong> kertoi, ett\u00e4 s\u00e4\u00e4st\u00f6\u00e4 tulee digitalisaatiota lis\u00e4\u00e4m\u00e4ll\u00e4, esimerkiksi niin, ett\u00e4 j\u00e4tet\u00e4\u00e4n yksi kolmesta p\u00e4ivitt\u00e4isest\u00e4 k\u00e4ynnist\u00e4 pois ja korvataan se digitaaliyhteydell\u00e4.<\/p>\n<p>P\u00e4\u00e4ministeri <strong>Petteri Orpo<\/strong> syytti oppositiota vaalikampanjan k\u00e4ymisest\u00e4 istuntosalissa, ja v\u00e4\u00e4ristelyst\u00e4.<\/p>\n<p>Orpo muistutti, ett\u00e4 l\u00e4hivuosina tullaan tarvitsemaan yksist\u00e4\u00e4n turvallisuuteen miljardeja, &#8221;ja te puhutte t<em>\u00e4\u00e4ll\u00e4 17 miljoonasta tai 100 miljoonasta<\/em>&#8221;.<\/p>\n<blockquote><p>Tuo 17 miljoonaa tarkoittaa esimerkiksi 700 000 kotik\u00e4ynti\u00e4, ja totta on, ett\u00e4 p\u00e4\u00e4te ei kylvet\u00e4 ket\u00e4\u00e4n, eik\u00e4 tietokone osaa osaaottavasti jakaa mummon muistoja. Hintaa yhdelle kotik\u00e4ynnille kaikkinensa kertyy noin 25 euroa.<\/p><\/blockquote>\n<p>SDP:n puheenjohtaja <strong>Antti Lindtman<\/strong> vaati, ett\u00e4 kaikki sosiaalimenojen leikkaukset julkaistaan?<\/p>\n<p>P\u00e4\u00e4ministeri Orpo sanoi, ett\u00e4 ei pid\u00e4 h\u00e4t\u00e4ill\u00e4,\u00a0 ja puolentoista vuoden kuluttua tullaan tuomaan eduskuntaan huolellisesti valmisteltu uusi laki sosiaalihuollosta.<\/p>\n<h2>Kulttuuririkkaudet kiinnostavat Vihreit\u00e4<\/h2>\n<p><strong>Vihreiden<\/strong> ryhm\u00e4johtaja <strong>Antti Harjanne<\/strong> kyseli, ett\u00e4 mit\u00e4 uusia leikkauksia tulee kulttuuriin ?<\/p>\n<p>Opetusministeri vastasi, ett\u00e4 75 milj. euroa leikataan, &#8221;<em>ja sen voin kertoa, ett\u00e4 koulutuksesta ei leikata<\/em> <em>mutta muusta en osaa viel\u00e4 sanoa<\/em>&#8221;.<\/p>\n<p><strong>Vasemmistoliiton<\/strong> puheenjohtaja <strong>Minja Koskela<\/strong> v\u00e4itti, ett\u00e4 hallitus valehtelee v\u00e4itt\u00e4m\u00e4ll\u00e4, ett\u00e4 se ei leikkaa vammaisilta ja vanhuksilta. -Leikkaa, vaikka muuta v\u00e4itt\u00e4\u00e4.<\/p>\n<p>Ministeri Juuson mukaan hallitus toimii edellisen hallituksen s\u00e4\u00e4t\u00e4m\u00e4n lain mukaan.<\/p>\n<p>P\u00e4\u00e4ministeri muistutti, ett\u00e4 l\u00e4hivuosina tarvitsemme 14 000 uutta hoitajaa. T\u00e4m\u00e4 johtuu siit\u00e4, ett\u00e4 ik\u00e4ihmisten m\u00e4\u00e4r\u00e4 lis\u00e4\u00e4ntyy tuhansia hoitajia j\u00e4\u00e4 el\u00e4kkeelle.<\/p>\n<h2>Pieni s\u00e4\u00e4st\u00f6 onkin iso<\/h2>\n<p>Ministeri Juuso muistutti, ett\u00e4 <strong><em>kotik\u00e4ynneist\u00e4<\/em><\/strong> matkakulut ovat -etenkin syrj\u00e4seuduilla- varsin tuntuva summa, ja kun niist\u00e4 v\u00e4hennet\u00e4\u00e4n noin kolmannes, niin s\u00e4\u00e4st\u00f6 onkin aika iso.<\/p>\n<p>L\u00e4\u00e4k\u00e4ritaustainen demariedustaja <strong>Aki Linden<\/strong> per\u00e4si perusasioita, eli sit\u00e4 miksi hallitus viel\u00e4kin s\u00e4\u00e4st\u00e4\u00e4 sosiaalikuluista.<\/p>\n<p>Orpo toivotti SDP:n tervemenneeksi takaisin 70-luvulle.<\/p>\n<p>Kun Juuso sanoi -ties monennenko kerran- ett\u00e4 &#8221;<em>digitaalisuus v\u00e4hent\u00e4\u00e4 niit\u00e4 hoitajien k\u00e4yntej\u00e4<\/em>&#8221; niin koko oppositio puolittain huusi yhteen \u00e4\u00e4neen &#8221;<em>AIVAN, AIVAN<\/em>&#8221;.<\/p>\n<p>Kaisa Juuso k\u00e4ytti ep\u00e4virallisen oloisen puheenvuoron, ja sanoi lyhyesti, ett\u00e4 &#8221;<em>Oppositio ei halua<\/em> <em>ymm\u00e4rt\u00e4\u00e4<\/em>&#8221;.<\/p>\n<p>Seuraavassa puheenvuorossa h\u00e4n palasi salin vaaleista huolimatta koleaan tunnelmaan, ja muistutti ett\u00e4 kotik\u00e4yntej\u00e4 voi olla jopa viisi p\u00e4iv\u00e4ss\u00e4, ja useimmiten on mahdollista niist\u00e4 j\u00e4tt\u00e4\u00e4 digin avulla pois.<\/p>\n<blockquote><p><strong>Keskustan<\/strong> ryhm\u00e4n puheenjohtaja <strong>Antti Kurvinen<\/strong> kysyi Orpolta, milloin vihdoin -lupauksen mukaan siis ennen vaaleja-\u00a0 kerrotaan kuinka paljon ja mist\u00e4 leikataan sosiaalihuollosta. &#8221;Te olette levitt\u00e4neet t\u00e4\u00e4ll\u00e4 t\u00e4llaista paperia joka on pelkk\u00e4\u00e4 &#8221;postipaperia&#8221;. H\u00e4n ei siis k\u00e4ytt\u00e4nyt jotain muuta ilmausta miss\u00e4 ei kerrota mit\u00e4\u00e4n.<\/p><\/blockquote>\n<p>Orpo py\u00f6r\u00e4ytti levyn p\u00e4\u00e4lle eli toisti aiemman, eli &#8221;<em>kehysriihess\u00e4 saatte tarkat tiedot<\/em>&#8221;.<\/p>\n<p>Keskustasta kysyttiin, ett\u00e4 onko Suomella oma kanta uhkaamassa olevaan kauppasotaan USA:n kanssa?<\/p>\n<p>Orpo kertoi, ett\u00e4 Keskustan esitt\u00e4m\u00e4 hallituksen tiedonannon antaminen on hallituksen harkinnassa, mutta h\u00e4n on my\u00f6s asiasta keskustellut viimeksi t\u00e4n\u00e4\u00e4n <strong>EU komission<\/strong> puheenjohtaja <strong>Ursula von der<\/strong> <strong>Lyen<\/strong>in kanssa, ja on l\u00e4hdett\u00e4v\u00e4 siit\u00e4, ett\u00e4 kaupanesteiden neuvottelut <strong>Yhdysvaltojen<\/strong> kanssa k\u00e4yd\u00e4\u00e4n EU vetoisesti, -ei kansallisesti- vaikka tietenkin kansallisesti asiasta k\u00e4yd\u00e4\u00e4n keskusteluja.<\/p>\n<p>Yll\u00e4tt\u00e4v\u00e4n v\u00e4h\u00e4n vaalit kuuluivat keskustelussa, mutta ihan &#8221;<em>terhakkaa<\/em>&#8221; reagointia oli koko ajan. T\u00e4ytyy sanoa, ett\u00e4 hereill\u00e4 olivat edustajat, vaikka moni oli t\u00e4\u00e4ll\u00e4 eilisess\u00e4 v\u00e4likysymyskeskustelussa kello kahteen asti.<\/p>\n<p>Seppo Huhta<\/p>\n","protected":false},"excerpt":{"rendered":"<p>SDP kyseli eduskunnan kyselytunnilta mist\u00e4 hallitus s\u00e4\u00e4st\u00e4\u00e4 vanhusten hoidosta,ruuasta vai hoitajien selk\u00e4nahasta. (Arkistokuva, l\u00e4hde: Eduskunta.) Sosiaaliministeri Kaisa Juuso kertoi, ett\u00e4 s\u00e4\u00e4st\u00f6\u00e4 tulee digitalisaatiota lis\u00e4\u00e4m\u00e4ll\u00e4, esimerkiksi niin, ett\u00e4 j\u00e4tet\u00e4\u00e4n yksi kolmesta p\u00e4ivitt\u00e4isest\u00e4 k\u00e4ynnist\u00e4 pois ja korvataan se digitaaliyhteydell\u00e4. P\u00e4\u00e4ministeri Petteri Orpo syytti oppositiota vaalikampanjan k\u00e4ymisest\u00e4 istuntosalissa, ja v\u00e4\u00e4ristelyst\u00e4. Orpo muistutti, ett\u00e4 l\u00e4hivuosina tullaan tarvitsemaan yksist\u00e4\u00e4n turvallisuuteen [&hellip;]<\/p>\n","protected":false},"author":5,"featured_media":3799,"comment_status":"open","ping_status":"open","sticky":false,"template":"","format":"standard","meta":{"footnotes":""},"categories":[49,25],"tags":[],"_links":{"self":[{"href":"https:\/\/www.uutispeili.fi\/index.php\/wp-json\/wp\/v2\/posts\/5876"}],"collection":[{"href":"https:\/\/www.uutispeili.fi\/index.php\/wp-json\/wp\/v2\/posts"}],"about":[{"href":"https:\/\/www.uutispeili.fi\/index.php\/wp-json\/wp\/v2\/types\/post"}],"author":[{"embeddable":true,"href":"https:\/\/www.uutispeili.fi\/index.php\/wp-json\/wp\/v2\/users\/5"}],"replies":[{"embeddable":true,"href":"https:\/\/www.uutispeili.fi\/index.php\/wp-json\/wp\/v2\/comments?post=5876"}],"version-history":[{"count":2,"href":"https:\/\/www.uutispeili.fi\/index.php\/wp-json\/wp\/v2\/posts\/5876\/revisions"}],"predecessor-version":[{"id":5878,"href":"https:\/\/www.uutispeili.fi\/index.php\/wp-json\/wp\/v2\/posts\/5876\/revisions\/5878"}],"wp:featuredmedia":[{"embeddable":true,"href":"https:\/\/www.uutispeili.fi\/index.php\/wp-json\/wp\/v2\/media\/3799"}],"wp:attachment":[{"href":"https:\/\/www.uutispeili.fi\/index.php\/wp-json\/wp\/v2\/media?parent=5876"}],"wp:term":[{"taxonomy":"category","embeddable":true,"href":"https:\/\/www.uutispeili.fi\/index.php\/wp-json\/wp\/v2\/categories?post=5876"},{"taxonomy":"post_tag","embeddable":true,"href":"https:\/\/www.uutispeili.fi\/index.php\/wp-json\/wp\/v2\/tags?post=5876"}],"curies":[{"name":"wp","href":"https:\/\/api.w.org\/{rel}","templated":true}]}}