{"id":587,"date":"2023-12-22T06:31:47","date_gmt":"2023-12-22T06:31:47","guid":{"rendered":"https:\/\/www.uutispeili.fi\/?p=587"},"modified":"2023-12-22T06:31:48","modified_gmt":"2023-12-22T06:31:48","slug":"talvipaivanseisauksesta-kohti-valoa","status":"publish","type":"post","link":"https:\/\/www.uutispeili.fi\/index.php\/2023\/12\/22\/talvipaivanseisauksesta-kohti-valoa\/","title":{"rendered":"Talvip\u00e4iv\u00e4nseisauksesta kohti valoa"},"content":{"rendered":"\n<p>T\u00e4n\u00e4\u00e4n (22.12) on talvip\u00e4iv\u00e4nseisaus, eli p\u00e4iv\u00e4 on lyhimmill\u00e4\u00e4n pohjoisella pallonpuoliskolla. Napapiirin pohjoispuolella aurinko ei nouse lainkaan. <\/p>\n\n\n\n<p>Aurinko nousee t\u00e4n\u00e4\u00e4n Helsingiss\u00e4 kello 9.20 ja laskee kello 15.10. P\u00e4iv\u00e4n pituus on siis 5 h 50 min. Tampereella aurinko nousee kello 9.43 ja laskee 15.01, p\u00e4iv\u00e4n pituus 5 h 18 min, Oulussa vastaavasti kello 10.30 ja 14.01, p\u00e4iv\u00e4n pituus 3 h 31 min sek\u00e4 Rovaniemell\u00e4 11.10 ja laskee 13.19, p\u00e4iv\u00e4n pituus 2 h 9 min. <\/p>\n\n\n\n<p>Monelle iloinen uutinen on, ett\u00e4 p\u00e4iv\u00e4t alkavat pikkuhiljaa veny\u00e4, ensin hitaasti, mutta sitten kiihtyv\u00e4ll\u00e4 tahdilla. Kuun lopussa p\u00e4iv\u00e4n pituus on kasvanut Helsingiss\u00e4 7 minuuttia, mutta pohjoisessa valoa alkaa tulla p\u00e4iv\u00e4\u00e4n etel\u00e4\u00e4 reippaammaan tahtiin ja Rovaniemell\u00e4 p\u00e4iv\u00e4 piteneekin kuun loppuun per\u00e4ti 19 minuuttia.<\/p>\n\n\n\n<p>Talvip\u00e4iv\u00e4nseisaus on aina (pohjoisella pallonpuoliskolla) joko joulukuun 21 tai 22 p\u00e4iv\u00e4, silloin kun aurinko on suoraan Kauriin k\u00e4\u00e4nt\u00f6piirin yl\u00e4puolella. T\u00e4ll\u00f6in aurinko on etel\u00e4ss\u00e4 ollessaan alimmillaan taivaalla. Ensi vuonna talvip\u00e4iv\u00e4nseisaus on 21.12.<\/p>\n\n\n\n<p>Nyt kannattaa nauttia ajatuksesta pime\u00e4n v\u00e4istymisest\u00e4, koska puolen vuoden kuluttua, kun etel\u00e4isell\u00e4 pallonpuoliskolla on talvip\u00e4iv\u00e4nseisaus ja me olemme juhannustunnelmissa, niin p\u00e4iv\u00e4 alkaakin jo taas lyhenty\u00e4. <\/p>\n","protected":false},"excerpt":{"rendered":"<p>T\u00e4n\u00e4\u00e4n (22.12) on talvip\u00e4iv\u00e4nseisaus, eli p\u00e4iv\u00e4 on lyhimmill\u00e4\u00e4n pohjoisella pallonpuoliskolla. Napapiirin pohjoispuolella aurinko ei nouse lainkaan. Aurinko nousee t\u00e4n\u00e4\u00e4n Helsingiss\u00e4 kello 9.20 ja laskee kello 15.10. P\u00e4iv\u00e4n pituus on siis 5 h 50 min. Tampereella aurinko nousee kello 9.43 ja laskee 15.01, p\u00e4iv\u00e4n pituus 5 h 18 min, Oulussa vastaavasti kello 10.30 ja 14.01, p\u00e4iv\u00e4n [&hellip;]<\/p>\n","protected":false},"author":1,"featured_media":0,"comment_status":"open","ping_status":"open","sticky":false,"template":"","format":"standard","meta":{"footnotes":""},"categories":[6],"tags":[],"_links":{"self":[{"href":"https:\/\/www.uutispeili.fi\/index.php\/wp-json\/wp\/v2\/posts\/587"}],"collection":[{"href":"https:\/\/www.uutispeili.fi\/index.php\/wp-json\/wp\/v2\/posts"}],"about":[{"href":"https:\/\/www.uutispeili.fi\/index.php\/wp-json\/wp\/v2\/types\/post"}],"author":[{"embeddable":true,"href":"https:\/\/www.uutispeili.fi\/index.php\/wp-json\/wp\/v2\/users\/1"}],"replies":[{"embeddable":true,"href":"https:\/\/www.uutispeili.fi\/index.php\/wp-json\/wp\/v2\/comments?post=587"}],"version-history":[{"count":2,"href":"https:\/\/www.uutispeili.fi\/index.php\/wp-json\/wp\/v2\/posts\/587\/revisions"}],"predecessor-version":[{"id":589,"href":"https:\/\/www.uutispeili.fi\/index.php\/wp-json\/wp\/v2\/posts\/587\/revisions\/589"}],"wp:attachment":[{"href":"https:\/\/www.uutispeili.fi\/index.php\/wp-json\/wp\/v2\/media?parent=587"}],"wp:term":[{"taxonomy":"category","embeddable":true,"href":"https:\/\/www.uutispeili.fi\/index.php\/wp-json\/wp\/v2\/categories?post=587"},{"taxonomy":"post_tag","embeddable":true,"href":"https:\/\/www.uutispeili.fi\/index.php\/wp-json\/wp\/v2\/tags?post=587"}],"curies":[{"name":"wp","href":"https:\/\/api.w.org\/{rel}","templated":true}]}}