{"id":5823,"date":"2025-03-28T08:23:39","date_gmt":"2025-03-28T08:23:39","guid":{"rendered":"https:\/\/www.uutispeili.fi\/?p=5823"},"modified":"2025-03-28T08:23:59","modified_gmt":"2025-03-28T08:23:59","slug":"pohjoismaiden-neuvosto-keskustelee-pohjoismaisesta-puolustusyhteistyosta-helsingissa","status":"publish","type":"post","link":"https:\/\/www.uutispeili.fi\/index.php\/2025\/03\/28\/pohjoismaiden-neuvosto-keskustelee-pohjoismaisesta-puolustusyhteistyosta-helsingissa\/","title":{"rendered":"\u200bPohjoismaiden neuvosto keskustelee pohjoismaisesta puolustusyhteisty\u00f6st\u00e4 Helsingiss\u00e4"},"content":{"rendered":"<p><strong>\u200bPohjoismaiden neuvoston teemaistunnon yhteydess\u00e4 j\u00e4rjestet\u00e4\u00e4n neuvoston vuosittainen puolustuspoliittinen kokous 1.4. Helsingiss\u00e4.<\/strong><\/p>\n<p>Suomi toimii puolustusyhteisty\u00f6n <strong>Nordefco<\/strong>n puheenjohtajamaana t\u00e4n\u00e4 vuonna. Helsingin py\u00f6re\u00e4n p\u00f6yd\u00e4n kokouksessa puolustusministeri <strong>Antti H\u00e4kk\u00e4nen<\/strong> (kok.) puhuu Nordefcon vision toimeenpanosta.<\/p>\n<blockquote><p>Kokouksessa k\u00e4sitell\u00e4\u00e4n muun muassa pohjoismaiden yhteisty\u00f6t\u00e4 huoltovarmuuden, kriisinkest\u00e4vyyden sek\u00e4 puolustusteollisuuden kehitt\u00e4misen osalta.<\/p><\/blockquote>\n<p>Tilaisuuden is\u00e4nn\u00f6i eduskunta ja keskusteluun osallistuvat Pohjoismaiden neuvoston puheenjohtajiston j\u00e4senet ja Pohjoismaiden parlamenttien puolustusvaliokuntien puheenjohtajistot.<\/p>\n<p>Eduskunnasta kokoukseen osallistuvat kansanedustajat <strong>Ville V\u00e4yrynen<\/strong> (Pohjoismaiden neuvoston Suomen valtuuskunnan puheenjohtaja, kok.), <strong>Kim Berg<\/strong> (Pohjoismaiden neuvoston Suomen valtuuskunnan varapuheenjohtaja, sd.), <strong>Jouni Ovaska<\/strong> (kesk.) ja <strong>Jukka Kopra<\/strong> (kok.).\u00a0<img loading=\"lazy\" decoding=\"async\" class=\"alignnone size-full wp-image-144\" src=\"https:\/\/www.uutispeili.fi\/wp-content\/uploads\/2023\/11\/di.gold_.gif\" alt=\"\" width=\"11\" height=\"11\" \/><\/p>\n<p>(Uutispeili ei ole muokannut artikkelin sis\u00e4lt\u00f6\u00e4.)<\/p>\n","protected":false},"excerpt":{"rendered":"<p>\u200bPohjoismaiden neuvoston teemaistunnon yhteydess\u00e4 j\u00e4rjestet\u00e4\u00e4n neuvoston vuosittainen puolustuspoliittinen kokous 1.4. Helsingiss\u00e4. Suomi toimii puolustusyhteisty\u00f6n Nordefcon puheenjohtajamaana t\u00e4n\u00e4 vuonna. Helsingin py\u00f6re\u00e4n p\u00f6yd\u00e4n kokouksessa puolustusministeri Antti H\u00e4kk\u00e4nen (kok.) puhuu Nordefcon vision toimeenpanosta. Kokouksessa k\u00e4sitell\u00e4\u00e4n muun muassa pohjoismaiden yhteisty\u00f6t\u00e4 huoltovarmuuden, kriisinkest\u00e4vyyden sek\u00e4 puolustusteollisuuden kehitt\u00e4misen osalta. Tilaisuuden is\u00e4nn\u00f6i eduskunta ja keskusteluun osallistuvat Pohjoismaiden neuvoston puheenjohtajiston j\u00e4senet ja Pohjoismaiden parlamenttien [&hellip;]<\/p>\n","protected":false},"author":3,"featured_media":5703,"comment_status":"open","ping_status":"open","sticky":false,"template":"","format":"standard","meta":{"footnotes":""},"categories":[49,167],"tags":[],"_links":{"self":[{"href":"https:\/\/www.uutispeili.fi\/index.php\/wp-json\/wp\/v2\/posts\/5823"}],"collection":[{"href":"https:\/\/www.uutispeili.fi\/index.php\/wp-json\/wp\/v2\/posts"}],"about":[{"href":"https:\/\/www.uutispeili.fi\/index.php\/wp-json\/wp\/v2\/types\/post"}],"author":[{"embeddable":true,"href":"https:\/\/www.uutispeili.fi\/index.php\/wp-json\/wp\/v2\/users\/3"}],"replies":[{"embeddable":true,"href":"https:\/\/www.uutispeili.fi\/index.php\/wp-json\/wp\/v2\/comments?post=5823"}],"version-history":[{"count":1,"href":"https:\/\/www.uutispeili.fi\/index.php\/wp-json\/wp\/v2\/posts\/5823\/revisions"}],"predecessor-version":[{"id":5824,"href":"https:\/\/www.uutispeili.fi\/index.php\/wp-json\/wp\/v2\/posts\/5823\/revisions\/5824"}],"wp:featuredmedia":[{"embeddable":true,"href":"https:\/\/www.uutispeili.fi\/index.php\/wp-json\/wp\/v2\/media\/5703"}],"wp:attachment":[{"href":"https:\/\/www.uutispeili.fi\/index.php\/wp-json\/wp\/v2\/media?parent=5823"}],"wp:term":[{"taxonomy":"category","embeddable":true,"href":"https:\/\/www.uutispeili.fi\/index.php\/wp-json\/wp\/v2\/categories?post=5823"},{"taxonomy":"post_tag","embeddable":true,"href":"https:\/\/www.uutispeili.fi\/index.php\/wp-json\/wp\/v2\/tags?post=5823"}],"curies":[{"name":"wp","href":"https:\/\/api.w.org\/{rel}","templated":true}]}}