{"id":5795,"date":"2025-03-27T12:50:12","date_gmt":"2025-03-27T12:50:12","guid":{"rendered":"https:\/\/www.uutispeili.fi\/?p=5795"},"modified":"2025-03-27T12:50:12","modified_gmt":"2025-03-27T12:50:12","slug":"harkimo-pyytaa-selvitysta-ulkoministerin-erityisavustajan-toimista","status":"publish","type":"post","link":"https:\/\/www.uutispeili.fi\/index.php\/2025\/03\/27\/harkimo-pyytaa-selvitysta-ulkoministerin-erityisavustajan-toimista\/","title":{"rendered":"Harkimo pyyt\u00e4\u00e4 selvityst\u00e4 ulkoministerin erityisavustajan toimista"},"content":{"rendered":"<p><strong> Kansanedustaja Harry Harkimo on j\u00e4tt\u00e4nyt\u00a0 Ulkoministeri\u00f6lle selvityspyynn\u00f6n koskien erityisavustaja Matias Pajulaa.<\/strong><\/p>\n<p>(Kuva: Eduskunta.)<\/p>\n<p><strong>Liike Nyt<\/strong>in puheenjohtaja, kansanedustaja, <strong>Harry Harkimo<\/strong>, pyyt\u00e4\u00e4 <strong>ulkoministeri\u00f6t\u00e4<\/strong> selvitt\u00e4m\u00e4\u00e4n v\u00e4litt\u00f6m\u00e4sti sen, onko ulkoministeri <strong>Elina Valtonen<\/strong> ohjeistanut erityisavustajansa <strong>Matias Pajula<\/strong>n k\u00e4ytt\u00e4m\u00e4\u00e4n ty\u00f6aikaansa kansanedustaja Harry Harkimon asuntoasioiden selvitt\u00e4miseen ja vaality\u00f6h\u00f6n.<\/p>\n<blockquote><p>Harkimo haluaa selvityksen ulkoministeri\u00f6lt\u00e4 onko erityisavustaja Matias Pajula k\u00e4ytt\u00e4nyt vaalirahoituslain ja ulkoministeri\u00f6n ohjeiden vastaisesti ministeri\u00f6n tiloja, puhelinta, tietokonetta ja muita v\u00e4lineit\u00e4 oman kunnallisvaalikampanjansa hyv\u00e4ksi. <img loading=\"lazy\" decoding=\"async\" class=\"alignnone size-full wp-image-144\" src=\"https:\/\/www.uutispeili.fi\/wp-content\/uploads\/2023\/11\/di.gold_.gif\" alt=\"\" width=\"11\" height=\"11\" \/><\/p><\/blockquote>\n<p>(Uutispeili ei ole muokannut artikkelin sis\u00e4lt\u00f6\u00e4.)<\/p>\n","protected":false},"excerpt":{"rendered":"<p>Kansanedustaja Harry Harkimo on j\u00e4tt\u00e4nyt\u00a0 Ulkoministeri\u00f6lle selvityspyynn\u00f6n koskien erityisavustaja Matias Pajulaa. (Kuva: Eduskunta.) Liike Nytin puheenjohtaja, kansanedustaja, Harry Harkimo, pyyt\u00e4\u00e4 ulkoministeri\u00f6t\u00e4 selvitt\u00e4m\u00e4\u00e4n v\u00e4litt\u00f6m\u00e4sti sen, onko ulkoministeri Elina Valtonen ohjeistanut erityisavustajansa Matias Pajulan k\u00e4ytt\u00e4m\u00e4\u00e4n ty\u00f6aikaansa kansanedustaja Harry Harkimon asuntoasioiden selvitt\u00e4miseen ja vaality\u00f6h\u00f6n. Harkimo haluaa selvityksen ulkoministeri\u00f6lt\u00e4 onko erityisavustaja Matias Pajula k\u00e4ytt\u00e4nyt vaalirahoituslain ja ulkoministeri\u00f6n ohjeiden vastaisesti [&hellip;]<\/p>\n","protected":false},"author":3,"featured_media":4441,"comment_status":"open","ping_status":"open","sticky":false,"template":"","format":"standard","meta":{"footnotes":""},"categories":[49,25,43],"tags":[],"_links":{"self":[{"href":"https:\/\/www.uutispeili.fi\/index.php\/wp-json\/wp\/v2\/posts\/5795"}],"collection":[{"href":"https:\/\/www.uutispeili.fi\/index.php\/wp-json\/wp\/v2\/posts"}],"about":[{"href":"https:\/\/www.uutispeili.fi\/index.php\/wp-json\/wp\/v2\/types\/post"}],"author":[{"embeddable":true,"href":"https:\/\/www.uutispeili.fi\/index.php\/wp-json\/wp\/v2\/users\/3"}],"replies":[{"embeddable":true,"href":"https:\/\/www.uutispeili.fi\/index.php\/wp-json\/wp\/v2\/comments?post=5795"}],"version-history":[{"count":1,"href":"https:\/\/www.uutispeili.fi\/index.php\/wp-json\/wp\/v2\/posts\/5795\/revisions"}],"predecessor-version":[{"id":5796,"href":"https:\/\/www.uutispeili.fi\/index.php\/wp-json\/wp\/v2\/posts\/5795\/revisions\/5796"}],"wp:featuredmedia":[{"embeddable":true,"href":"https:\/\/www.uutispeili.fi\/index.php\/wp-json\/wp\/v2\/media\/4441"}],"wp:attachment":[{"href":"https:\/\/www.uutispeili.fi\/index.php\/wp-json\/wp\/v2\/media?parent=5795"}],"wp:term":[{"taxonomy":"category","embeddable":true,"href":"https:\/\/www.uutispeili.fi\/index.php\/wp-json\/wp\/v2\/categories?post=5795"},{"taxonomy":"post_tag","embeddable":true,"href":"https:\/\/www.uutispeili.fi\/index.php\/wp-json\/wp\/v2\/tags?post=5795"}],"curies":[{"name":"wp","href":"https:\/\/api.w.org\/{rel}","templated":true}]}}