{"id":5760,"date":"2025-03-26T13:19:32","date_gmt":"2025-03-26T13:19:32","guid":{"rendered":"https:\/\/www.uutispeili.fi\/?p=5760"},"modified":"2025-03-26T13:19:32","modified_gmt":"2025-03-26T13:19:32","slug":"protesteja-hamasia-vastaan-gazassa-missa-palestiinan-lipun-heiluttajat-ovat-nyt","status":"publish","type":"post","link":"https:\/\/www.uutispeili.fi\/index.php\/2025\/03\/26\/protesteja-hamasia-vastaan-gazassa-missa-palestiinan-lipun-heiluttajat-ovat-nyt\/","title":{"rendered":"Protesteja Hamasia vastaan Gazassa, -miss\u00e4 Palestiinan-lipun heiluttajat ovat nyt?"},"content":{"rendered":"<p><strong>Satoja palestiinalaisia on n\u00e4hty Gazan kaduilla, vaatimassa terroristij\u00e4rjest\u00f6 Hamasia ulos Gazasta, ja sodan lopettamista. <\/strong><\/p>\n<p>Aiemmin olemme uutisoineet mm. <strong>Helsingin<\/strong> yliopiston <strong>Porthania<\/strong>n kiinteist\u00f6n kattamisesta <strong>Palestiinan<\/strong> lipuilla, ja \u00e4\u00e4nekk\u00e4iden &#8221;<em>pro-Palestiina<\/em>&#8221; -aktiivien leiriytymisest\u00e4 jopa yliopiston juhlasaliin. Kun <strong>Gaza<\/strong>n kaistalla asuvat palestiinalaiset ovat nostaneet oman \u00e4\u00e4nens\u00e4 kuuluviin, -niin hiljaiselta n\u00e4ytt\u00e4\u00e4 perinteellisen aktivismin suunnalla.<\/p>\n<p>(Jatkuu linkin j\u00e4lkeen.)<\/p>\n<blockquote class=\"wp-embedded-content\" data-secret=\"USzxQbHgYH\"><p><a href=\"https:\/\/www.uutispeili.fi\/index.php\/2024\/05\/18\/viitsisiko-joku-vastata-maahanmuuttajan-kysymykseen-onko-yliopisto-muuttunut-madrassi-kouluksi\/\">Viitsisik\u00f6 joku vastata maahanmuuttajan kysymykseen: Onko yliopisto muuttunut madrassi-kouluksi?<\/a><\/p><\/blockquote>\n<p><iframe class=\"wp-embedded-content\" sandbox=\"allow-scripts\" security=\"restricted\" style=\"position: absolute; clip: rect(1px, 1px, 1px, 1px);\" title=\"&#8221;Viitsisik\u00f6 joku vastata maahanmuuttajan kysymykseen: Onko yliopisto muuttunut madrassi-kouluksi?&#8221; &#8212; \" src=\"https:\/\/www.uutispeili.fi\/index.php\/2024\/05\/18\/viitsisiko-joku-vastata-maahanmuuttajan-kysymykseen-onko-yliopisto-muuttunut-madrassi-kouluksi\/embed\/#?secret=UQ9i3dye8L#?secret=USzxQbHgYH\" data-secret=\"USzxQbHgYH\" width=\"600\" height=\"338\" frameborder=\"0\" marginwidth=\"0\" marginheight=\"0\" scrolling=\"no\"><\/iframe><\/p>\n<p>Pohjois-Gazassa on mielenilmaisuissa vaadittu sodan lopettamista, ja slogan &#8221;<em>Hamas ulos<\/em>&#8221;, on kuultu. Lokakuun 7. <strong>Hamas<\/strong>in ja &#8217;<strong>Palestiinan islamilaisen jihaad<\/strong>in&#8217; hy\u00f6kk\u00e4yksest\u00e4 Israeliin alkanut sota ei n\u00e4yt\u00e4 olevan kovinkaan suosittu asia Pohjois-Gazassa, joka on k\u00e4rsinyt sodasta eniten.<\/p>\n<p>(Jatkuu linkin j\u00e4lkeen, -avautuu uuteen v\u00e4lilehteen.)<\/p>\n<p><a href=\"https:\/\/x.com\/visegrad24\/status\/1904868992835006526\"><img loading=\"lazy\" decoding=\"async\" class=\"aligncenter wp-image-5761 size-full\" src=\"https:\/\/www.uutispeili.fi\/wp-content\/uploads\/2025\/03\/gaza25032025-000x.png\" alt=\"\" width=\"479\" height=\"587\" srcset=\"https:\/\/www.uutispeili.fi\/wp-content\/uploads\/2025\/03\/gaza25032025-000x.png 479w, https:\/\/www.uutispeili.fi\/wp-content\/uploads\/2025\/03\/gaza25032025-000x-245x300.png 245w\" sizes=\"(max-width: 479px) 100vw, 479px\" \/><\/a><\/p>\n<blockquote><p>&#8221;Pois, ulos, ulos, Hamas ulos&#8221;, huusivat ne, jotka n\u00e4htiin yhdess\u00e4 X:ss\u00e4 julkaistuista viesteist\u00e4, ilmeisesti Gazan <strong>Beit Lahiya<\/strong>n alueelta tiistaina (25.03.). Videot n\u00e4yttiv\u00e4t ihmisi\u00e4 marssimassa p\u00f6lyisell\u00e4 kadulla sodan tuhoamien rakennusten v\u00e4liss\u00e4.<\/p><\/blockquote>\n<p>Viestit mielenilmaisuista alkoivat levit\u00e4 X:ss\u00e4 my\u00f6h\u00e4\u00e4n tiistaina (25.03.). Reuters pystyi vahvistamaan videon sijainnin rakennusten, pylv\u00e4iden ja tien asettelun perusteella, vertaamalla alueen satelliittikuviin. Videon p\u00e4iv\u00e4m\u00e4\u00e4r\u00e4\u00e4 Reuters ei pystynyt itsen\u00e4isesti vahvistamaan. Useat sosiaalisessa mediassa jaetut videot ja valokuvat osoittivat kuitenkin mielenosoituksia tapahtuneen alueella samana p\u00e4iv\u00e4n\u00e4.<\/p>\n<p>Kun ilmeisesti &#8221;aktivistien&#8221; k\u00e4siss\u00e4 ei t\u00e4n\u00e4\u00e4n lippu liehu, niin olkaapa hyv\u00e4t:<\/p>\n<p><img loading=\"lazy\" decoding=\"async\" class=\"aligncenter wp-image-5769 size-full\" src=\"https:\/\/www.uutispeili.fi\/wp-content\/uploads\/2025\/03\/Palestine_240-animated-flag-gifs.gif\" alt=\"\" width=\"240\" height=\"180\" \/><\/p>\n<p>Pohjois-Gazan asukkaat olivat joutuneet pakenemaan etel\u00e4\u00e4n Israelin sotatoimia. Aselevon 1. vaiheen aikana heit\u00e4 on palaillut, raunioiden keskelle.<\/p>\n<p>Israelin miehitysjoukkojen vet\u00e4ydytty\u00e4 v.2006 Gazasta, Hamas otti alueen hallintaansa vuonna 2007 vaaleissa, syrj\u00e4ytt\u00e4en sen j\u00e4lkeen v\u00e4kivalaisesti L\u00e4nsirantaa hallinnoivat kansainv\u00e4lisesti tunnustamattoman <strong>Palestiinan valtion<\/strong>\u00a0presidentin <strong>Mahmud Abbas<\/strong>in asettamat virkamiehet. Lokakuussa 2023 alkanut sota teki Gazasta sotan\u00e4ytt\u00e4m\u00f6n.\u00a0<img loading=\"lazy\" decoding=\"async\" class=\"alignnone size-full wp-image-144\" src=\"https:\/\/www.uutispeili.fi\/wp-content\/uploads\/2023\/11\/di.gold_.gif\" alt=\"\" width=\"11\" height=\"11\" \/><\/p>\n<p>Luettavaa:<\/p>\n<ul>\n<li><a href=\"https:\/\/thesun.my\/world-news\/hundreds-of-palestinians-in-gaza-protest-against-hamas-after-conflict-resumes-MP13857193\" target=\"_blank\" rel=\"noopener\"><strong>The Sun<\/strong><\/a> (Malesia) 26.03. 2025.<\/li>\n<\/ul>\n<blockquote class=\"wp-embedded-content\" data-secret=\"3gmikBASLA\"><p><a href=\"https:\/\/www.uutispeili.fi\/index.php\/2024\/03\/10\/palestiinalais-hallitus-vaatii-hamasin-on-luovutettava-gaza\/\">Palestiinalais-hallitus vaatii: Hamasin on luovutettava Gaza<\/a><\/p><\/blockquote>\n<p><iframe class=\"wp-embedded-content\" sandbox=\"allow-scripts\" security=\"restricted\" style=\"position: absolute; clip: rect(1px, 1px, 1px, 1px);\" title=\"&#8221;Palestiinalais-hallitus vaatii: Hamasin on luovutettava Gaza&#8221; &#8212; \" src=\"https:\/\/www.uutispeili.fi\/index.php\/2024\/03\/10\/palestiinalais-hallitus-vaatii-hamasin-on-luovutettava-gaza\/embed\/#?secret=0lelH7dWOc#?secret=3gmikBASLA\" data-secret=\"3gmikBASLA\" width=\"600\" height=\"338\" frameborder=\"0\" marginwidth=\"0\" marginheight=\"0\" scrolling=\"no\"><\/iframe><\/p>\n<blockquote class=\"wp-embedded-content\" data-secret=\"ZIEMqTJiSh\"><p><a href=\"https:\/\/www.uutispeili.fi\/index.php\/2025\/01\/20\/hamas-voitti-sodan-omasta-mielestaan-mutta-oli-jonkun-muun-proxy\/\">Hamas voitti sodan, -omasta mielest\u00e4\u00e4n- mutta oli jonkun muun proxy<\/a><\/p><\/blockquote>\n<p><iframe class=\"wp-embedded-content\" sandbox=\"allow-scripts\" security=\"restricted\" style=\"position: absolute; clip: rect(1px, 1px, 1px, 1px);\" title=\"&#8221;Hamas voitti sodan, -omasta mielest\u00e4\u00e4n- mutta oli jonkun muun proxy&#8221; &#8212; \" src=\"https:\/\/www.uutispeili.fi\/index.php\/2025\/01\/20\/hamas-voitti-sodan-omasta-mielestaan-mutta-oli-jonkun-muun-proxy\/embed\/#?secret=mKt7MPVgHN#?secret=ZIEMqTJiSh\" data-secret=\"ZIEMqTJiSh\" width=\"600\" height=\"338\" frameborder=\"0\" marginwidth=\"0\" marginheight=\"0\" scrolling=\"no\"><\/iframe><\/p>\n<blockquote class=\"wp-embedded-content\" data-secret=\"1CBUi3fYQo\"><p><a href=\"https:\/\/www.uutispeili.fi\/index.php\/2025\/02\/02\/hamasin-johtoa-taas-vaihteeksi-moskovassa-maanantaina\/\">Hamasin johtoa taas vaihteeksi Moskovassa maanantaina<\/a><\/p><\/blockquote>\n<p><iframe class=\"wp-embedded-content\" sandbox=\"allow-scripts\" security=\"restricted\" style=\"position: absolute; clip: rect(1px, 1px, 1px, 1px);\" title=\"&#8221;Hamasin johtoa taas vaihteeksi Moskovassa maanantaina&#8221; &#8212; \" src=\"https:\/\/www.uutispeili.fi\/index.php\/2025\/02\/02\/hamasin-johtoa-taas-vaihteeksi-moskovassa-maanantaina\/embed\/#?secret=a15mEfY0Rz#?secret=1CBUi3fYQo\" data-secret=\"1CBUi3fYQo\" width=\"600\" height=\"338\" frameborder=\"0\" marginwidth=\"0\" marginheight=\"0\" scrolling=\"no\"><\/iframe><\/p>\n<blockquote class=\"wp-embedded-content\" data-secret=\"s6u6eV30Rl\"><p><a href=\"https:\/\/www.uutispeili.fi\/index.php\/2024\/03\/25\/suomalaisilla-freelance-muusikoilla-ei-sitten-ole-mitaan-kantaa-joukkomurhaan-ulkoilmafestivaaleilla-viime-lokakuussa\/\">Suomalaisilla &#8217;Freelance-muusikoilla&#8217; ei sitten ole mit\u00e4\u00e4n kantaa joukkomurhaan ulkoilmafestivaaleilla viime lokakuussa?<\/a><\/p><\/blockquote>\n<p><iframe class=\"wp-embedded-content\" sandbox=\"allow-scripts\" security=\"restricted\" style=\"position: absolute; clip: rect(1px, 1px, 1px, 1px);\" title=\"&#8221;Suomalaisilla &#8217;Freelance-muusikoilla&#8217; ei sitten ole mit\u00e4\u00e4n kantaa joukkomurhaan ulkoilmafestivaaleilla viime lokakuussa?&#8221; &#8212; \" src=\"https:\/\/www.uutispeili.fi\/index.php\/2024\/03\/25\/suomalaisilla-freelance-muusikoilla-ei-sitten-ole-mitaan-kantaa-joukkomurhaan-ulkoilmafestivaaleilla-viime-lokakuussa\/embed\/#?secret=yMRXUI7Gw4#?secret=s6u6eV30Rl\" data-secret=\"s6u6eV30Rl\" width=\"600\" height=\"338\" frameborder=\"0\" marginwidth=\"0\" marginheight=\"0\" scrolling=\"no\"><\/iframe><\/p>\n<blockquote class=\"wp-embedded-content\" data-secret=\"IMGXcmWCad\"><p><a href=\"https:\/\/www.uutispeili.fi\/index.php\/2025\/03\/07\/mita-me-olemme-unohtaneet\/\">Mit\u00e4 me olemme unohtaneet?<\/a><\/p><\/blockquote>\n<p><iframe class=\"wp-embedded-content\" sandbox=\"allow-scripts\" security=\"restricted\" style=\"position: absolute; clip: rect(1px, 1px, 1px, 1px);\" title=\"&#8221;Mit\u00e4 me olemme unohtaneet?&#8221; &#8212; \" src=\"https:\/\/www.uutispeili.fi\/index.php\/2025\/03\/07\/mita-me-olemme-unohtaneet\/embed\/#?secret=ytxUuTsLFW#?secret=IMGXcmWCad\" data-secret=\"IMGXcmWCad\" width=\"600\" height=\"338\" frameborder=\"0\" marginwidth=\"0\" marginheight=\"0\" scrolling=\"no\"><\/iframe><\/p>\n","protected":false},"excerpt":{"rendered":"<p>Satoja palestiinalaisia on n\u00e4hty Gazan kaduilla, vaatimassa terroristij\u00e4rjest\u00f6 Hamasia ulos Gazasta, ja sodan lopettamista. Aiemmin olemme uutisoineet mm. Helsingin yliopiston Porthanian kiinteist\u00f6n kattamisesta Palestiinan lipuilla, ja \u00e4\u00e4nekk\u00e4iden &#8221;pro-Palestiina&#8221; -aktiivien leiriytymisest\u00e4 jopa yliopiston juhlasaliin. Kun Gazan kaistalla asuvat palestiinalaiset ovat nostaneet oman \u00e4\u00e4nens\u00e4 kuuluviin, -niin hiljaiselta n\u00e4ytt\u00e4\u00e4 perinteellisen aktivismin suunnalla. (Jatkuu linkin j\u00e4lkeen.) Viitsisik\u00f6 joku vastata [&hellip;]<\/p>\n","protected":false},"author":3,"featured_media":5764,"comment_status":"open","ping_status":"open","sticky":false,"template":"","format":"standard","meta":{"footnotes":""},"categories":[151,161,71],"tags":[],"_links":{"self":[{"href":"https:\/\/www.uutispeili.fi\/index.php\/wp-json\/wp\/v2\/posts\/5760"}],"collection":[{"href":"https:\/\/www.uutispeili.fi\/index.php\/wp-json\/wp\/v2\/posts"}],"about":[{"href":"https:\/\/www.uutispeili.fi\/index.php\/wp-json\/wp\/v2\/types\/post"}],"author":[{"embeddable":true,"href":"https:\/\/www.uutispeili.fi\/index.php\/wp-json\/wp\/v2\/users\/3"}],"replies":[{"embeddable":true,"href":"https:\/\/www.uutispeili.fi\/index.php\/wp-json\/wp\/v2\/comments?post=5760"}],"version-history":[{"count":4,"href":"https:\/\/www.uutispeili.fi\/index.php\/wp-json\/wp\/v2\/posts\/5760\/revisions"}],"predecessor-version":[{"id":5771,"href":"https:\/\/www.uutispeili.fi\/index.php\/wp-json\/wp\/v2\/posts\/5760\/revisions\/5771"}],"wp:featuredmedia":[{"embeddable":true,"href":"https:\/\/www.uutispeili.fi\/index.php\/wp-json\/wp\/v2\/media\/5764"}],"wp:attachment":[{"href":"https:\/\/www.uutispeili.fi\/index.php\/wp-json\/wp\/v2\/media?parent=5760"}],"wp:term":[{"taxonomy":"category","embeddable":true,"href":"https:\/\/www.uutispeili.fi\/index.php\/wp-json\/wp\/v2\/categories?post=5760"},{"taxonomy":"post_tag","embeddable":true,"href":"https:\/\/www.uutispeili.fi\/index.php\/wp-json\/wp\/v2\/tags?post=5760"}],"curies":[{"name":"wp","href":"https:\/\/api.w.org\/{rel}","templated":true}]}}