{"id":5757,"date":"2025-03-25T22:16:47","date_gmt":"2025-03-25T22:16:47","guid":{"rendered":"https:\/\/www.uutispeili.fi\/?p=5757"},"modified":"2025-03-25T22:16:47","modified_gmt":"2025-03-25T22:16:47","slug":"kansanedustaja-antikainen-kulttuurieliitti-ei-voi-elaa-veronmaksajien-siivella-myos-kulttuurialan-on-osallistuttava-saastotalkoisiin","status":"publish","type":"post","link":"https:\/\/www.uutispeili.fi\/index.php\/2025\/03\/25\/kansanedustaja-antikainen-kulttuurieliitti-ei-voi-elaa-veronmaksajien-siivella-myos-kulttuurialan-on-osallistuttava-saastotalkoisiin\/","title":{"rendered":"Kansanedustaja Antikainen: Kulttuurieliitti ei voi el\u00e4\u00e4 veronmaksajien siivell\u00e4 \u2013 my\u00f6s kulttuurialan on osallistuttava s\u00e4\u00e4st\u00f6talkoisiin"},"content":{"rendered":"<p><strong>Kotimaisen elokuva-alan Jussi-gaalaa vietettiin viime perjantaina 21.3. Monet n\u00e4yttelij\u00e4t kauhistelivat kulttuurialan tilannetta ja leikkauksia muun muassa median haastatteluissa gaalan punaisella matolla. He kritisoivat hallitusta siit\u00e4, ett\u00e4 &#8221;alaa ajetaan alas&#8221;. <\/strong><\/p>\n<p>Perussuomalaisten kansanedustaja <strong>Sanna Antikainen<\/strong> muistuttaa, ett\u00e4 my\u00f6s kulttuurialan on osallistuttava talouden s\u00e4\u00e4st\u00f6talkoisiin.<\/p>\n<h3><em>Suomessa on etuoikeutettu kulttuurieliitti<\/em><\/h3>\n<blockquote><p>&#8211; Ei voi olla niin, ett\u00e4 Suomessa on jokin etuoikeutettu kulttuurieliitti, joka voi j\u00e4\u00e4d\u00e4 t\u00e4ss\u00e4 taloustilanteessa s\u00e4\u00e4st\u00f6talkoiden ulkopuolelle. Suomessa muidenkin ty\u00f6ntekij\u00f6iden on tultava toimeen omalla ty\u00f6ll\u00e4\u00e4n ja yritysten on menestytt\u00e4v\u00e4, ett\u00e4 ne pysyv\u00e4t pystyss\u00e4. Miksi meill\u00e4 pit\u00e4isi olla veronmaksajien yll\u00e4pit\u00e4m\u00e4 kulttuuriala.<\/p><\/blockquote>\n<h3><em>Kulttuurista on leikattu vain kolme prosenttia<\/em><\/h3>\n<p>Antikaisen mielest\u00e4 ylimielinen kulttuurieliitti vaikuttaa varsin kiitt\u00e4m\u00e4tt\u00f6m\u00e4lt\u00e4.<\/p>\n<p>&#8211; Ehk\u00e4 heilt\u00e4 t\u00e4ytyy leikata viel\u00e4 lis\u00e4\u00e4. Aloitetaan vaikkapa kymmenest\u00e4 prosentista n\u00e4in alkuun. Se olisi varmasti hyv\u00e4 muistutus my\u00f6s kulttuurieliitille siit\u00e4, miss\u00e4 jamassa Suomen talous on ja ett\u00e4 kaikkien on osallistuttava talkoisiin. Heilt\u00e4 on leikattu nyt vain kolme prosenttia, joka on noin 17 miljoonaa euroa. Valtio rahoittaa kulttuuria ja taidetta edelleen noin 1,3 miljardilla eurolla.<\/p>\n<p>&#8211; T\u00e4m\u00e4 hallitus on sitoutunut korjaamaan taloutta, emmek\u00e4 voi j\u00e4tt\u00e4\u00e4 valtavaa velkataakkaa tuleville sukupolville.<\/p>\n<blockquote><p>Kulttuurieliitti on liian tottunut siihen, ett\u00e4 valtio el\u00e4\u00e4 velaksi ja he saavat harrastella taidetta veronmaksajien piikkiin.<\/p><\/blockquote>\n<p>Heid\u00e4nkin olisi syyt\u00e4 opetella taloudenpitoa edes sen verran, ett\u00e4 ymm\u00e4rt\u00e4v\u00e4t, ettei velkaraha ole ilmaista ja ty\u00f6n tekemisell\u00e4 on ansaittava elantonsa.<\/p>\n<h3><em>Kulttuuriv\u00e4ki on liian irtaantunut reaalimaailmasta<\/em><\/h3>\n<p>&#8211; Valtiontalous on saatava kuntoon. Jos omalla ty\u00f6ll\u00e4\u00e4n ei tule toimeen, ei se ole hallituksen vika. T\u00e4llainen gaalassa esiintynyt taloudenpidossa osaamattomien artistien provosointi ei ole alalle eduksi. Kulttuuriv\u00e4ki on liian irtaantunut reaalimaailmasta. Heid\u00e4n on nyt syyt\u00e4 saada ryhti\u00e4 el\u00e4m\u00e4\u00e4ns\u00e4 ja alkaa tekem\u00e4\u00e4n kannattavia produktioita ja ansaita elantonsa niin kuin muutkin suomalaiset joutuvat tekem\u00e4\u00e4n. <img loading=\"lazy\" decoding=\"async\" class=\"alignnone size-full wp-image-144\" src=\"https:\/\/www.uutispeili.fi\/wp-content\/uploads\/2023\/11\/di.gold_.gif\" alt=\"\" width=\"11\" height=\"11\" \/><\/p>\n<p>(Uutispeili ei ole muokannut artikkelin sis\u00e4lt\u00f6\u00e4.)<\/p>\n","protected":false},"excerpt":{"rendered":"<p>Kotimaisen elokuva-alan Jussi-gaalaa vietettiin viime perjantaina 21.3. Monet n\u00e4yttelij\u00e4t kauhistelivat kulttuurialan tilannetta ja leikkauksia muun muassa median haastatteluissa gaalan punaisella matolla. He kritisoivat hallitusta siit\u00e4, ett\u00e4 &#8221;alaa ajetaan alas&#8221;. Perussuomalaisten kansanedustaja Sanna Antikainen muistuttaa, ett\u00e4 my\u00f6s kulttuurialan on osallistuttava talouden s\u00e4\u00e4st\u00f6talkoisiin. Suomessa on etuoikeutettu kulttuurieliitti &#8211; Ei voi olla niin, ett\u00e4 Suomessa on jokin etuoikeutettu [&hellip;]<\/p>\n","protected":false},"author":3,"featured_media":2227,"comment_status":"open","ping_status":"open","sticky":false,"template":"","format":"standard","meta":{"footnotes":""},"categories":[49,38],"tags":[],"_links":{"self":[{"href":"https:\/\/www.uutispeili.fi\/index.php\/wp-json\/wp\/v2\/posts\/5757"}],"collection":[{"href":"https:\/\/www.uutispeili.fi\/index.php\/wp-json\/wp\/v2\/posts"}],"about":[{"href":"https:\/\/www.uutispeili.fi\/index.php\/wp-json\/wp\/v2\/types\/post"}],"author":[{"embeddable":true,"href":"https:\/\/www.uutispeili.fi\/index.php\/wp-json\/wp\/v2\/users\/3"}],"replies":[{"embeddable":true,"href":"https:\/\/www.uutispeili.fi\/index.php\/wp-json\/wp\/v2\/comments?post=5757"}],"version-history":[{"count":2,"href":"https:\/\/www.uutispeili.fi\/index.php\/wp-json\/wp\/v2\/posts\/5757\/revisions"}],"predecessor-version":[{"id":5759,"href":"https:\/\/www.uutispeili.fi\/index.php\/wp-json\/wp\/v2\/posts\/5757\/revisions\/5759"}],"wp:featuredmedia":[{"embeddable":true,"href":"https:\/\/www.uutispeili.fi\/index.php\/wp-json\/wp\/v2\/media\/2227"}],"wp:attachment":[{"href":"https:\/\/www.uutispeili.fi\/index.php\/wp-json\/wp\/v2\/media?parent=5757"}],"wp:term":[{"taxonomy":"category","embeddable":true,"href":"https:\/\/www.uutispeili.fi\/index.php\/wp-json\/wp\/v2\/categories?post=5757"},{"taxonomy":"post_tag","embeddable":true,"href":"https:\/\/www.uutispeili.fi\/index.php\/wp-json\/wp\/v2\/tags?post=5757"}],"curies":[{"name":"wp","href":"https:\/\/api.w.org\/{rel}","templated":true}]}}