{"id":5728,"date":"2025-03-22T12:47:23","date_gmt":"2025-03-22T12:47:23","guid":{"rendered":"https:\/\/www.uutispeili.fi\/?p=5728"},"modified":"2025-03-22T12:47:24","modified_gmt":"2025-03-22T12:47:24","slug":"damaskoksen-hallinto-pyytaa-venajalta-al-assadin-luovuttamista","status":"publish","type":"post","link":"https:\/\/www.uutispeili.fi\/index.php\/2025\/03\/22\/damaskoksen-hallinto-pyytaa-venajalta-al-assadin-luovuttamista\/","title":{"rendered":"Damaskoksen hallinto pyyt\u00e4\u00e4 Ven\u00e4j\u00e4lt\u00e4 al-Assadin luovuttamista"},"content":{"rendered":"<p><strong>Syyrian v\u00e4liaikainen presidentti\u00a0 on esitt\u00e4nyt virallisen luovutuspyynn\u00f6n, koskien Moskovassa nykyisin asuvaa Bashar al-Assadia.<\/strong><\/p>\n<p><strong>Syyrian<\/strong> entinen presidentti, <strong>Bashar al-Assad<\/strong>, viett\u00e4\u00e4 nykyisin aikaansa <strong>Moskova<\/strong>ssa, jossa h\u00e4n omistaa arvokiinteist\u00f6j\u00e4. <strong>Ven\u00e4j\u00e4<\/strong>n pitk\u00e4aikainen syyrialainen liittolainen ei siis saapunut tyhjin taskuin, -kuten mm. Neuvostoliittoon tukeutuneen Somalian marxilaisen diktaattorin <strong>Muhammed Siad-Barre<\/strong>n joukot, jotka v-1991 j\u00e4lleen dumpattiin <strong>Suomeen<\/strong>, -ven\u00e4l\u00e4isen vieraanvaraisuuden loputtua.<\/p>\n<p>Damaskksen viime joulukuussa vallannut <strong>Ahmad al-Shara&#8217;a<\/strong> (<strong>HTS<\/strong>, al-Qaeda) vaatiikin nyt <span style=\"font-size: revert; color: initial;\">ven\u00e4l\u00e4iselt\u00e4 kollegaltaan, <strong>Vladimir Vladimirovitsh Putin<\/strong>ilta, ett\u00e4 t\u00e4m\u00e4 luovuttaa Bashar al-Assadin Syyriaan, &#8221;<em>oikeudenk\u00e4yntia varten<\/em>&#8221;. Uutinen ei kerro, tapahtuuko k\u00e4r\u00e4j\u00f6inti Syyriassa voimassaolevan lains\u00e4\u00e4d\u00e4nn\u00f6n, vaiko &#8221;<em><strong>sharian<\/strong><\/em>&#8221; (uskonnollisen lain) mukaan.<\/span><\/p>\n<p>Ven\u00e4j\u00e4\u00e4 on jo aiemmin maaliskuussa pyydetty palauttamaan entisen presidentin Moskovaan tallettamat varat. Damaskoksessa vieraillut Ven\u00e4j\u00e4n varaulkoministeri <strong>Mihail Bogdano<\/strong>v v\u00e4itti kuitenkin al-Shara&#8217;aalle, ettei Assad ollut tallettanut varoja Ven\u00e4j\u00e4lle. (-Jaa ett\u00e4 rahat on jo jaettu?)<\/p>\n<p>Tiett\u00e4v\u00e4sti julmuuksia suosinut -diktaattoriksikin tituleerattu- Bashar al-Assad oli dynastiansa toinen Syyrian valtionp\u00e4\u00e4mies. H\u00e4n kukisti brutaalisti syyrialaisten kapinan itse\u00e4\u00e4n vastaan v.2011, ja seuraavana vuonna alkaneen &#8217;<strong>islamilaisen valtion<\/strong>&#8217; IS:n (ISIS, ISIL, Da&#8217;esh) hy\u00f6kk\u00e4yksen torjumisessa al-Assadin hallituksen armeija &#8211;<strong>Syrian Arab Army<\/strong> (SAA)- kantoi p\u00e4\u00e4vastuun l\u00e4ntisess\u00e4 Syyriassa, &#8211;<strong>Ven\u00e4j\u00e4<\/strong>n, <strong>Iran<\/strong>in ja <strong>Hezbollah<\/strong>in sotilaallisella tuella.<\/p>\n<p>Eufratista it\u00e4\u00e4n vastuun kantoi -maataisteluissa- kurdien <strong>Syrian Demokratic Forces<\/strong> (SDF), amerikkalaisyen tuella. Mm. HTS:\u00e4\u00e4 (Hay&#8217;at Tahris al-Sham, =al-Qaeada) Syyrian &#8221;sis\u00e4llissodassa&#8221; sotilaallisesti tukenut <strong>Turkki<\/strong> hy\u00f6kk\u00e4si Syyriaan syksyll\u00e4 2019, jolloin silloinen <strong>Yhdysvaltain<\/strong> presidentti Donald Trump asettui tukemaan Turkin presidentti <strong>Recep Tayyip Erdogan<\/strong>in aloittamaa hy\u00f6kk\u00e4yssotaa Syyriassa, -hyl\u00e4ten <strong>Pentagon<\/strong>in suureksi tyrmistykseksi Yhdysvaltain pitk\u00e4aikaiset liittolaiset, kurdit.<\/p>\n<p>T\u00e4ll\u00e4 kertaa ven\u00e4l\u00e4iset myyv\u00e4t liittolaisensa, -s\u00e4ilytt\u00e4\u00e4kseen jalansijansa L\u00e4hi-Id\u00e4ss\u00e4. <img loading=\"lazy\" decoding=\"async\" class=\"alignnone size-full wp-image-144\" src=\"https:\/\/www.uutispeili.fi\/wp-content\/uploads\/2023\/11\/di.gold_.gif\" alt=\"\" width=\"11\" height=\"11\" \/><\/p>\n<p>Luettavaa:<\/p>\n<ul>\n<li><a href=\"https:\/\/www.alarabiya.net\/arab-and-world\/syria\/2025\/03\/22\/%D8%A7%D9%84%D8%B4%D8%B1%D8%B9-%D9%8A%D9%82%D8%AF%D9%85-%D8%B7%D9%84%D8%A8%D8%A7-%D8%B1%D8%B3%D9%85%D9%8A%D8%A7-%D9%84%D8%A8%D9%88%D8%AA%D9%8A%D9%86-%D8%A8%D8%AA%D8%B3%D9%84%D9%8A%D9%85-%D8%A7%D9%84%D8%A3%D8%B3%D8%AF-%D9%84%D9%85%D8%AD%D8%A7%D9%83%D9%85%D8%AA%D9%87-%D8%A8%D8%B3%D9%88%D8%B1%D9%8A%D8%A7\" target=\"_blank\" rel=\"noopener\"><strong>Al-Arabiy<\/strong>a 22.03. 2025,<\/a><\/li>\n<\/ul>\n<blockquote class=\"wp-embedded-content\" data-secret=\"sevTA4FfEc\"><p><a href=\"https:\/\/www.uutispeili.fi\/index.php\/2025\/02\/12\/al-sharaa-syyrialla-ja-venajalla-vahvat-strategiset-siteet\/\">Al-Shara&#8217;a: Syyrialla ja Ven\u00e4j\u00e4ll\u00e4 &#8221;vahvat strategiset siteet&#8217;<\/a><\/p><\/blockquote>\n<p><iframe class=\"wp-embedded-content\" sandbox=\"allow-scripts\" security=\"restricted\" style=\"position: absolute; clip: rect(1px, 1px, 1px, 1px);\" title=\"&#8221;Al-Shara&#8217;a: Syyrialla ja Ven\u00e4j\u00e4ll\u00e4 &#8221;vahvat strategiset siteet&#8217;&#8221; &#8212; \" src=\"https:\/\/www.uutispeili.fi\/index.php\/2025\/02\/12\/al-sharaa-syyrialla-ja-venajalla-vahvat-strategiset-siteet\/embed\/#?secret=jBC7d8loHD#?secret=sevTA4FfEc\" data-secret=\"sevTA4FfEc\" width=\"600\" height=\"338\" frameborder=\"0\" marginwidth=\"0\" marginheight=\"0\" scrolling=\"no\"><\/iframe><\/p>\n<blockquote class=\"wp-embedded-content\" data-secret=\"rHEDnf7WM8\"><p><a href=\"https:\/\/www.uutispeili.fi\/index.php\/2025\/01\/03\/vaite-bashar-al-assad-sairaalaan-moskovassa-myrkytyksen-kaltaisia-oireita\/\">V\u00e4ite: Bashar al-Assad sairaalaan Moskovassa, &#8217;myrkytyksen kaltaisia \u200b\u200boireita&#8217;<\/a><\/p><\/blockquote>\n<p><iframe class=\"wp-embedded-content\" sandbox=\"allow-scripts\" security=\"restricted\" style=\"position: absolute; clip: rect(1px, 1px, 1px, 1px);\" title=\"&#8221;V\u00e4ite: Bashar al-Assad sairaalaan Moskovassa, &#8217;myrkytyksen kaltaisia \u200b\u200boireita&#8217;&#8221; &#8212; \" src=\"https:\/\/www.uutispeili.fi\/index.php\/2025\/01\/03\/vaite-bashar-al-assad-sairaalaan-moskovassa-myrkytyksen-kaltaisia-oireita\/embed\/#?secret=WkMLeGYqBP#?secret=rHEDnf7WM8\" data-secret=\"rHEDnf7WM8\" width=\"600\" height=\"338\" frameborder=\"0\" marginwidth=\"0\" marginheight=\"0\" scrolling=\"no\"><\/iframe><\/p>\n<blockquote class=\"wp-embedded-content\" data-secret=\"uCJdmGSV9o\"><p><a href=\"https:\/\/www.uutispeili.fi\/index.php\/2024\/12\/11\/assad-varasti-135-miljardia-vei-venajalle\/\">Assad varasti 135 miljardia, vei Ven\u00e4j\u00e4lle<\/a><\/p><\/blockquote>\n<p><iframe class=\"wp-embedded-content\" sandbox=\"allow-scripts\" security=\"restricted\" style=\"position: absolute; clip: rect(1px, 1px, 1px, 1px);\" title=\"&#8221;Assad varasti 135 miljardia, vei Ven\u00e4j\u00e4lle&#8221; &#8212; \" src=\"https:\/\/www.uutispeili.fi\/index.php\/2024\/12\/11\/assad-varasti-135-miljardia-vei-venajalle\/embed\/#?secret=bcdCseYtbR#?secret=uCJdmGSV9o\" data-secret=\"uCJdmGSV9o\" width=\"600\" height=\"338\" frameborder=\"0\" marginwidth=\"0\" marginheight=\"0\" scrolling=\"no\"><\/iframe><\/p>\n<blockquote class=\"wp-embedded-content\" data-secret=\"qbnmGGWhNt\"><p><a href=\"https:\/\/www.uutispeili.fi\/index.php\/2024\/12\/09\/al-assadin-ei-tarvitse-moskovassa-majoittua-vastaanottokeskukseen-osti-miljoonakamppia-jo-ennen-syyrian-tilanteen-kiristymista\/\">Al-Assadin ei tarvitse Moskovassa majoittua vastaanottokeskukseen: Osti miljoonak\u00e4mppi\u00e4, -jo ennen Syyrian tilanteen kiristymist\u00e4<\/a><\/p><\/blockquote>\n<p><iframe class=\"wp-embedded-content\" sandbox=\"allow-scripts\" security=\"restricted\" style=\"position: absolute; clip: rect(1px, 1px, 1px, 1px);\" title=\"&#8221;Al-Assadin ei tarvitse Moskovassa majoittua vastaanottokeskukseen: Osti miljoonak\u00e4mppi\u00e4, -jo ennen Syyrian tilanteen kiristymist\u00e4&#8221; &#8212; \" src=\"https:\/\/www.uutispeili.fi\/index.php\/2024\/12\/09\/al-assadin-ei-tarvitse-moskovassa-majoittua-vastaanottokeskukseen-osti-miljoonakamppia-jo-ennen-syyrian-tilanteen-kiristymista\/embed\/#?secret=ydflFo2IW8#?secret=qbnmGGWhNt\" data-secret=\"qbnmGGWhNt\" width=\"600\" height=\"338\" frameborder=\"0\" marginwidth=\"0\" marginheight=\"0\" scrolling=\"no\"><\/iframe><\/p>\n<blockquote class=\"wp-embedded-content\" data-secret=\"4P9vhpVyaD\"><p><a href=\"https:\/\/www.uutispeili.fi\/index.php\/2024\/12\/09\/moskova-kutsui-al-assadia-kuten-monia-ennen-hanta\/\">Moskova kutsui al-Assadia, -kuten monia ennen h\u00e4nt\u00e4<\/a><\/p><\/blockquote>\n<p><iframe class=\"wp-embedded-content\" sandbox=\"allow-scripts\" security=\"restricted\" style=\"position: absolute; clip: rect(1px, 1px, 1px, 1px);\" title=\"&#8221;Moskova kutsui al-Assadia, -kuten monia ennen h\u00e4nt\u00e4&#8221; &#8212; \" src=\"https:\/\/www.uutispeili.fi\/index.php\/2024\/12\/09\/moskova-kutsui-al-assadia-kuten-monia-ennen-hanta\/embed\/#?secret=t5HWkK4hxi#?secret=4P9vhpVyaD\" data-secret=\"4P9vhpVyaD\" width=\"600\" height=\"338\" frameborder=\"0\" marginwidth=\"0\" marginheight=\"0\" scrolling=\"no\"><\/iframe><\/p>\n<blockquote class=\"wp-embedded-content\" data-secret=\"devcOEUxuF\"><p><a href=\"https:\/\/www.uutispeili.fi\/index.php\/2025\/03\/08\/vakivalta-jatkuu-syyriassa\/\">V\u00e4kivalta jatkuu Syyriassa<\/a><\/p><\/blockquote>\n<p><iframe class=\"wp-embedded-content\" sandbox=\"allow-scripts\" security=\"restricted\" style=\"position: absolute; clip: rect(1px, 1px, 1px, 1px);\" title=\"&#8221;V\u00e4kivalta jatkuu Syyriassa&#8221; &#8212; \" src=\"https:\/\/www.uutispeili.fi\/index.php\/2025\/03\/08\/vakivalta-jatkuu-syyriassa\/embed\/#?secret=7XUDRioHiC#?secret=devcOEUxuF\" data-secret=\"devcOEUxuF\" width=\"600\" height=\"338\" frameborder=\"0\" marginwidth=\"0\" marginheight=\"0\" scrolling=\"no\"><\/iframe><\/p>\n<blockquote class=\"wp-embedded-content\" data-secret=\"WDbh30zNh7\"><p><a href=\"https:\/\/www.uutispeili.fi\/index.php\/2025\/01\/28\/venajan-varaulkoministeri-tanaan-damaskoksessa-tartusin-satama-puheena\/\">Ven\u00e4j\u00e4n varaulkoministeri t\u00e4n\u00e4\u00e4n Damaskoksessa. Tartus&#8217;in satama puheena<\/a><\/p><\/blockquote>\n<p><iframe class=\"wp-embedded-content\" sandbox=\"allow-scripts\" security=\"restricted\" style=\"position: absolute; clip: rect(1px, 1px, 1px, 1px);\" title=\"&#8221;Ven\u00e4j\u00e4n varaulkoministeri t\u00e4n\u00e4\u00e4n Damaskoksessa. Tartus&#8217;in satama puheena&#8221; &#8212; \" src=\"https:\/\/www.uutispeili.fi\/index.php\/2025\/01\/28\/venajan-varaulkoministeri-tanaan-damaskoksessa-tartusin-satama-puheena\/embed\/#?secret=fMy3VdU0Cr#?secret=WDbh30zNh7\" data-secret=\"WDbh30zNh7\" width=\"600\" height=\"338\" frameborder=\"0\" marginwidth=\"0\" marginheight=\"0\" scrolling=\"no\"><\/iframe><\/p>\n","protected":false},"excerpt":{"rendered":"<p>Syyrian v\u00e4liaikainen presidentti\u00a0 on esitt\u00e4nyt virallisen luovutuspyynn\u00f6n, koskien Moskovassa nykyisin asuvaa Bashar al-Assadia. Syyrian entinen presidentti, Bashar al-Assad, viett\u00e4\u00e4 nykyisin aikaansa Moskovassa, jossa h\u00e4n omistaa arvokiinteist\u00f6j\u00e4. Ven\u00e4j\u00e4n pitk\u00e4aikainen syyrialainen liittolainen ei siis saapunut tyhjin taskuin, -kuten mm. Neuvostoliittoon tukeutuneen Somalian marxilaisen diktaattorin Muhammed Siad-Barren joukot, jotka v-1991 j\u00e4lleen dumpattiin Suomeen, -ven\u00e4l\u00e4isen vieraanvaraisuuden loputtua. Damaskksen viime [&hellip;]<\/p>\n","protected":false},"author":3,"featured_media":5729,"comment_status":"open","ping_status":"open","sticky":false,"template":"","format":"standard","meta":{"footnotes":""},"categories":[71,122,74],"tags":[],"_links":{"self":[{"href":"https:\/\/www.uutispeili.fi\/index.php\/wp-json\/wp\/v2\/posts\/5728"}],"collection":[{"href":"https:\/\/www.uutispeili.fi\/index.php\/wp-json\/wp\/v2\/posts"}],"about":[{"href":"https:\/\/www.uutispeili.fi\/index.php\/wp-json\/wp\/v2\/types\/post"}],"author":[{"embeddable":true,"href":"https:\/\/www.uutispeili.fi\/index.php\/wp-json\/wp\/v2\/users\/3"}],"replies":[{"embeddable":true,"href":"https:\/\/www.uutispeili.fi\/index.php\/wp-json\/wp\/v2\/comments?post=5728"}],"version-history":[{"count":2,"href":"https:\/\/www.uutispeili.fi\/index.php\/wp-json\/wp\/v2\/posts\/5728\/revisions"}],"predecessor-version":[{"id":5732,"href":"https:\/\/www.uutispeili.fi\/index.php\/wp-json\/wp\/v2\/posts\/5728\/revisions\/5732"}],"wp:featuredmedia":[{"embeddable":true,"href":"https:\/\/www.uutispeili.fi\/index.php\/wp-json\/wp\/v2\/media\/5729"}],"wp:attachment":[{"href":"https:\/\/www.uutispeili.fi\/index.php\/wp-json\/wp\/v2\/media?parent=5728"}],"wp:term":[{"taxonomy":"category","embeddable":true,"href":"https:\/\/www.uutispeili.fi\/index.php\/wp-json\/wp\/v2\/categories?post=5728"},{"taxonomy":"post_tag","embeddable":true,"href":"https:\/\/www.uutispeili.fi\/index.php\/wp-json\/wp\/v2\/tags?post=5728"}],"curies":[{"name":"wp","href":"https:\/\/api.w.org\/{rel}","templated":true}]}}