{"id":5641,"date":"2025-03-18T10:48:19","date_gmt":"2025-03-18T10:48:19","guid":{"rendered":"https:\/\/www.uutispeili.fi\/?p=5641"},"modified":"2025-03-18T10:48:20","modified_gmt":"2025-03-18T10:48:20","slug":"asevelvollisuuden-huomioiminen-osana-puolustusmenoja-kirjattiin-yksimielisesti-jo-vuonna-2023-sanoo-minja-koskela","status":"publish","type":"post","link":"https:\/\/www.uutispeili.fi\/index.php\/2025\/03\/18\/asevelvollisuuden-huomioiminen-osana-puolustusmenoja-kirjattiin-yksimielisesti-jo-vuonna-2023-sanoo-minja-koskela\/","title":{"rendered":"Asevelvollisuuden huomioiminen osana puolustusmenoja kirjattiin yksimielisesti jo vuonna 2023, sanoo Minja Koskela"},"content":{"rendered":"<p><strong>Yle uutisoi eilen enemmist\u00f6n eduskuntapuolueista olevan sill\u00e4 kannalla, ett\u00e4 asevelvollisuuden tulisi jatkossa vaikuttaa Naton Suomelta vaatimaan puolustusmenojen tasoon. <\/strong><\/p>\n<p>Vastaan ovat vain <strong>Kokoomus<\/strong> ja <strong>Liike nyt<\/strong>. <strong>Keskusta<\/strong> ei puolestaan ottanut kysymykseen suoraa kantaa. <strong>Vasemmistoliiton<\/strong> puheenjohtaja <strong>Minja Koskela<\/strong> on yll\u00e4ttynyt siit\u00e4, ett\u00e4 kaikki puolueet eiv\u00e4t t\u00e4t\u00e4 kannata.<\/p>\n<blockquote><p>\u2013 Olen yll\u00e4ttynyt, koska t\u00e4m\u00e4 asia on jo kertaalleen yhdess\u00e4 sovittu eduskunnassa Nato-mietinn\u00f6n yhteydess\u00e4. Perinteisesti ulko- ja turvallisuuspolitiikassa on korostettu ylivaalikautisuutta ja sen tulisi p\u00e4te\u00e4 t\u00e4ss\u00e4kin, Koskela painottaa.<\/p><\/blockquote>\n<p><strong>Ulkoasianvaliokunnan<\/strong> yksimielisess\u00e4 mietinn\u00f6ss\u00e4 koskien Suomen Nato-j\u00e4senyytt\u00e4 sanotaan, ett\u00e4:<\/p>\n<blockquote><p>\u201dValiokunta katsoo, ett\u00e4 arvioitaessa <strong>2 prosentin tavoitteen<\/strong> saavuttamista on huomioitava edell\u00e4 todettu Suomen kokonaisturvallisuutta korostava l\u00e4hestymistapa ja suorien budjettivaikutusten kannalta <strong>kustannustehokas asevelvollisuusj\u00e4rjestelm\u00e4<\/strong>, joka poikkeaa useimmista Nato-maista. Toisaalta asevelvollisuudella on my\u00f6s merkitt\u00e4vi\u00e4 ep\u00e4suoria taloudellisia vaikutuksia asevelvollisten ollessa ty\u00f6markkinoiden ulkopuolella palvelusaikana.\u201d<\/p><\/blockquote>\n<p>\u2013 Vasemmistoliitto on ollut t\u00e4ll\u00e4 kannalla jo pitk\u00e4\u00e4n. On oleellista, ett\u00e4 puolustusmenoja laskettaessa kaikki puolustuksen osatekij\u00e4t otetaan huomioon. Pidimme t\u00e4rke\u00e4n\u00e4, ett\u00e4 Nato-mietinn\u00f6n yhteydess\u00e4 asia my\u00f6s yhdess\u00e4 kirjattiin, Koskela sanoo.<\/p>\n<p>Koskela ei my\u00f6sk\u00e4\u00e4n ymm\u00e4rr\u00e4 puheita \u201d<em>laskennallisesta kikkailusta<\/em>\u201d tai siit\u00e4, ett\u00e4 Suomi p\u00e4\u00e4sisi t\u00e4ll\u00e4 tavalla jotenkin helpommalla.<\/p>\n<blockquote><p>\u2013 Suomi panostaa asevelvollisuusarmeijallaan merkitt\u00e4v\u00e4ll\u00e4 tavalla puolustukseen. Sen laskeminen mukaan puolustusmenoihin ei ole kikkailua, vaan eritt\u00e4in perusteltua, Koskela sanoo. <img loading=\"lazy\" decoding=\"async\" class=\"alignnone size-full wp-image-144\" src=\"https:\/\/www.uutispeili.fi\/wp-content\/uploads\/2023\/11\/di.gold_.gif\" alt=\"\" width=\"11\" height=\"11\" \/><\/p><\/blockquote>\n<p>(Uutispeili ei ole muokannut artikkelin sis\u00e4lt\u00f6\u00e4.)<\/p>\n","protected":false},"excerpt":{"rendered":"<p>Yle uutisoi eilen enemmist\u00f6n eduskuntapuolueista olevan sill\u00e4 kannalla, ett\u00e4 asevelvollisuuden tulisi jatkossa vaikuttaa Naton Suomelta vaatimaan puolustusmenojen tasoon. Vastaan ovat vain Kokoomus ja Liike nyt. Keskusta ei puolestaan ottanut kysymykseen suoraa kantaa. Vasemmistoliiton puheenjohtaja Minja Koskela on yll\u00e4ttynyt siit\u00e4, ett\u00e4 kaikki puolueet eiv\u00e4t t\u00e4t\u00e4 kannata. \u2013 Olen yll\u00e4ttynyt, koska t\u00e4m\u00e4 asia on jo kertaalleen yhdess\u00e4 [&hellip;]<\/p>\n","protected":false},"author":3,"featured_media":3970,"comment_status":"open","ping_status":"open","sticky":false,"template":"","format":"standard","meta":{"footnotes":""},"categories":[49,68],"tags":[],"_links":{"self":[{"href":"https:\/\/www.uutispeili.fi\/index.php\/wp-json\/wp\/v2\/posts\/5641"}],"collection":[{"href":"https:\/\/www.uutispeili.fi\/index.php\/wp-json\/wp\/v2\/posts"}],"about":[{"href":"https:\/\/www.uutispeili.fi\/index.php\/wp-json\/wp\/v2\/types\/post"}],"author":[{"embeddable":true,"href":"https:\/\/www.uutispeili.fi\/index.php\/wp-json\/wp\/v2\/users\/3"}],"replies":[{"embeddable":true,"href":"https:\/\/www.uutispeili.fi\/index.php\/wp-json\/wp\/v2\/comments?post=5641"}],"version-history":[{"count":1,"href":"https:\/\/www.uutispeili.fi\/index.php\/wp-json\/wp\/v2\/posts\/5641\/revisions"}],"predecessor-version":[{"id":5642,"href":"https:\/\/www.uutispeili.fi\/index.php\/wp-json\/wp\/v2\/posts\/5641\/revisions\/5642"}],"wp:featuredmedia":[{"embeddable":true,"href":"https:\/\/www.uutispeili.fi\/index.php\/wp-json\/wp\/v2\/media\/3970"}],"wp:attachment":[{"href":"https:\/\/www.uutispeili.fi\/index.php\/wp-json\/wp\/v2\/media?parent=5641"}],"wp:term":[{"taxonomy":"category","embeddable":true,"href":"https:\/\/www.uutispeili.fi\/index.php\/wp-json\/wp\/v2\/categories?post=5641"},{"taxonomy":"post_tag","embeddable":true,"href":"https:\/\/www.uutispeili.fi\/index.php\/wp-json\/wp\/v2\/tags?post=5641"}],"curies":[{"name":"wp","href":"https:\/\/api.w.org\/{rel}","templated":true}]}}