{"id":5551,"date":"2025-03-11T14:05:14","date_gmt":"2025-03-11T14:05:14","guid":{"rendered":"https:\/\/www.uutispeili.fi\/?p=5551"},"modified":"2025-03-11T14:05:14","modified_gmt":"2025-03-11T14:05:14","slug":"kansanedustaja-johannes-yrttiaho-on-asukkaiden-turku-listan-pormestariehdokas","status":"publish","type":"post","link":"https:\/\/www.uutispeili.fi\/index.php\/2025\/03\/11\/kansanedustaja-johannes-yrttiaho-on-asukkaiden-turku-listan-pormestariehdokas\/","title":{"rendered":"Kansanedustaja Johannes Yrttiaho on &#8217;Asukkaiden Turku&#8217; -listan pormestariehdokas"},"content":{"rendered":"<p><strong>Asukkaiden Turku -yhteislista asettaa kansanedustaja, kaupunginvaltuutettu Johannes Yrttiahon pormestariehdokkaaksi huhtikuun kuntavaaleissa Turussa.<\/strong><\/p>\n<p>(Arkistokuva, kuval\u00e4hde: Eduskunta.)<\/p>\n<p>&#8211; Oma pormestariehdokas on oltava, jotta p\u00e4\u00e4semme vaalikeskusteluihin muiden kanssa samalta viivalta. <strong>Johannes Yrttiaho<\/strong> on pitk\u00e4aikaisena kaupunginvaltuutettuna ja pormestarij\u00e4rjestelm\u00e4n kriitikkona valintamme, sanoo <em>Asukkaiden Turku<\/em> -listan asiamies <strong>Taimi Linna<\/strong>. H\u00e4n muistuttaa, ett\u00e4 vaaleissa valitaan kaupunginvaltuusto eik\u00e4 pormestaria.<\/p>\n<blockquote><p>&#8211; Kunnallinen itsehallinto on asukkaiden itsehallintoa ja se toteutuu valtuustovaaleissa. Per\u00e4\u00e4nkuulutamme kriittist\u00e4 keskustelua kokoomusjohtoisen pormestarij\u00e4rjestelm\u00e4n ongelmista, Linna sanoo.<\/p><\/blockquote>\n<p>Yrttiaho j\u00e4tti pormestarimallista eri\u00e4v\u00e4n mielipiteen ty\u00f6ryhm\u00e4ss\u00e4, joka linjasi <em>Turun johtamisj\u00e4rjestelm\u00e4\u00e4<\/em> ennen 2021 vaaleja. <strong>Vasemmistoliitto<\/strong> vastusti mallia my\u00f6s valtuustossa.<\/p>\n<blockquote><p>&#8211; Katsoimme pormestarij\u00e4rjestelm\u00e4n keskitt\u00e4v\u00e4n valtaa. Se vie valtuuston vallan pienelle virkamiesten ja poliitikkojen sis\u00e4piirille sek\u00e4 h\u00e4m\u00e4rt\u00e4\u00e4 p\u00e4\u00e4t\u00f6ksenteon ja virkavalmistelun rajaa, Yrttiaho muistuttaa.<\/p>\n<p>&#8211; N\u00e4m\u00e4 ovat mallin rakenteellisia ominaisuuksia, joten ei ole yll\u00e4tys, ett\u00e4 ne ovat Turussa toteutuneet ja kuntademokratia on ajautunut kriisiin.<\/p><\/blockquote>\n<p>Helsingiss\u00e4 <strong>Erkki Tuomioja<\/strong> (sd.) on kritisoinut pormestarimallia juuri vallankeskityksest\u00e4 ja vaihtoehdottomuudesta. Yrttiaho n\u00e4kee vastaavat ongelmat Turussa:<\/p>\n<blockquote><p>&#8211; Asiat sovitaan valmiiksi suljettujen ovien takana pormestaristossa ja ajetaan sitten l\u00e4pi kaupunginhallituksesta ja valtuustosta. Esimerkiksi hallituksen kokoukset ovat nykyisin huomattavan lyhyit\u00e4, mik\u00e4 suoraan kertoo keskustelun ja vaihtoehtojen puutteesta.<\/p><\/blockquote>\n<p>Yrttiaho katsoo, ett\u00e4 kaupunginjohtajaj\u00e4rjestelm\u00e4\u00e4n siirtyminen vahvistaisi kuntademokratiaa.<\/p>\n<p>&#8211; Kaupunginjohtaja tulisi valita m\u00e4\u00e4r\u00e4ajaksi. Virkajohtaja vastaisi siit\u00e4, ett\u00e4 kuntalaisten valitsemille p\u00e4\u00e4tt\u00e4jille valmistellaan p\u00e4\u00e4t\u00f6ksenteon pohjaksi eri vaihtoehtoja, joista yhteisymm\u00e4rryst\u00e4 voidaan lautakunnissa, kaupunginhallituksessa ja valtuustossa hakea.<\/p>\n<p>&#8211; N\u00e4in asukkaiden \u00e4\u00e4ni, julkinen keskustelu ja p\u00e4\u00e4t\u00f6ksenteon avoimuus vahvistuvat, Yrttiaho tiivist\u00e4\u00e4.<\/p>\n<p>Pormestarij\u00e4rjestelm\u00e4 tiedettiin jo siihen siirrytt\u00e4ess\u00e4 my\u00f6s kalliiksi. <em>Apulaispormestarien<\/em> palkkiot nostavat hallinnon kuluja merkitt\u00e4v\u00e4sti kaupunginjohtajaj\u00e4rjestelm\u00e4\u00e4n verrattuna.<\/p>\n<h2>&#8221;<em>Apulaispormestarien teht\u00e4vill\u00e4 puolueet pidet\u00e4\u00e4n ruodussa<\/em>&#8221;<\/h2>\n<blockquote><p>&#8211; Apulaispormestarien teht\u00e4vill\u00e4 puolueet pidet\u00e4\u00e4n ruodussa. Teht\u00e4v\u00e4t ovat liian houkuttelevia niihin valituille eik\u00e4 riskej\u00e4 teht\u00e4v\u00e4n menett\u00e4misest\u00e4 haluta ottaa. Se johtaa yksi\u00e4\u00e4nisyyteen, Yrttiaho sanoo.<\/p><\/blockquote>\n<p>&#8211; <strong>Kokoomus<\/strong> on saanut pormestarisopimuksella muut puolueet toteuttamaan politiikkaansa. Suurhankkeiden, kuten raitiotien, edist\u00e4misest\u00e4 on tullut ykk\u00f6sasia eik\u00e4 avointa keskustelua haluta k\u00e4yd\u00e4. Raitiotien kuntatalousselvityskin julkistetaan vasta vaalien j\u00e4lkeen, Yrttiaho kritisoi. H\u00e4n ei pid\u00e4 raitiotiehanketta j\u00e4rkev\u00e4n\u00e4 Turulle ja vastustaa sit\u00e4 liian kalliina.<\/p>\n<p>Asukkaiden Turku -valtuustoryhm\u00e4n puheenjohtaja, kaupunginvaltuutettu <strong>Elina Sandelin<\/strong> huomauttaa, ett\u00e4 my\u00f6s pormestarij\u00e4rjestelm\u00e4\u00e4n liittyv\u00e4 lautakuntien ja niiden j\u00e4senten m\u00e4\u00e4r\u00e4n v\u00e4hent\u00e4minen heikent\u00e4\u00e4 asioihin perehtymist\u00e4 ja vaihtoehtojen punnintaa.<\/p>\n<p>&#8211; Kuntademokratian elvytt\u00e4miseksi pit\u00e4\u00e4 lautakuntien m\u00e4\u00e4r\u00e4\u00e4, j\u00e4senm\u00e4\u00e4r\u00e4\u00e4 ja toimivaltaa lis\u00e4t\u00e4, jotta asukkaat p\u00e4\u00e4sev\u00e4t paremmin vaikuttamaan asioihin my\u00f6s vaalien v\u00e4lill\u00e4, Sandelin linjaa. <img loading=\"lazy\" decoding=\"async\" class=\"alignnone size-full wp-image-144\" src=\"https:\/\/www.uutispeili.fi\/wp-content\/uploads\/2023\/11\/di.gold_.gif\" alt=\"\" width=\"11\" height=\"11\" \/><\/p>\n<p>(Uutispeili ei ole muokannut artikkelin sis\u00e4lt\u00f6\u00e4.)<\/p>\n","protected":false},"excerpt":{"rendered":"<p>Asukkaiden Turku -yhteislista asettaa kansanedustaja, kaupunginvaltuutettu Johannes Yrttiahon pormestariehdokkaaksi huhtikuun kuntavaaleissa Turussa. (Arkistokuva, kuval\u00e4hde: Eduskunta.) &#8211; Oma pormestariehdokas on oltava, jotta p\u00e4\u00e4semme vaalikeskusteluihin muiden kanssa samalta viivalta. Johannes Yrttiaho on pitk\u00e4aikaisena kaupunginvaltuutettuna ja pormestarij\u00e4rjestelm\u00e4n kriitikkona valintamme, sanoo Asukkaiden Turku -listan asiamies Taimi Linna. H\u00e4n muistuttaa, ett\u00e4 vaaleissa valitaan kaupunginvaltuusto eik\u00e4 pormestaria. &#8211; Kunnallinen itsehallinto on [&hellip;]<\/p>\n","protected":false},"author":3,"featured_media":5264,"comment_status":"open","ping_status":"open","sticky":false,"template":"","format":"standard","meta":{"footnotes":""},"categories":[6,84],"tags":[],"_links":{"self":[{"href":"https:\/\/www.uutispeili.fi\/index.php\/wp-json\/wp\/v2\/posts\/5551"}],"collection":[{"href":"https:\/\/www.uutispeili.fi\/index.php\/wp-json\/wp\/v2\/posts"}],"about":[{"href":"https:\/\/www.uutispeili.fi\/index.php\/wp-json\/wp\/v2\/types\/post"}],"author":[{"embeddable":true,"href":"https:\/\/www.uutispeili.fi\/index.php\/wp-json\/wp\/v2\/users\/3"}],"replies":[{"embeddable":true,"href":"https:\/\/www.uutispeili.fi\/index.php\/wp-json\/wp\/v2\/comments?post=5551"}],"version-history":[{"count":1,"href":"https:\/\/www.uutispeili.fi\/index.php\/wp-json\/wp\/v2\/posts\/5551\/revisions"}],"predecessor-version":[{"id":5552,"href":"https:\/\/www.uutispeili.fi\/index.php\/wp-json\/wp\/v2\/posts\/5551\/revisions\/5552"}],"wp:featuredmedia":[{"embeddable":true,"href":"https:\/\/www.uutispeili.fi\/index.php\/wp-json\/wp\/v2\/media\/5264"}],"wp:attachment":[{"href":"https:\/\/www.uutispeili.fi\/index.php\/wp-json\/wp\/v2\/media?parent=5551"}],"wp:term":[{"taxonomy":"category","embeddable":true,"href":"https:\/\/www.uutispeili.fi\/index.php\/wp-json\/wp\/v2\/categories?post=5551"},{"taxonomy":"post_tag","embeddable":true,"href":"https:\/\/www.uutispeili.fi\/index.php\/wp-json\/wp\/v2\/tags?post=5551"}],"curies":[{"name":"wp","href":"https:\/\/api.w.org\/{rel}","templated":true}]}}