{"id":5534,"date":"2025-03-10T23:17:18","date_gmt":"2025-03-10T23:17:18","guid":{"rendered":"https:\/\/www.uutispeili.fi\/?p=5534"},"modified":"2025-03-10T23:17:18","modified_gmt":"2025-03-10T23:17:18","slug":"yhdysvaltain-edustaja-tapasi-maanantaina-syyrian-kurdeja","status":"publish","type":"post","link":"https:\/\/www.uutispeili.fi\/index.php\/2025\/03\/10\/yhdysvaltain-edustaja-tapasi-maanantaina-syyrian-kurdeja\/","title":{"rendered":"Yhdysvaltain edustaja tapasi maanantaina Syyrian kurdeja"},"content":{"rendered":"<p><strong>Yhdysvaltain Koillis-Syyrian l\u00e4hettil\u00e4s Scott Bolz tapasi sunnuntaina sunnuntaina kurdien poliittisiua edustajia Qamishlin kaupungissa Koillis-Syyriassa, Keskustelujen aihe oli Syyrian nykytilanne ja kurdeja koskevat kysymykset<\/strong><\/p>\n<p>(Arkistokuva, North Press Agency.)<\/p>\n<p>L\u00e4hettil\u00e4s <strong>Scott Bolz:<\/strong>n keskustelukumppanit olivat <strong>Independent Kurdistan Movement &#8211; Syria<\/strong> -j\u00e4rjest\u00f6n edustajia. Osallistuja kertoi <em>North Press<\/em>ille, ett\u00e4 keskeinen aihe oli yhten\u00e4isen kurdivaltuuskunnan muodostaminen vuoropuhelua varten Damaskoksen kanssa, ja viimeaikaiset tapahtumat Syyrian rannikolla ja kiireellisest\u00e4 tulitauon ja osallistavan vuoropuhelun tarpeesta kaikkien syyrialaisten yhteis\u00f6jen v\u00e4lill\u00e4.<\/p>\n<blockquote><p>&#8221;V\u00e4littimme Yhdysvaltain l\u00e4hettil\u00e4\u00e4n, ett\u00e4 kurdikysymys on laajempi kuin vain kurdien v\u00e4linen vuoropuhelu &#8211; mik\u00e4 todella merkitsee, on yhten\u00e4inen kurdien asenne&#8221;, l\u00e4hde sanoi.<\/p><\/blockquote>\n<p>Bolz kehotti kokouksessa kurdipuolueita j\u00e4tt\u00e4m\u00e4\u00e4n syrj\u00e4\u00e4n erimielisyytens\u00e4 ja pid\u00e4tt\u00e4ytym\u00e4\u00e4n poliittisista kiinti\u00f6ist\u00e4, korostaen yhten\u00e4isyyden merkityst\u00e4 Syyrian meneill\u00e4\u00e4n olevan kriisin ratkaisemisessa. <img loading=\"lazy\" decoding=\"async\" class=\"alignnone size-full wp-image-144\" src=\"https:\/\/www.uutispeili.fi\/wp-content\/uploads\/2023\/11\/di.gold_.gif\" alt=\"\" width=\"11\" height=\"11\" \/><\/p>\n<p>Luettavaa:<\/p>\n<ul>\n<li><a href=\"https:\/\/npasyria.com\/en\/123004\/\" target=\"_blank\" rel=\"noopener\"><strong>North Press Agency<\/strong> 10.03. 2025,<\/a><\/li>\n<\/ul>\n","protected":false},"excerpt":{"rendered":"<p>Yhdysvaltain Koillis-Syyrian l\u00e4hettil\u00e4s Scott Bolz tapasi sunnuntaina sunnuntaina kurdien poliittisiua edustajia Qamishlin kaupungissa Koillis-Syyriassa, Keskustelujen aihe oli Syyrian nykytilanne ja kurdeja koskevat kysymykset (Arkistokuva, North Press Agency.) L\u00e4hettil\u00e4s Scott Bolz:n keskustelukumppanit olivat Independent Kurdistan Movement &#8211; Syria -j\u00e4rjest\u00f6n edustajia. Osallistuja kertoi North Pressille, ett\u00e4 keskeinen aihe oli yhten\u00e4isen kurdivaltuuskunnan muodostaminen vuoropuhelua varten Damaskoksen kanssa, ja [&hellip;]<\/p>\n","protected":false},"author":3,"featured_media":5542,"comment_status":"open","ping_status":"open","sticky":false,"template":"","format":"standard","meta":{"footnotes":""},"categories":[71,122,127],"tags":[],"_links":{"self":[{"href":"https:\/\/www.uutispeili.fi\/index.php\/wp-json\/wp\/v2\/posts\/5534"}],"collection":[{"href":"https:\/\/www.uutispeili.fi\/index.php\/wp-json\/wp\/v2\/posts"}],"about":[{"href":"https:\/\/www.uutispeili.fi\/index.php\/wp-json\/wp\/v2\/types\/post"}],"author":[{"embeddable":true,"href":"https:\/\/www.uutispeili.fi\/index.php\/wp-json\/wp\/v2\/users\/3"}],"replies":[{"embeddable":true,"href":"https:\/\/www.uutispeili.fi\/index.php\/wp-json\/wp\/v2\/comments?post=5534"}],"version-history":[{"count":2,"href":"https:\/\/www.uutispeili.fi\/index.php\/wp-json\/wp\/v2\/posts\/5534\/revisions"}],"predecessor-version":[{"id":5543,"href":"https:\/\/www.uutispeili.fi\/index.php\/wp-json\/wp\/v2\/posts\/5534\/revisions\/5543"}],"wp:featuredmedia":[{"embeddable":true,"href":"https:\/\/www.uutispeili.fi\/index.php\/wp-json\/wp\/v2\/media\/5542"}],"wp:attachment":[{"href":"https:\/\/www.uutispeili.fi\/index.php\/wp-json\/wp\/v2\/media?parent=5534"}],"wp:term":[{"taxonomy":"category","embeddable":true,"href":"https:\/\/www.uutispeili.fi\/index.php\/wp-json\/wp\/v2\/categories?post=5534"},{"taxonomy":"post_tag","embeddable":true,"href":"https:\/\/www.uutispeili.fi\/index.php\/wp-json\/wp\/v2\/tags?post=5534"}],"curies":[{"name":"wp","href":"https:\/\/api.w.org\/{rel}","templated":true}]}}