{"id":5525,"date":"2025-03-10T11:38:21","date_gmt":"2025-03-10T11:38:21","guid":{"rendered":"https:\/\/www.uutispeili.fi\/?p=5525"},"modified":"2025-03-10T11:38:22","modified_gmt":"2025-03-10T11:38:22","slug":"eduskunnan-puhemies-liettuassa-itsenaisyyden-palauttamisen-vuosipaivana","status":"publish","type":"post","link":"https:\/\/www.uutispeili.fi\/index.php\/2025\/03\/10\/eduskunnan-puhemies-liettuassa-itsenaisyyden-palauttamisen-vuosipaivana\/","title":{"rendered":"Eduskunnan puhemies Liettuassa, itsen\u00e4isyyden palauttamisen vuosip\u00e4iv\u00e4n\u00e4"},"content":{"rendered":"<p><strong>Eduskunnan puhemies Jussi Halla-aho vierailee Vilnassa, Liettuassa 10.\u201311.3.<\/strong><\/p>\n<p>(Kuva: Verkhovna Rada, Ukraina, 25.11. 2023.)<\/p>\n<p class=\"v1MsoNormal\"><strong>Liettuan<\/strong> parlamentin <strong>Seimas<\/strong>in puhemies <strong>Saulius Skvernelis<\/strong> on kutsunut <strong>Viro<\/strong>n, <strong>Latvia<\/strong>n, <strong>Puola<\/strong>n, <strong>Ukraina<\/strong>n, Suomen ja <strong>Islannin<\/strong> parlamenttien puhemiehet juhlistamaan Liettuan itsen\u00e4isyyden palauttamisjulistuksen 35-vuotisp\u00e4iv\u00e4\u00e4.<\/p>\n<p class=\"v1MsoNormal\">Puhemiesten keskin\u00e4isen kokouksen aiheina maanantaina 10.3. ovat eurooppalainen ja alueellinen turvallisuus sek\u00e4 Ukrainan tukeminen. Tiistaina 11.3. j\u00e4rjestet\u00e4\u00e4n Seimasin juhlaistunto, jossa kukin vieraileva puhemies pit\u00e4\u00e4 lyhyen puheenvuoron. <img loading=\"lazy\" decoding=\"async\" class=\"alignnone size-full wp-image-144\" src=\"https:\/\/www.uutispeili.fi\/wp-content\/uploads\/2023\/11\/di.gold_.gif\" alt=\"\" width=\"11\" height=\"11\" \/><\/p>\n<p class=\"v1MsoNormal\">\n<ul>\n<li class=\"v1MsoNormal\">Juhlaistuntoa voi katsoa suorana\u00a0<a href=\"https:\/\/www.lrs.lt\/sip\/portal.show?p_r=36503&amp;p_k=2\" target=\"_blank\" rel=\"noopener noreferrer\"><strong>Seimas<\/strong>in verkkosivustolla<\/a> ,<\/li>\n<li>Liettua palautti itsen\u00e4isyytens\u00e4 11.03. 1990, ensimm\u00e4isen\u00e4 <strong>Neuvostoliittoon<\/strong> pakkoliitetyist\u00e4 Baltian maista.<\/li>\n<\/ul>\n<blockquote class=\"wp-embedded-content\" data-secret=\"Qw9hO6fHJu\"><p><a href=\"https:\/\/www.uutispeili.fi\/index.php\/2024\/08\/24\/jussi-halla-ahon-tervehdys-itsenaiselle-ukrainalle\/\">Jussi Halla-ahon tervehdys itsen\u00e4iselle Ukrainalle<\/a><\/p><\/blockquote>\n<p><iframe class=\"wp-embedded-content\" sandbox=\"allow-scripts\" security=\"restricted\" style=\"position: absolute; clip: rect(1px, 1px, 1px, 1px);\" title=\"&#8221;Jussi Halla-ahon tervehdys itsen\u00e4iselle Ukrainalle&#8221; &#8212; \" src=\"https:\/\/www.uutispeili.fi\/index.php\/2024\/08\/24\/jussi-halla-ahon-tervehdys-itsenaiselle-ukrainalle\/embed\/#?secret=gd4pHKvfWY#?secret=Qw9hO6fHJu\" data-secret=\"Qw9hO6fHJu\" width=\"600\" height=\"338\" frameborder=\"0\" marginwidth=\"0\" marginheight=\"0\" scrolling=\"no\"><\/iframe><\/p>\n<blockquote class=\"wp-embedded-content\" data-secret=\"iS5vYv9udB\"><p><a href=\"https:\/\/www.uutispeili.fi\/index.php\/2025\/02\/14\/jussi-halla-aho-nato-on-ainoa-turvallisuustakeiden-tarjoaja-jonka-venaja-ottaa-vakavasti\/\">Jussi Halla-aho: &#8221;NATO on ainoa turvallisuustakeiden tarjoaja, jonka Ven\u00e4j\u00e4 ottaa vakavasti&#8221;<\/a><\/p><\/blockquote>\n<p><iframe class=\"wp-embedded-content\" sandbox=\"allow-scripts\" security=\"restricted\" style=\"position: absolute; clip: rect(1px, 1px, 1px, 1px);\" title=\"&#8221;Jussi Halla-aho: &#8221;NATO on ainoa turvallisuustakeiden tarjoaja, jonka Ven\u00e4j\u00e4 ottaa vakavasti&#8221;&#8221; &#8212; \" src=\"https:\/\/www.uutispeili.fi\/index.php\/2025\/02\/14\/jussi-halla-aho-nato-on-ainoa-turvallisuustakeiden-tarjoaja-jonka-venaja-ottaa-vakavasti\/embed\/#?secret=QqyUNR1gd9#?secret=iS5vYv9udB\" data-secret=\"iS5vYv9udB\" width=\"600\" height=\"338\" frameborder=\"0\" marginwidth=\"0\" marginheight=\"0\" scrolling=\"no\"><\/iframe><\/p>\n<blockquote class=\"wp-embedded-content\" data-secret=\"idAeNzIQTa\"><p><a href=\"https:\/\/www.uutispeili.fi\/index.php\/2024\/07\/11\/puhemies-halla-aho-washingtonissa-suomi-tekee-parhaansa-nayttaakseen-esimerkkia-euroopan-puolustamisessa\/\">Puhemies Halla-aho Washingtonissa: Suomi tekee parhaansa n\u00e4ytt\u00e4\u00e4kseen esimerkki\u00e4 Euroopan puolustamisessa<\/a><\/p><\/blockquote>\n<p><iframe class=\"wp-embedded-content\" sandbox=\"allow-scripts\" security=\"restricted\" style=\"position: absolute; clip: rect(1px, 1px, 1px, 1px);\" title=\"&#8221;Puhemies Halla-aho Washingtonissa: Suomi tekee parhaansa n\u00e4ytt\u00e4\u00e4kseen esimerkki\u00e4 Euroopan puolustamisessa&#8221; &#8212; \" src=\"https:\/\/www.uutispeili.fi\/index.php\/2024\/07\/11\/puhemies-halla-aho-washingtonissa-suomi-tekee-parhaansa-nayttaakseen-esimerkkia-euroopan-puolustamisessa\/embed\/#?secret=DoGTnqzmOV#?secret=idAeNzIQTa\" data-secret=\"idAeNzIQTa\" width=\"600\" height=\"338\" frameborder=\"0\" marginwidth=\"0\" marginheight=\"0\" scrolling=\"no\"><\/iframe><\/p>\n<blockquote class=\"wp-embedded-content\" data-secret=\"msaPmGj4Lx\"><p><a href=\"https:\/\/www.uutispeili.fi\/index.php\/2024\/05\/29\/saumaton-yhteistyo-kansainvalisissa-asioissa-on-suomen-vahvuus-sanoo-jussi-halla-aho\/\">Saumaton yhteisty\u00f6 kansainv\u00e4lisiss\u00e4 asioissa on Suomen vahvuus, sanoo Jussi Halla-aho<\/a><\/p><\/blockquote>\n<p><iframe class=\"wp-embedded-content\" sandbox=\"allow-scripts\" security=\"restricted\" style=\"position: absolute; clip: rect(1px, 1px, 1px, 1px);\" title=\"&#8221;Saumaton yhteisty\u00f6 kansainv\u00e4lisiss\u00e4 asioissa on Suomen vahvuus, sanoo Jussi Halla-aho&#8221; &#8212; \" src=\"https:\/\/www.uutispeili.fi\/index.php\/2024\/05\/29\/saumaton-yhteistyo-kansainvalisissa-asioissa-on-suomen-vahvuus-sanoo-jussi-halla-aho\/embed\/#?secret=VABuL4PP3T#?secret=msaPmGj4Lx\" data-secret=\"msaPmGj4Lx\" width=\"600\" height=\"338\" frameborder=\"0\" marginwidth=\"0\" marginheight=\"0\" scrolling=\"no\"><\/iframe><\/p>\n","protected":false},"excerpt":{"rendered":"<p>Eduskunnan puhemies Jussi Halla-aho vierailee Vilnassa, Liettuassa 10.\u201311.3. (Kuva: Verkhovna Rada, Ukraina, 25.11. 2023.) Liettuan parlamentin Seimasin puhemies Saulius Skvernelis on kutsunut Viron, Latvian, Puolan, Ukrainan, Suomen ja Islannin parlamenttien puhemiehet juhlistamaan Liettuan itsen\u00e4isyyden palauttamisjulistuksen 35-vuotisp\u00e4iv\u00e4\u00e4. Puhemiesten keskin\u00e4isen kokouksen aiheina maanantaina 10.3. ovat eurooppalainen ja alueellinen turvallisuus sek\u00e4 Ukrainan tukeminen. Tiistaina 11.3. j\u00e4rjestet\u00e4\u00e4n Seimasin juhlaistunto, [&hellip;]<\/p>\n","protected":false},"author":3,"featured_media":5528,"comment_status":"open","ping_status":"open","sticky":false,"template":"","format":"standard","meta":{"footnotes":""},"categories":[49],"tags":[],"_links":{"self":[{"href":"https:\/\/www.uutispeili.fi\/index.php\/wp-json\/wp\/v2\/posts\/5525"}],"collection":[{"href":"https:\/\/www.uutispeili.fi\/index.php\/wp-json\/wp\/v2\/posts"}],"about":[{"href":"https:\/\/www.uutispeili.fi\/index.php\/wp-json\/wp\/v2\/types\/post"}],"author":[{"embeddable":true,"href":"https:\/\/www.uutispeili.fi\/index.php\/wp-json\/wp\/v2\/users\/3"}],"replies":[{"embeddable":true,"href":"https:\/\/www.uutispeili.fi\/index.php\/wp-json\/wp\/v2\/comments?post=5525"}],"version-history":[{"count":3,"href":"https:\/\/www.uutispeili.fi\/index.php\/wp-json\/wp\/v2\/posts\/5525\/revisions"}],"predecessor-version":[{"id":5531,"href":"https:\/\/www.uutispeili.fi\/index.php\/wp-json\/wp\/v2\/posts\/5525\/revisions\/5531"}],"wp:featuredmedia":[{"embeddable":true,"href":"https:\/\/www.uutispeili.fi\/index.php\/wp-json\/wp\/v2\/media\/5528"}],"wp:attachment":[{"href":"https:\/\/www.uutispeili.fi\/index.php\/wp-json\/wp\/v2\/media?parent=5525"}],"wp:term":[{"taxonomy":"category","embeddable":true,"href":"https:\/\/www.uutispeili.fi\/index.php\/wp-json\/wp\/v2\/categories?post=5525"},{"taxonomy":"post_tag","embeddable":true,"href":"https:\/\/www.uutispeili.fi\/index.php\/wp-json\/wp\/v2\/tags?post=5525"}],"curies":[{"name":"wp","href":"https:\/\/api.w.org\/{rel}","templated":true}]}}