{"id":5465,"date":"2025-03-07T14:36:43","date_gmt":"2025-03-07T14:36:43","guid":{"rendered":"https:\/\/www.uutispeili.fi\/?p=5465"},"modified":"2025-03-07T14:36:43","modified_gmt":"2025-03-07T14:36:43","slug":"eduskunnan-valiokunnat-kuulivat-paaministeri-petteri-orpoa-ja-komissaari-henna-virkkusta","status":"publish","type":"post","link":"https:\/\/www.uutispeili.fi\/index.php\/2025\/03\/07\/eduskunnan-valiokunnat-kuulivat-paaministeri-petteri-orpoa-ja-komissaari-henna-virkkusta\/","title":{"rendered":"Eduskunnan valiokunnat kuulivat p\u00e4\u00e4ministeri Petteri Orpoa ja komissaari Henna Virkkusta"},"content":{"rendered":"<p class=\"v1MsoNormal\"><strong>P\u00e4\u00e4ministeri Petteri Orpo (kokoomus.) raportoi iltap\u00e4iv\u00e4ll\u00e4 7.3. eduskunnan suurelle valiokunnalle ja ulkoasiainvaliokunnalle my\u00f6h\u00e4\u00e4n eilen p\u00e4\u00e4ttyneen Ukrainan ja Euroopan puolustuksen vahvistamisesta linjanneen ylim\u00e4\u00e4r\u00e4isen Eurooppa-neuvoston keskusteluista. <\/strong><\/p>\n<p class=\"v1MsoNormal\">EU-johtajien lis\u00e4ksi keskusteluihin osallistui <strong>Ukrainan<\/strong> presidentti <strong>Volodymyr Zelenskyi<\/strong>.<\/p>\n<p class=\"v1MsoNormal\">P\u00e4\u00e4ministeri <strong>Petteri Orpo<\/strong> kertoi olevansa tyytyv\u00e4inen kokouksen tuloksiin. EU-johtajat vahvistivat jatkuvan ja vankan tukensa Ukrainalle ja linjasivat oikeudenmukaisen ja kest\u00e4v\u00e4n rauhan edellytyksist\u00e4. Suomen aloitteesta EU-johtajat pyysiv\u00e4t <strong>Euroopan komissiota<\/strong> nopeuttamaan Ukrainalle jo p\u00e4\u00e4tetyn tuen maksamista, p\u00e4\u00e4ministeri kertoi.<\/p>\n<h2>Euroopan puolustuskyvyn ja puolustusteollisuuden vahvistaminen<\/h2>\n<p class=\"v1MsoNormal\">Valiokunnat ja p\u00e4\u00e4ministeri keskustelivat Euroopan puolustuskyvyn pitk\u00e4aikaisen vahvistamisen visiosta ja strategisista askeleista maanosan puolustusteollisuuden vahvistamiseksi sek\u00e4 yhteishankintojen lis\u00e4\u00e4miseksi. J\u00e4senmaat suhtautuivat huippukokouksessa my\u00f6nteisesti Euroopan komission hahmotelmaan puolustuksen vahvistamiseksi ja puolustusmenojen kasvattamiseen. Keskustelu puolustuksesta jatkuu komission tarkentuvan suunnitelman pohjalta jo seuraavassa huippukokouksessa 20.\u201321. maaliskuuta.<\/p>\n<p class=\"v1MsoNormal\">Ukrainan tukemisen osalta valiokunnat keskustelivat Ukrainan v\u00e4litt\u00f6mist\u00e4 tukitarpeista, eurooppalaisten ja <strong>Yhdysvaltojen<\/strong> johtajien viime p\u00e4ivien yhteydenpidosta, edellytyksist\u00e4 rauhanprosessin k\u00e4ynnistymiselle, Unkarin vaikutuksesta EU:n p\u00e4\u00e4t\u00f6ksentekoon sek\u00e4 j\u00e4senmaiden n\u00e4kemyksist\u00e4 <strong>Ven\u00e4j\u00e4n<\/strong> j\u00e4\u00e4dytettyjen varojen k\u00e4ytt\u00f6\u00f6n.<\/p>\n<h2 class=\"v1MsoNormal\">Komissaari ja kansanedustajat keskustelivat kilpailukyvyst\u00e4 ja turvallisuudesta<\/h2>\n<p class=\"v1MsoNormal\"><strong>Suuri valiokunta<\/strong> kuuli kokouksessaan my\u00f6s Euroopan komissiossa teknologisesta omavaraisuudesta, turvallisuudesta ja demokratiasta vastaavaa johtavaa varapuheenjohtajaa <strong>Henna Virkkusta<\/strong>. Kuuleminen oli avoin hallintovaliokunnan ja liikenne- ja viestint\u00e4valiokunnan kansanedustajille.<\/p>\n<p class=\"v1MsoNormal\">Komissaari alusti keskustelun vastuualueensa keskeisimmist\u00e4 painopisteist\u00e4, jotka ovat kilpailukyky ja turvallisuus. Kansanedustajat nostivat kilpailukyvyn osalta esille mm. s\u00e4\u00e4ntelyn yksinkertaistamisen ja sen mahdolliset vaikutukset yritysten vastuullisuuteen, eurooppalaisen teknologiateollisuuden ja autoteollisuuden aseman vahvistamisen sek\u00e4 eurooppalaisen p\u00e4\u00e4oma- ja rahoitusmarkkinan toiminnan parantamisen.<\/p>\n<h2>Euroopan puolustusteollisuuden kapasiteetin nopea vahvistaminen<\/h2>\n<p class=\"v1MsoNormal\">Turvallisuuden osalta keskustelussa k\u00e4siteltiin mm. Euroopan puolustusteollisuuden kapasiteetin nopeaa vahvistamista, vaihtoehtoja puolustusrahoituksen pitk\u00e4j\u00e4nteisyyden varmistamiseksi, yleiseurooppalaisten puolustushankintojen edist\u00e4mist\u00e4 sek\u00e4 turvallisuusviranomaisten eurooppalaista yhteisty\u00f6t\u00e4, v\u00e4lineellistetyn maahantulon torjuntaa ja turvallisuutta some- ja verkkoalustoilla. <img loading=\"lazy\" decoding=\"async\" class=\"alignnone size-full wp-image-144\" src=\"https:\/\/www.uutispeili.fi\/wp-content\/uploads\/2023\/11\/di.gold_.gif\" alt=\"\" width=\"11\" height=\"11\" \/><\/p>\n<p>(Uutispeili ei ole muokannut artikkelin sis\u00e4lt\u00f6\u00e4.)<\/p>\n<p class=\"v1MsoNormal\">Luettavaa:<\/p>\n<ul>\n<li class=\"v1MsoNormal\"><a href=\"https:\/\/commission.europa.eu\/about\/organisation\/college-commissioners\/henna-virkkunen_en?prefLang=fi\" target=\"_blank\" rel=\"noopener noreferrer\">Johtavan varapuheenjohtaja Virkkusen vastuualueiden esittely<\/a> (commission.europa.eu)<\/li>\n<li class=\"v1MsoNormal\"><a style=\"font-size: revert;\" href=\"https:\/\/www.eduskunta.fi\/FI\/valiokunnat\/suuri_valiokunta\/Sivut\/default.aspx\" target=\"_blank\" rel=\"noopener noreferrer\">Suuren valiokunnan kokousten p\u00f6yt\u00e4kirjat valiokunnan sivulla,<\/a><\/li>\n<li><a href=\"https:\/\/www.consilium.europa.eu\/fi\/meetings\/european-council\/2025\/03\/06\/\" target=\"_blank\" rel=\"noopener noreferrer\">Ylim\u00e4\u00e4r\u00e4isen Eurooppa-neuvoston tulokset ja p\u00e4\u00e4telm\u00e4t<\/a>\u00a0(consilium.europa.eu)<\/li>\n<\/ul>\n","protected":false},"excerpt":{"rendered":"<p>P\u00e4\u00e4ministeri Petteri Orpo (kokoomus.) raportoi iltap\u00e4iv\u00e4ll\u00e4 7.3. eduskunnan suurelle valiokunnalle ja ulkoasiainvaliokunnalle my\u00f6h\u00e4\u00e4n eilen p\u00e4\u00e4ttyneen Ukrainan ja Euroopan puolustuksen vahvistamisesta linjanneen ylim\u00e4\u00e4r\u00e4isen Eurooppa-neuvoston keskusteluista. EU-johtajien lis\u00e4ksi keskusteluihin osallistui Ukrainan presidentti Volodymyr Zelenskyi. P\u00e4\u00e4ministeri Petteri Orpo kertoi olevansa tyytyv\u00e4inen kokouksen tuloksiin. EU-johtajat vahvistivat jatkuvan ja vankan tukensa Ukrainalle ja linjasivat oikeudenmukaisen ja kest\u00e4v\u00e4n rauhan edellytyksist\u00e4. Suomen [&hellip;]<\/p>\n","protected":false},"author":3,"featured_media":1929,"comment_status":"open","ping_status":"open","sticky":false,"template":"","format":"standard","meta":{"footnotes":""},"categories":[49,51,25,43],"tags":[],"_links":{"self":[{"href":"https:\/\/www.uutispeili.fi\/index.php\/wp-json\/wp\/v2\/posts\/5465"}],"collection":[{"href":"https:\/\/www.uutispeili.fi\/index.php\/wp-json\/wp\/v2\/posts"}],"about":[{"href":"https:\/\/www.uutispeili.fi\/index.php\/wp-json\/wp\/v2\/types\/post"}],"author":[{"embeddable":true,"href":"https:\/\/www.uutispeili.fi\/index.php\/wp-json\/wp\/v2\/users\/3"}],"replies":[{"embeddable":true,"href":"https:\/\/www.uutispeili.fi\/index.php\/wp-json\/wp\/v2\/comments?post=5465"}],"version-history":[{"count":1,"href":"https:\/\/www.uutispeili.fi\/index.php\/wp-json\/wp\/v2\/posts\/5465\/revisions"}],"predecessor-version":[{"id":5466,"href":"https:\/\/www.uutispeili.fi\/index.php\/wp-json\/wp\/v2\/posts\/5465\/revisions\/5466"}],"wp:featuredmedia":[{"embeddable":true,"href":"https:\/\/www.uutispeili.fi\/index.php\/wp-json\/wp\/v2\/media\/1929"}],"wp:attachment":[{"href":"https:\/\/www.uutispeili.fi\/index.php\/wp-json\/wp\/v2\/media?parent=5465"}],"wp:term":[{"taxonomy":"category","embeddable":true,"href":"https:\/\/www.uutispeili.fi\/index.php\/wp-json\/wp\/v2\/categories?post=5465"},{"taxonomy":"post_tag","embeddable":true,"href":"https:\/\/www.uutispeili.fi\/index.php\/wp-json\/wp\/v2\/tags?post=5465"}],"curies":[{"name":"wp","href":"https:\/\/api.w.org\/{rel}","templated":true}]}}