{"id":5435,"date":"2025-03-06T12:50:57","date_gmt":"2025-03-06T12:50:57","guid":{"rendered":"https:\/\/www.uutispeili.fi\/?p=5435"},"modified":"2025-03-06T12:50:57","modified_gmt":"2025-03-06T12:50:57","slug":"ilmavoimat-viettaa-vuosipaivaa-6-ja-7-maaliskuuta","status":"publish","type":"post","link":"https:\/\/www.uutispeili.fi\/index.php\/2025\/03\/06\/ilmavoimat-viettaa-vuosipaivaa-6-ja-7-maaliskuuta\/","title":{"rendered":"Ilmavoimat viett\u00e4\u00e4 vuosip\u00e4iv\u00e4\u00e4 6. ja 7. maaliskuuta"},"content":{"rendered":"<p><strong>Suomen Ilmavoimien vuosip\u00e4iv\u00e4\u00e4 vietet\u00e4\u00e4n 6. ja 7. maaliskuuta. Juhlallisuuksia vietet\u00e4\u00e4n Tikkakoskella, Rovaniemell\u00e4, Kuopiossa, Pirkkalassa ja Vaasassa.<\/strong><\/p>\n<p><strong>Vuosip\u00e4iv\u00e4n p\u00e4\u00e4juhlallisuudet<\/strong> j\u00e4rjestet\u00e4\u00e4n 7. maaliskuuta <strong>Jyv\u00e4skyl\u00e4n Tikkakoskella<\/strong>. P\u00e4iv\u00e4 alkaa seppeleenlaskulla Lent\u00e4jien patsaalla kello 11.30. Seppeleen laskevat Ilmavoimien komentaja kenraalimajuri <strong>Timo Herranen<\/strong> ja Ilmavoimien henkil\u00f6st\u00f6n edustaja. Lis\u00e4ksi seppeleen laskevat <strong>Luonetj\u00e4rven Sotilaskodin<\/strong> edustajat. Seppeleenlaskun yhteydess\u00e4 lennet\u00e4\u00e4n Hawk-ylilento kello 11.35. Rykmentintie suljetaan liikenteelt\u00e4 tilaisuuden ajaksi kello 11.20\u201312.<\/p>\n<p><strong>Ilmasotakoulun<\/strong> seppelepartio laskee seppeleen <strong>Vaasan <em>Kotka-patsaalle<\/em><\/strong> 7. maaliskuuta kello 12. Seppeleenlaskun yhteydess\u00e4 lennet\u00e4\u00e4n ylilento <strong>Hawk<\/strong>-suihkuharjoituskonekalustolla. Kotka-patsas on pystytetty Ilmavoimien ensimm\u00e4isen koneen, <strong>Thulin Typ D<\/strong> -tiedustelukoneen, Suomeen saapumisen muistoksi. Koneen lahjoitti Ilmavoimille ruotsalainen kreivi <strong>von Rosen<\/strong>, ja kone siirtolennettiin <strong>Uumaja<\/strong>sta Vaasaan 6. maaliskuuta 1918. Tapahtumien kunniaksi p\u00e4iv\u00e4st\u00e4 muodostui Ilmavoimien vuosip\u00e4iv\u00e4.<\/p>\n<p>Vuosip\u00e4iv\u00e4\u00e4n liittyen j\u00e4rjestet\u00e4\u00e4n paikalliset seppeleenlaskutilaisuudet my\u00f6s <strong>Pirkkalassa<\/strong>, <strong>Rovaniemell\u00e4<\/strong> ja <strong>Kuopiossa<\/strong>. Pirkkalassa <strong>Satakunnan lennostossa<\/strong> tilaisuus j\u00e4rjestet\u00e4\u00e4n 6. maaliskuuta. Rovaniemell\u00e4 seppele lasketaan Ilmapuolustuksen muistomerkille 7. maaliskuuta ja tilaisuuden yhteydess\u00e4 lennet\u00e4\u00e4n Hornet-ylilento kello 12.15.<\/p>\n<p>Lentotoiminnalla on s\u00e4\u00e4varaus. Lentotoiminnan yksityiskohdat voivat muuttua ennakkoon tiedotetuista esimerkiksi vallitsevien lento-olosuhteiden vuoksi. <img loading=\"lazy\" decoding=\"async\" class=\"alignnone size-full wp-image-144\" src=\"https:\/\/www.uutispeili.fi\/wp-content\/uploads\/2023\/11\/di.gold_.gif\" alt=\"\" width=\"11\" height=\"11\" \/><\/p>\n<blockquote><p>Tilaisuuksiin liittyy ylilentoja:<br \/>\n&#8211; 7.3. Rovaniemell\u00e4 Ilmapuolustuksen muistomerkill\u00e4 Hornet-ylilento kello 12:15<br \/>\n&#8211; 7.3. Tikkakoskella Lent\u00e4jien patsaalla Hawk-ylilento kello 11:35<br \/>\n&#8211; 7.3. Vaasassa Kotka-patsaalla Hawk-ylilento kello 12:00.<\/p><\/blockquote>\n<p>(Uutispeili ei ole muokannut artikkelin sis\u00e4lt\u00f6\u00e4.)<\/p>\n<ul>\n<li><a href=\"https:\/\/ilmavoimat.fi\/-\/ilmavoimat-107-vuotta\" target=\"_blank\" rel=\"noopener\"><strong>Ilmavoimat<\/strong><\/a> 107 vuotta,<\/li>\n<\/ul>\n","protected":false},"excerpt":{"rendered":"<p>Suomen Ilmavoimien vuosip\u00e4iv\u00e4\u00e4 vietet\u00e4\u00e4n 6. ja 7. maaliskuuta. Juhlallisuuksia vietet\u00e4\u00e4n Tikkakoskella, Rovaniemell\u00e4, Kuopiossa, Pirkkalassa ja Vaasassa. Vuosip\u00e4iv\u00e4n p\u00e4\u00e4juhlallisuudet j\u00e4rjestet\u00e4\u00e4n 7. maaliskuuta Jyv\u00e4skyl\u00e4n Tikkakoskella. P\u00e4iv\u00e4 alkaa seppeleenlaskulla Lent\u00e4jien patsaalla kello 11.30. Seppeleen laskevat Ilmavoimien komentaja kenraalimajuri Timo Herranen ja Ilmavoimien henkil\u00f6st\u00f6n edustaja. Lis\u00e4ksi seppeleen laskevat Luonetj\u00e4rven Sotilaskodin edustajat. Seppeleenlaskun yhteydess\u00e4 lennet\u00e4\u00e4n Hawk-ylilento kello 11.35. Rykmentintie suljetaan [&hellip;]<\/p>\n","protected":false},"author":3,"featured_media":5436,"comment_status":"open","ping_status":"open","sticky":false,"template":"","format":"standard","meta":{"footnotes":""},"categories":[44,6,110,50],"tags":[],"_links":{"self":[{"href":"https:\/\/www.uutispeili.fi\/index.php\/wp-json\/wp\/v2\/posts\/5435"}],"collection":[{"href":"https:\/\/www.uutispeili.fi\/index.php\/wp-json\/wp\/v2\/posts"}],"about":[{"href":"https:\/\/www.uutispeili.fi\/index.php\/wp-json\/wp\/v2\/types\/post"}],"author":[{"embeddable":true,"href":"https:\/\/www.uutispeili.fi\/index.php\/wp-json\/wp\/v2\/users\/3"}],"replies":[{"embeddable":true,"href":"https:\/\/www.uutispeili.fi\/index.php\/wp-json\/wp\/v2\/comments?post=5435"}],"version-history":[{"count":1,"href":"https:\/\/www.uutispeili.fi\/index.php\/wp-json\/wp\/v2\/posts\/5435\/revisions"}],"predecessor-version":[{"id":5437,"href":"https:\/\/www.uutispeili.fi\/index.php\/wp-json\/wp\/v2\/posts\/5435\/revisions\/5437"}],"wp:featuredmedia":[{"embeddable":true,"href":"https:\/\/www.uutispeili.fi\/index.php\/wp-json\/wp\/v2\/media\/5436"}],"wp:attachment":[{"href":"https:\/\/www.uutispeili.fi\/index.php\/wp-json\/wp\/v2\/media?parent=5435"}],"wp:term":[{"taxonomy":"category","embeddable":true,"href":"https:\/\/www.uutispeili.fi\/index.php\/wp-json\/wp\/v2\/categories?post=5435"},{"taxonomy":"post_tag","embeddable":true,"href":"https:\/\/www.uutispeili.fi\/index.php\/wp-json\/wp\/v2\/tags?post=5435"}],"curies":[{"name":"wp","href":"https:\/\/api.w.org\/{rel}","templated":true}]}}