{"id":5430,"date":"2025-03-05T16:21:06","date_gmt":"2025-03-05T16:21:06","guid":{"rendered":"https:\/\/www.uutispeili.fi\/?p=5430"},"modified":"2025-03-05T16:21:06","modified_gmt":"2025-03-05T16:21:06","slug":"tyoelama-ja-tasa-arvovaliokunnan-lausunto-saamelaiskarajalaista-valmistui","status":"publish","type":"post","link":"https:\/\/www.uutispeili.fi\/index.php\/2025\/03\/05\/tyoelama-ja-tasa-arvovaliokunnan-lausunto-saamelaiskarajalaista-valmistui\/","title":{"rendered":"Ty\u00f6el\u00e4m\u00e4- ja tasa-arvovaliokunnan lausunto saamelaisk\u00e4r\u00e4j\u00e4laista valmistui"},"content":{"rendered":"<p><strong>Ty\u00f6el\u00e4m\u00e4- ja tasa-arvovaliokunta sai keskiviikkona 5.3. valmiiksi lausunnon saamelaisk\u00e4r\u00e4j\u00e4lakia koskevasta hallituksen esityksest\u00e4<\/strong> (HE 100\/2023).<\/p>\n<p>(kuvan tausta v.1920.)<\/p>\n<p><strong>Ty\u00f6el\u00e4m\u00e4- ja tasa-arvovaliokunta<\/strong> keskittyy lausunnossaan esityksen <em>yhdenvertaisuusvaikutuksiin<\/em>. Lausuntoon sis\u00e4ltyy kaksi eri\u00e4v\u00e4\u00e4 mielipidett\u00e4, <strong>keskustan<\/strong> eduskuntaryhm\u00e4n sek\u00e4 <strong>vihre\u00e4n<\/strong> ja <strong>vasemmistoliiton<\/strong> eduskuntaryhm\u00e4n yhteinen.<\/p>\n<p>Ty\u00f6el\u00e4m\u00e4- ja tasa-arvovaliokunnan lausunto on osoitettu <strong>perustuslakivaliokunnalle<\/strong>, joka laatii hallituksen esityksest\u00e4 mietinn\u00f6n. My\u00f6s <strong>talousvaliokunta<\/strong> sek\u00e4 <strong>maa- ja mets\u00e4talousvaliokunta<\/strong> antavat perustuslakivaliokunnalle lausuntonsa hallituksen esityksest\u00e4. <img loading=\"lazy\" decoding=\"async\" class=\"alignnone size-full wp-image-144\" src=\"https:\/\/www.uutispeili.fi\/wp-content\/uploads\/2023\/11\/di.gold_.gif\" alt=\"\" width=\"11\" height=\"11\" \/><\/p>\n<p>(Uutispeili ei ole muokannut artikkelin sis\u00e4lt\u00f6\u00e4.)<\/p>\n","protected":false},"excerpt":{"rendered":"<p>Ty\u00f6el\u00e4m\u00e4- ja tasa-arvovaliokunta sai keskiviikkona 5.3. valmiiksi lausunnon saamelaisk\u00e4r\u00e4j\u00e4lakia koskevasta hallituksen esityksest\u00e4 (HE 100\/2023). (kuvan tausta v.1920.) Ty\u00f6el\u00e4m\u00e4- ja tasa-arvovaliokunta keskittyy lausunnossaan esityksen yhdenvertaisuusvaikutuksiin. Lausuntoon sis\u00e4ltyy kaksi eri\u00e4v\u00e4\u00e4 mielipidett\u00e4, keskustan eduskuntaryhm\u00e4n sek\u00e4 vihre\u00e4n ja vasemmistoliiton eduskuntaryhm\u00e4n yhteinen. Ty\u00f6el\u00e4m\u00e4- ja tasa-arvovaliokunnan lausunto on osoitettu perustuslakivaliokunnalle, joka laatii hallituksen esityksest\u00e4 mietinn\u00f6n. My\u00f6s talousvaliokunta sek\u00e4 maa- ja mets\u00e4talousvaliokunta [&hellip;]<\/p>\n","protected":false},"author":3,"featured_media":5431,"comment_status":"open","ping_status":"open","sticky":false,"template":"","format":"standard","meta":{"footnotes":""},"categories":[49,158],"tags":[],"_links":{"self":[{"href":"https:\/\/www.uutispeili.fi\/index.php\/wp-json\/wp\/v2\/posts\/5430"}],"collection":[{"href":"https:\/\/www.uutispeili.fi\/index.php\/wp-json\/wp\/v2\/posts"}],"about":[{"href":"https:\/\/www.uutispeili.fi\/index.php\/wp-json\/wp\/v2\/types\/post"}],"author":[{"embeddable":true,"href":"https:\/\/www.uutispeili.fi\/index.php\/wp-json\/wp\/v2\/users\/3"}],"replies":[{"embeddable":true,"href":"https:\/\/www.uutispeili.fi\/index.php\/wp-json\/wp\/v2\/comments?post=5430"}],"version-history":[{"count":1,"href":"https:\/\/www.uutispeili.fi\/index.php\/wp-json\/wp\/v2\/posts\/5430\/revisions"}],"predecessor-version":[{"id":5432,"href":"https:\/\/www.uutispeili.fi\/index.php\/wp-json\/wp\/v2\/posts\/5430\/revisions\/5432"}],"wp:featuredmedia":[{"embeddable":true,"href":"https:\/\/www.uutispeili.fi\/index.php\/wp-json\/wp\/v2\/media\/5431"}],"wp:attachment":[{"href":"https:\/\/www.uutispeili.fi\/index.php\/wp-json\/wp\/v2\/media?parent=5430"}],"wp:term":[{"taxonomy":"category","embeddable":true,"href":"https:\/\/www.uutispeili.fi\/index.php\/wp-json\/wp\/v2\/categories?post=5430"},{"taxonomy":"post_tag","embeddable":true,"href":"https:\/\/www.uutispeili.fi\/index.php\/wp-json\/wp\/v2\/tags?post=5430"}],"curies":[{"name":"wp","href":"https:\/\/api.w.org\/{rel}","templated":true}]}}