{"id":5404,"date":"2025-03-04T15:01:29","date_gmt":"2025-03-04T15:01:29","guid":{"rendered":"https:\/\/www.uutispeili.fi\/?p=5404"},"modified":"2025-03-04T15:01:29","modified_gmt":"2025-03-04T15:01:29","slug":"ari-koponen-kannykkakielto-koko-koulupaivaksi-parantaisi-oppimistuloksia","status":"publish","type":"post","link":"https:\/\/www.uutispeili.fi\/index.php\/2025\/03\/04\/ari-koponen-kannykkakielto-koko-koulupaivaksi-parantaisi-oppimistuloksia\/","title":{"rendered":"Ari Koponen: K\u00e4nnykk\u00e4kielto koko koulup\u00e4iv\u00e4ksi parantaisi oppimistuloksia"},"content":{"rendered":"<p><strong>Eduskunnan Sivistysvaliokunnan varapuheenjohtaja Ari Koponen: K\u00e4nnykk\u00e4kiellon ulottaminen koko koulup\u00e4iv\u00e4ksi parantaisi oppimistuloksia ja koulurauhaa<\/strong><\/p>\n<p><strong>Suomalaisten oppimistulokset<\/strong> ovat heikentyneet, ty\u00f6rauha kouluissa on k\u00e4rsinyt ja nuorten keskittymisvaikeudet ovat lis\u00e4\u00e4ntyneet. Sivistysvaliokunnan varapuheenjohtaja Ari Koposen (ps.) mukaan yksi keskeinen ratkaisu n\u00e4ihin ongelmiin on k\u00e4nnyk\u00f6iden k\u00e4yt\u00f6n rajoittaminen koulup\u00e4iv\u00e4n ajaksi.<\/p>\n<p><strong>Hallitus<\/strong> esitt\u00e4\u00e4 mobiililaitteiden k\u00e4yt\u00f6n rajoittamista oppitunneilla, Koponen pit\u00e4\u00e4 t\u00e4t\u00e4 toimenpiteen\u00e4 hyv\u00e4n\u00e4, mutta riitt\u00e4m\u00e4tt\u00f6m\u00e4n\u00e4. H\u00e4n haluaa valtakunnallista linjausta, joka ulottaisi k\u00e4nnykk\u00e4kiellon my\u00f6s v\u00e4litunneille ja kouluruokailuihin.<\/p>\n<blockquote><p>\u2013 Kansainv\u00e4liset tutkimukset osoittavat, ett\u00e4 jo tunnin p\u00e4ivitt\u00e4inen k\u00e4nnyk\u00e4n k\u00e4ytt\u00f6 koulup\u00e4iv\u00e4n aikana heikent\u00e4\u00e4 merkitt\u00e4v\u00e4sti oppimistuloksia. Suomalaisten Pisa-tulokset ovat laskeneet, ja oppilaat kokevat digilaitteiden h\u00e4iritsev\u00e4n oppitunteja enemm\u00e4n kuin OECD-maissa keskim\u00e4\u00e4rin. Meid\u00e4n on asetettava selke\u00e4t rajat k\u00e4nnyk\u00e4n k\u00e4yt\u00f6lle kouluissa, Koponen toteaa.<\/p><\/blockquote>\n<p>H\u00e4nen mukaansa k\u00e4nnykk\u00e4vapaa koulup\u00e4iv\u00e4 tukisi my\u00f6s lasten ja nuorten sosiaalisia taitoja sek\u00e4 lis\u00e4isi liikkumista.<\/p>\n<blockquote><p>\u2013 V\u00e4lituntien tulisi olla aikaa palautumiselle, liikkumiselle ja kavereiden kohtaamiselle. Nyt oppilaat vet\u00e4ytyv\u00e4t selaamaan somea ja katsomaan videoita, mik\u00e4 v\u00e4hent\u00e4\u00e4 vuorovaikutusta ja heikent\u00e4\u00e4 tunne- ja empatiataitoja. Lis\u00e4ksi runsas k\u00e4nnyk\u00e4n k\u00e4ytt\u00f6 on yhteydess\u00e4 univaikeuksiin ja keskittymisongelmiin, Koponen muistuttaa.<\/p><\/blockquote>\n<p>K\u00e4nnyk\u00f6iden rajoittaminen koko koulup\u00e4iv\u00e4n ajaksi auttaisi my\u00f6s v\u00e4hent\u00e4m\u00e4\u00e4n kiusaamista, joka on muuttunut yh\u00e4 julmemmaksi digiaikana.<\/p>\n<blockquote><p>\u2013 <strong>Some-kommentit, salakuvat,<\/strong> ryhm\u00e4keskusteluissa tapahtuva syrjiminen ja jopa n\u00f6yryytys ovat osa koulup\u00e4iv\u00e4n aikana tapahtuvaa digikiusaamista. Opettajat eiv\u00e4t voi valvoa kaikkea, ja liian moni lapsi joutuu jatkuvan kiusaamisen kohteeksi, Koponen painottaa.<\/p><\/blockquote>\n<p>Hallituksen esityksess\u00e4 koulut ja kunnat voivat omilla j\u00e4rjestyss\u00e4\u00e4nn\u00f6ill\u00e4\u00e4n rajoittaa puhelinten k\u00e4ytt\u00f6\u00e4 my\u00f6s v\u00e4litunneilla. Koponen kannustaa kaikkia kouluja ja kuntia toimimaan n\u00e4in. <img loading=\"lazy\" decoding=\"async\" class=\"alignnone size-full wp-image-144\" src=\"https:\/\/www.uutispeili.fi\/wp-content\/uploads\/2023\/11\/di.gold_.gif\" alt=\"\" width=\"11\" height=\"11\" \/><\/p>\n<p>(Uutispeili ei ole muokannut artikkelin sis\u00e4lt\u00f6\u00e4.)<\/p>\n<blockquote class=\"wp-embedded-content\" data-secret=\"ZcXZL8sCwP\"><p><a href=\"https:\/\/www.uutispeili.fi\/index.php\/2025\/01\/29\/ari-koponen-huolissaan-suomalaisesta-koulutuksesta\/\">Ari Koponen huolissaan suomalaisesta koulutuksesta<\/a><\/p><\/blockquote>\n<p><iframe class=\"wp-embedded-content\" sandbox=\"allow-scripts\" security=\"restricted\" style=\"position: absolute; clip: rect(1px, 1px, 1px, 1px);\" title=\"&#8221;Ari Koponen huolissaan suomalaisesta koulutuksesta&#8221; &#8212; \" src=\"https:\/\/www.uutispeili.fi\/index.php\/2025\/01\/29\/ari-koponen-huolissaan-suomalaisesta-koulutuksesta\/embed\/#?secret=IaVHMFTCNv#?secret=ZcXZL8sCwP\" data-secret=\"ZcXZL8sCwP\" width=\"600\" height=\"338\" frameborder=\"0\" marginwidth=\"0\" marginheight=\"0\" scrolling=\"no\"><\/iframe><\/p>\n<blockquote class=\"wp-embedded-content\" data-secret=\"apDlaXF21i\"><p><a href=\"https:\/\/www.uutispeili.fi\/index.php\/2024\/08\/01\/ari-koponen-tayskielto-kannykoille-kouluissa\/\">Ari Koponen: T\u00e4yskielto k\u00e4nnyk\u00f6ille kouluissa<\/a><\/p><\/blockquote>\n<p><iframe class=\"wp-embedded-content\" sandbox=\"allow-scripts\" security=\"restricted\" style=\"position: absolute; clip: rect(1px, 1px, 1px, 1px);\" title=\"&#8221;Ari Koponen: T\u00e4yskielto k\u00e4nnyk\u00f6ille kouluissa&#8221; &#8212; \" src=\"https:\/\/www.uutispeili.fi\/index.php\/2024\/08\/01\/ari-koponen-tayskielto-kannykoille-kouluissa\/embed\/#?secret=AQuEEJ7K8k#?secret=apDlaXF21i\" data-secret=\"apDlaXF21i\" width=\"600\" height=\"338\" frameborder=\"0\" marginwidth=\"0\" marginheight=\"0\" scrolling=\"no\"><\/iframe><\/p>\n<blockquote class=\"wp-embedded-content\" data-secret=\"J1BroUQTuw\"><p><a href=\"https:\/\/www.uutispeili.fi\/index.php\/2024\/05\/27\/kulttuurijarjestojen-ikuinen-joulu-paattymassa-ari-koponen-ehdottaa-leikkauksia\/\">Kulttuurij\u00e4rjest\u00f6jen &#8217;ikuinen joulu&#8217; p\u00e4\u00e4ttym\u00e4ss\u00e4: Ari Koponen ehdottaa leikkauksia<\/a><\/p><\/blockquote>\n<p><iframe class=\"wp-embedded-content\" sandbox=\"allow-scripts\" security=\"restricted\" style=\"position: absolute; clip: rect(1px, 1px, 1px, 1px);\" title=\"&#8221;Kulttuurij\u00e4rjest\u00f6jen &#8217;ikuinen joulu&#8217; p\u00e4\u00e4ttym\u00e4ss\u00e4: Ari Koponen ehdottaa leikkauksia&#8221; &#8212; \" src=\"https:\/\/www.uutispeili.fi\/index.php\/2024\/05\/27\/kulttuurijarjestojen-ikuinen-joulu-paattymassa-ari-koponen-ehdottaa-leikkauksia\/embed\/#?secret=McI2ou6u3c#?secret=J1BroUQTuw\" data-secret=\"J1BroUQTuw\" width=\"600\" height=\"338\" frameborder=\"0\" marginwidth=\"0\" marginheight=\"0\" scrolling=\"no\"><\/iframe><\/p>\n<blockquote class=\"wp-embedded-content\" data-secret=\"2H70YXd4zc\"><p><a href=\"https:\/\/www.uutispeili.fi\/index.php\/2024\/05\/16\/ari-koponen-peruskoulusta-ei-voi-valmistua-lukutaidottomana\/\">Ari Koponen: Peruskoulusta ei voi valmistua lukutaidottomana<\/a><\/p><\/blockquote>\n<p><iframe class=\"wp-embedded-content\" sandbox=\"allow-scripts\" security=\"restricted\" style=\"position: absolute; clip: rect(1px, 1px, 1px, 1px);\" title=\"&#8221;Ari Koponen: Peruskoulusta ei voi valmistua lukutaidottomana&#8221; &#8212; \" src=\"https:\/\/www.uutispeili.fi\/index.php\/2024\/05\/16\/ari-koponen-peruskoulusta-ei-voi-valmistua-lukutaidottomana\/embed\/#?secret=80G2mNXxQ2#?secret=2H70YXd4zc\" data-secret=\"2H70YXd4zc\" width=\"600\" height=\"338\" frameborder=\"0\" marginwidth=\"0\" marginheight=\"0\" scrolling=\"no\"><\/iframe><\/p>\n","protected":false},"excerpt":{"rendered":"<p>Eduskunnan Sivistysvaliokunnan varapuheenjohtaja Ari Koponen: K\u00e4nnykk\u00e4kiellon ulottaminen koko koulup\u00e4iv\u00e4ksi parantaisi oppimistuloksia ja koulurauhaa Suomalaisten oppimistulokset ovat heikentyneet, ty\u00f6rauha kouluissa on k\u00e4rsinyt ja nuorten keskittymisvaikeudet ovat lis\u00e4\u00e4ntyneet. Sivistysvaliokunnan varapuheenjohtaja Ari Koposen (ps.) mukaan yksi keskeinen ratkaisu n\u00e4ihin ongelmiin on k\u00e4nnyk\u00f6iden k\u00e4yt\u00f6n rajoittaminen koulup\u00e4iv\u00e4n ajaksi. Hallitus esitt\u00e4\u00e4 mobiililaitteiden k\u00e4yt\u00f6n rajoittamista oppitunneilla, Koponen pit\u00e4\u00e4 t\u00e4t\u00e4 toimenpiteen\u00e4 hyv\u00e4n\u00e4, mutta [&hellip;]<\/p>\n","protected":false},"author":3,"featured_media":1938,"comment_status":"open","ping_status":"open","sticky":false,"template":"","format":"standard","meta":{"footnotes":""},"categories":[49,42,43],"tags":[],"_links":{"self":[{"href":"https:\/\/www.uutispeili.fi\/index.php\/wp-json\/wp\/v2\/posts\/5404"}],"collection":[{"href":"https:\/\/www.uutispeili.fi\/index.php\/wp-json\/wp\/v2\/posts"}],"about":[{"href":"https:\/\/www.uutispeili.fi\/index.php\/wp-json\/wp\/v2\/types\/post"}],"author":[{"embeddable":true,"href":"https:\/\/www.uutispeili.fi\/index.php\/wp-json\/wp\/v2\/users\/3"}],"replies":[{"embeddable":true,"href":"https:\/\/www.uutispeili.fi\/index.php\/wp-json\/wp\/v2\/comments?post=5404"}],"version-history":[{"count":2,"href":"https:\/\/www.uutispeili.fi\/index.php\/wp-json\/wp\/v2\/posts\/5404\/revisions"}],"predecessor-version":[{"id":5407,"href":"https:\/\/www.uutispeili.fi\/index.php\/wp-json\/wp\/v2\/posts\/5404\/revisions\/5407"}],"wp:featuredmedia":[{"embeddable":true,"href":"https:\/\/www.uutispeili.fi\/index.php\/wp-json\/wp\/v2\/media\/1938"}],"wp:attachment":[{"href":"https:\/\/www.uutispeili.fi\/index.php\/wp-json\/wp\/v2\/media?parent=5404"}],"wp:term":[{"taxonomy":"category","embeddable":true,"href":"https:\/\/www.uutispeili.fi\/index.php\/wp-json\/wp\/v2\/categories?post=5404"},{"taxonomy":"post_tag","embeddable":true,"href":"https:\/\/www.uutispeili.fi\/index.php\/wp-json\/wp\/v2\/tags?post=5404"}],"curies":[{"name":"wp","href":"https:\/\/api.w.org\/{rel}","templated":true}]}}