{"id":5398,"date":"2025-03-04T14:46:45","date_gmt":"2025-03-04T14:46:45","guid":{"rendered":"https:\/\/www.uutispeili.fi\/?p=5398"},"modified":"2025-03-04T14:47:08","modified_gmt":"2025-03-04T14:47:08","slug":"keskustan-kansaedustaja-nesteen-toimitusjohtajan-palkkaa-kohtuullistettava","status":"publish","type":"post","link":"https:\/\/www.uutispeili.fi\/index.php\/2025\/03\/04\/keskustan-kansaedustaja-nesteen-toimitusjohtajan-palkkaa-kohtuullistettava\/","title":{"rendered":"Keskustan kansanedustaja: Nesteen toimitusjohtajan palkkaa kohtuullistettava"},"content":{"rendered":"<p><strong>Keskustan kansaedustaja ja varapuheenjohtaja Tuomas Kettunen vaatii kohtuullisuutta Nesteelt\u00e4; <\/strong><\/p>\n<p>Jos <strong>Neste<\/strong>en toimitusjohtajan palkkaa ja palkkioita ei kohtuullisteta, tulisi Nesteen yritystukia sitten kohtuullistaa, kysyy Kettunen.<\/p>\n<blockquote><p><span style=\"font-size: revert; color: initial;\">-T\u00e4ss\u00e4 taloustilanteessa Nesteen pit\u00e4\u00e4 kantaa yhteiskuntavastuuta ja n\u00e4ytt\u00e4\u00e4 esimerkki\u00e4 kaikille suomalaisille, Kettunen vaatii.<\/span><\/p><\/blockquote>\n<p>-Neste on kertonut helmikuussa aloittavansa <strong>YT-neuvottelut<\/strong>, joissa tavoitellaan satojen teht\u00e4vien pysyv\u00e4\u00e4 v\u00e4hennyst\u00e4. T\u00e4st\u00e4kin n\u00e4k\u00f6kulmasta tuntuu todella irvokkaalta, ett\u00e4 toimitusjohtajalle annetaan <strong>palkitsemispaketteja<\/strong> ja vuosipalkka juoksee 1,2 miljoonassa eurossa, Kettunen h\u00e4mm\u00e4stelee.<\/p>\n<blockquote><p>-Jos Neste ei taivu ja kohtuullista toimitusjohtajan j\u00e4rjet\u00f6nt\u00e4 tilipussia niin l\u00e4htisin tarkastelemaan Nesteen yritystukia.<\/p><\/blockquote>\n<p>Neste on esimerkiksi vuonna 2023 saanut noin 6,2 miljoonaa euroa valtion kassasta. Tuntuu kummalliselta, ett\u00e4 t\u00e4st\u00e4 summasta noin kuudesosa palaa toimitusjohtajan palkkaan, puhumattakaan muista palkkioista.<\/p>\n<p>Nesteen toimitusjohtajan <strong>Mika Malisen<\/strong> kuukausipalkka on yli 100 000 euroa kuukaudessa. Maliselle on tehty my\u00f6s sopimus <strong><em>lis\u00e4el\u00e4kkeest\u00e4<\/em><\/strong>, ja Neste onkin sopinut 20 prosentin lis\u00e4el\u00e4kkeen peruspalkasta. Toimitusjohtajalle on my\u00f6s luvattu <em><strong>palkkio-ohjelman<\/strong><\/em> kautta Nesteen osakkeita 1,25 miljoonan euron arvosta.<\/p>\n<p>-Hallituksen pit\u00e4\u00e4 <strong>valtion<\/strong> ollessa Nesteen suurin omistaja vaatia pontevammin kohtuullisuutta toimitusjohtajan palkkaan. Ei voi olla, ett\u00e4 t\u00e4ss\u00e4 taloustilanteessa, kun tavallisilta suomalaisilta leikataan ja rahat v\u00e4henev\u00e4t niin yrityksen toimitusjohtaja, jonka suurin omistaja on valtio saa vuositasolla miljoonapalkkoja, Kettunen \u00e4r\u00e4ht\u00e4\u00e4. <img loading=\"lazy\" decoding=\"async\" class=\"alignnone size-full wp-image-144\" src=\"https:\/\/www.uutispeili.fi\/wp-content\/uploads\/2023\/11\/di.gold_.gif\" alt=\"\" width=\"11\" height=\"11\" \/><\/p>\n<p>(Uutispeili ei ole muokannut artikkelin sis\u00e4lt\u00f6\u00e4.)<\/p>\n<blockquote class=\"wp-embedded-content\" data-secret=\"fmYCkVVeSj\"><p><a href=\"https:\/\/www.uutispeili.fi\/index.php\/2024\/09\/11\/neste-nesteessa-on-sanon-sulle-sen\/\">NESTE nesteess\u00e4 on, -sanon sulle sen!<\/a><\/p><\/blockquote>\n<p><iframe class=\"wp-embedded-content\" sandbox=\"allow-scripts\" security=\"restricted\" style=\"position: absolute; clip: rect(1px, 1px, 1px, 1px);\" title=\"&#8221;NESTE nesteess\u00e4 on, -sanon sulle sen!&#8221; &#8212; \" src=\"https:\/\/www.uutispeili.fi\/index.php\/2024\/09\/11\/neste-nesteessa-on-sanon-sulle-sen\/embed\/#?secret=TrDHEK5C1D#?secret=fmYCkVVeSj\" data-secret=\"fmYCkVVeSj\" width=\"600\" height=\"338\" frameborder=\"0\" marginwidth=\"0\" marginheight=\"0\" scrolling=\"no\"><\/iframe><\/p>\n<blockquote class=\"wp-embedded-content\" data-secret=\"ntnpkbjZh0\"><p><a href=\"https:\/\/www.uutispeili.fi\/index.php\/2024\/09\/24\/varma-myi-nestetta-kurssi-pomppasi\/\">VARMA myi Nestett\u00e4, -kurssi pomppasi<\/a><\/p><\/blockquote>\n<p><iframe class=\"wp-embedded-content\" sandbox=\"allow-scripts\" security=\"restricted\" style=\"position: absolute; clip: rect(1px, 1px, 1px, 1px);\" title=\"&#8221;VARMA myi Nestett\u00e4, -kurssi pomppasi&#8221; &#8212; \" src=\"https:\/\/www.uutispeili.fi\/index.php\/2024\/09\/24\/varma-myi-nestetta-kurssi-pomppasi\/embed\/#?secret=8VqvmF7R8g#?secret=ntnpkbjZh0\" data-secret=\"ntnpkbjZh0\" width=\"600\" height=\"338\" frameborder=\"0\" marginwidth=\"0\" marginheight=\"0\" scrolling=\"no\"><\/iframe><\/p>\n<blockquote class=\"wp-embedded-content\" data-secret=\"nvoDvb4ikx\"><p><a href=\"https:\/\/www.uutispeili.fi\/index.php\/2025\/02\/13\/valtion-neste-omistusten-arvo-putosi-tanaan-reippaasti\/\">Valtion Neste-omistusten arvo putosi t\u00e4n\u00e4\u00e4n reippaasti<\/a><\/p><\/blockquote>\n<p><iframe class=\"wp-embedded-content\" sandbox=\"allow-scripts\" security=\"restricted\" style=\"position: absolute; clip: rect(1px, 1px, 1px, 1px);\" title=\"&#8221;Valtion Neste-omistusten arvo putosi t\u00e4n\u00e4\u00e4n reippaasti&#8221; &#8212; \" src=\"https:\/\/www.uutispeili.fi\/index.php\/2025\/02\/13\/valtion-neste-omistusten-arvo-putosi-tanaan-reippaasti\/embed\/#?secret=6tvf0tQeiX#?secret=nvoDvb4ikx\" data-secret=\"nvoDvb4ikx\" width=\"600\" height=\"338\" frameborder=\"0\" marginwidth=\"0\" marginheight=\"0\" scrolling=\"no\"><\/iframe><\/p>\n","protected":false},"excerpt":{"rendered":"<p>Keskustan kansaedustaja ja varapuheenjohtaja Tuomas Kettunen vaatii kohtuullisuutta Nesteelt\u00e4; Jos Nesteen toimitusjohtajan palkkaa ja palkkioita ei kohtuullisteta, tulisi Nesteen yritystukia sitten kohtuullistaa, kysyy Kettunen. -T\u00e4ss\u00e4 taloustilanteessa Nesteen pit\u00e4\u00e4 kantaa yhteiskuntavastuuta ja n\u00e4ytt\u00e4\u00e4 esimerkki\u00e4 kaikille suomalaisille, Kettunen vaatii. -Neste on kertonut helmikuussa aloittavansa YT-neuvottelut, joissa tavoitellaan satojen teht\u00e4vien pysyv\u00e4\u00e4 v\u00e4hennyst\u00e4. T\u00e4st\u00e4kin n\u00e4k\u00f6kulmasta tuntuu todella irvokkaalta, ett\u00e4 [&hellip;]<\/p>\n","protected":false},"author":3,"featured_media":5401,"comment_status":"open","ping_status":"open","sticky":false,"template":"","format":"standard","meta":{"footnotes":""},"categories":[49,43,22],"tags":[],"_links":{"self":[{"href":"https:\/\/www.uutispeili.fi\/index.php\/wp-json\/wp\/v2\/posts\/5398"}],"collection":[{"href":"https:\/\/www.uutispeili.fi\/index.php\/wp-json\/wp\/v2\/posts"}],"about":[{"href":"https:\/\/www.uutispeili.fi\/index.php\/wp-json\/wp\/v2\/types\/post"}],"author":[{"embeddable":true,"href":"https:\/\/www.uutispeili.fi\/index.php\/wp-json\/wp\/v2\/users\/3"}],"replies":[{"embeddable":true,"href":"https:\/\/www.uutispeili.fi\/index.php\/wp-json\/wp\/v2\/comments?post=5398"}],"version-history":[{"count":3,"href":"https:\/\/www.uutispeili.fi\/index.php\/wp-json\/wp\/v2\/posts\/5398\/revisions"}],"predecessor-version":[{"id":5403,"href":"https:\/\/www.uutispeili.fi\/index.php\/wp-json\/wp\/v2\/posts\/5398\/revisions\/5403"}],"wp:featuredmedia":[{"embeddable":true,"href":"https:\/\/www.uutispeili.fi\/index.php\/wp-json\/wp\/v2\/media\/5401"}],"wp:attachment":[{"href":"https:\/\/www.uutispeili.fi\/index.php\/wp-json\/wp\/v2\/media?parent=5398"}],"wp:term":[{"taxonomy":"category","embeddable":true,"href":"https:\/\/www.uutispeili.fi\/index.php\/wp-json\/wp\/v2\/categories?post=5398"},{"taxonomy":"post_tag","embeddable":true,"href":"https:\/\/www.uutispeili.fi\/index.php\/wp-json\/wp\/v2\/tags?post=5398"}],"curies":[{"name":"wp","href":"https:\/\/api.w.org\/{rel}","templated":true}]}}