{"id":5387,"date":"2025-03-04T12:23:34","date_gmt":"2025-03-04T12:23:34","guid":{"rendered":"https:\/\/www.uutispeili.fi\/?p=5387"},"modified":"2025-03-04T12:23:34","modified_gmt":"2025-03-04T12:23:34","slug":"korottaako-sinipuna-veroja-vaalien-jalkeen-persut-kysyvat","status":"publish","type":"post","link":"https:\/\/www.uutispeili.fi\/index.php\/2025\/03\/04\/korottaako-sinipuna-veroja-vaalien-jalkeen-persut-kysyvat\/","title":{"rendered":"Korottaako &#8217;sinipuna&#8217; veroja vaalien j\u00e4lkeen, persut kysyv\u00e4t"},"content":{"rendered":"<p><strong>Tampereen perussuomalaisilta kritiikki\u00e4 Orpon veropuheille: &#8217;<em>&#8217;Uhkana on, ett\u00e4 vaalien j\u00e4lkeen sinipuna korottaa yhdess\u00e4 kuntien verotusta<\/em>&#8221;<\/strong><\/p>\n<p>(Arkistokuva.)<\/p>\n<p>P\u00e4\u00e4ministeri <strong>Petteri Orpo<\/strong> tylytti viikonloppuna muiden puolueiden verolinjoja STT:n haastattelussa. P\u00e4\u00e4ministerin mukaan muut puolueet &#8221;<em>nostavat k\u00e4tens\u00e4 liian helposti pystyyn<\/em>&#8221; ja korottavat veroja sen sijaan, ett\u00e4 kuntien taloutta tasapainotettaisiin muutoin.<\/p>\n<h2>&#8221;<em>Kokoomus Turussa mukana nostamassa kunnallisveroa<\/em>&#8221;<\/h2>\n<p>Muun muassa Turun <strong>SDP<\/strong>:n apulaispormestari <strong>Piia Elo<\/strong> kirjoitti reaktiona Orpon puheisiin, ett\u00e4 <strong>Turussa<\/strong> kokoomus on hiljattain ollut mukana nostamassa kunnallisveroa. Nyt my\u00f6s perussuomalaisista kritisoidaan Orpon veropuheita.<\/p>\n<blockquote><p>&#8211; Tampereella kokoomus yhdess\u00e4 muiden puolueiden voimin \u00e4\u00e4nesti vastik\u00e4\u00e4n kumoon perussuomalaisten esityksen, ettei tamperelaisten veroja korotettaisi tulevissa sopeutuksissa, toteaa kansanedustaja ja Tampereen perussuomalaisten pormestariehdokas <strong>Joakim Vigelius<\/strong>.<\/p><\/blockquote>\n<h2>&#8221;<em>Vaalien j\u00e4lkeen sinipuna l\u00f6yt\u00e4\u00e4 toisensa<\/em>&#8221;<\/h2>\n<blockquote><p>&#8211; Uhkana on, ett\u00e4 vaalien j\u00e4lkeen sinipuna l\u00f6yt\u00e4\u00e4 toisensa ja korottaa yhdess\u00e4 kuntien verotusta. Tampereelle se olisi erityisen tuhoisaa, sill\u00e4 kunnallisveromme on jo nyt etel\u00e4n suurten kaupunkien k\u00e4rke\u00e4 eiv\u00e4tk\u00e4 rahat siltik\u00e4\u00e4n riit\u00e4. Ongelma on liian suurissa menoissa, ei liian v\u00e4h\u00e4isess\u00e4 verotuksessa.<\/p><\/blockquote>\n<p>Helmikuun kaupunginvaltuustossaan <strong>Tampere<\/strong> p\u00e4\u00e4tti talouden tasapaino-ohjelman periaatteista. Varsinainen esitys noin 60 miljoonan sopeutuksesta ensi valtuustokauden loppuun menness\u00e4 hyv\u00e4ksyttiin yksimielisesti, mutta perussuomalaiset esittiv\u00e4t sen kylkeen ponsiesityst\u00e4. Ponnessa esitettiin, ett\u00e4 s\u00e4\u00e4st\u00f6j\u00e4 olisi haettu jo kuluvalle vuodelle, peruspalveluita pyritt\u00e4isiin suojelemaan ja veroja ei korotettaisi.<\/p>\n<blockquote><p>&#8221;Muut puolueet halusivat j\u00e4tt\u00e4\u00e4 tasapaino-ohjelman periaatteet tarkoituksella t\u00e4ysin avoimiksi. Olisimme halunneet selke\u00e4n linjauksen siit\u00e4, ett\u00e4 tasapaino-ohjelma ei tarkoittaisi veronmaksajien kukkarolle menemist\u00e4 juurikin siihen tyyliin kuten p\u00e4\u00e4ministeri Orpo viittasi kritiikiss\u00e4\u00e4n&#8221;, toteaa Tampereen perussuomalaisten valtuustoryhm\u00e4n puheenjohtaja <strong>Marika Puolimatka<\/strong>.<\/p><\/blockquote>\n<p>Ainoastaan perussuomalaiset ja kokoomuksen valtuustoryhm\u00e4st\u00e4 erotettu, Tampereen oikeiston valtuustoryhm\u00e4n Ilkka Sasi, \u00e4\u00e4nestiv\u00e4t veronkorotusta vastustavan ponsiesityksen puolesta. <img loading=\"lazy\" decoding=\"async\" class=\"alignnone size-full wp-image-144\" src=\"https:\/\/www.uutispeili.fi\/wp-content\/uploads\/2023\/11\/di.gold_.gif\" alt=\"\" width=\"11\" height=\"11\" \/><\/p>\n<p>(Uutispeili ei ole muokannut artikkelin sis\u00e4lt\u00f6\u00e4.)<\/p>\n<blockquote class=\"wp-embedded-content\" data-secret=\"Nsg2oATY5i\"><p><a href=\"https:\/\/www.uutispeili.fi\/index.php\/2025\/02\/02\/yks-on-keino-kayttamatta-uskaltaako-hallitus\/\">Yks on keino k\u00e4ytt\u00e4m\u00e4tt\u00e4! -Uskaltaako hallitus??<\/a><\/p><\/blockquote>\n<p><iframe class=\"wp-embedded-content\" sandbox=\"allow-scripts\" security=\"restricted\" style=\"position: absolute; clip: rect(1px, 1px, 1px, 1px);\" title=\"&#8221;Yks on keino k\u00e4ytt\u00e4m\u00e4tt\u00e4! -Uskaltaako hallitus??&#8221; &#8212; \" src=\"https:\/\/www.uutispeili.fi\/index.php\/2025\/02\/02\/yks-on-keino-kayttamatta-uskaltaako-hallitus\/embed\/#?secret=hBW6ng9kq9#?secret=Nsg2oATY5i\" data-secret=\"Nsg2oATY5i\" width=\"600\" height=\"338\" frameborder=\"0\" marginwidth=\"0\" marginheight=\"0\" scrolling=\"no\"><\/iframe><\/p>\n<blockquote class=\"wp-embedded-content\" data-secret=\"dGZKymDlsg\"><p><a href=\"https:\/\/www.uutispeili.fi\/index.php\/2025\/02\/21\/pohjalaiskansanedustajat-haluavat-ylen-kuriin-onko-tama-todella-perusteltua-verorahojen-kayttoa\/\">Pohjalaiskansanedustajat haluavat Ylen kuriin: \u2019\u2019Onko t\u00e4m\u00e4 todella perusteltua verorahojen k\u00e4ytt\u00f6\u00e4?\u2019\u2019<\/a><\/p><\/blockquote>\n<p><iframe class=\"wp-embedded-content\" sandbox=\"allow-scripts\" security=\"restricted\" style=\"position: absolute; clip: rect(1px, 1px, 1px, 1px);\" title=\"&#8221;Pohjalaiskansanedustajat haluavat Ylen kuriin: \u2019\u2019Onko t\u00e4m\u00e4 todella perusteltua verorahojen k\u00e4ytt\u00f6\u00e4?\u2019\u2019&#8221; &#8212; \" src=\"https:\/\/www.uutispeili.fi\/index.php\/2025\/02\/21\/pohjalaiskansanedustajat-haluavat-ylen-kuriin-onko-tama-todella-perusteltua-verorahojen-kayttoa\/embed\/#?secret=HXarZQ5lnm#?secret=dGZKymDlsg\" data-secret=\"dGZKymDlsg\" width=\"600\" height=\"338\" frameborder=\"0\" marginwidth=\"0\" marginheight=\"0\" scrolling=\"no\"><\/iframe><\/p>\n<blockquote class=\"wp-embedded-content\" data-secret=\"TbES1gWod2\"><p><a href=\"https:\/\/www.uutispeili.fi\/index.php\/2024\/05\/04\/niin-miten-suomessa-voi-yhdistya-korkea-veroaste-rapautuvat-palvelut-ja-julkinen-velkaantuminen-paradoksin-avaus\/\">Niin miten Suomessa voi &#8221;yhdisty\u00e4 korkea veroaste, rapautuvat palvelut ja julkinen velkaantuminen&#8221;, -paradoksin avaus\u00a0<\/a><\/p><\/blockquote>\n<p><iframe class=\"wp-embedded-content\" sandbox=\"allow-scripts\" security=\"restricted\" style=\"position: absolute; clip: rect(1px, 1px, 1px, 1px);\" title=\"&#8221;Niin miten Suomessa voi &#8221;yhdisty\u00e4 korkea veroaste, rapautuvat palvelut ja julkinen velkaantuminen&#8221;, -paradoksin avaus\u00a0&#8221; &#8212; \" src=\"https:\/\/www.uutispeili.fi\/index.php\/2024\/05\/04\/niin-miten-suomessa-voi-yhdistya-korkea-veroaste-rapautuvat-palvelut-ja-julkinen-velkaantuminen-paradoksin-avaus\/embed\/#?secret=JXyvJiugw8#?secret=TbES1gWod2\" data-secret=\"TbES1gWod2\" width=\"600\" height=\"338\" frameborder=\"0\" marginwidth=\"0\" marginheight=\"0\" scrolling=\"no\"><\/iframe><\/p>\n","protected":false},"excerpt":{"rendered":"<p>Tampereen perussuomalaisilta kritiikki\u00e4 Orpon veropuheille: &#8217;&#8217;Uhkana on, ett\u00e4 vaalien j\u00e4lkeen sinipuna korottaa yhdess\u00e4 kuntien verotusta&#8221; (Arkistokuva.) P\u00e4\u00e4ministeri Petteri Orpo tylytti viikonloppuna muiden puolueiden verolinjoja STT:n haastattelussa. P\u00e4\u00e4ministerin mukaan muut puolueet &#8221;nostavat k\u00e4tens\u00e4 liian helposti pystyyn&#8221; ja korottavat veroja sen sijaan, ett\u00e4 kuntien taloutta tasapainotettaisiin muutoin. &#8221;Kokoomus Turussa mukana nostamassa kunnallisveroa&#8221; Muun muassa Turun SDP:n apulaispormestari [&hellip;]<\/p>\n","protected":false},"author":3,"featured_media":1680,"comment_status":"open","ping_status":"open","sticky":false,"template":"","format":"standard","meta":{"footnotes":""},"categories":[6,43,34],"tags":[],"_links":{"self":[{"href":"https:\/\/www.uutispeili.fi\/index.php\/wp-json\/wp\/v2\/posts\/5387"}],"collection":[{"href":"https:\/\/www.uutispeili.fi\/index.php\/wp-json\/wp\/v2\/posts"}],"about":[{"href":"https:\/\/www.uutispeili.fi\/index.php\/wp-json\/wp\/v2\/types\/post"}],"author":[{"embeddable":true,"href":"https:\/\/www.uutispeili.fi\/index.php\/wp-json\/wp\/v2\/users\/3"}],"replies":[{"embeddable":true,"href":"https:\/\/www.uutispeili.fi\/index.php\/wp-json\/wp\/v2\/comments?post=5387"}],"version-history":[{"count":3,"href":"https:\/\/www.uutispeili.fi\/index.php\/wp-json\/wp\/v2\/posts\/5387\/revisions"}],"predecessor-version":[{"id":5396,"href":"https:\/\/www.uutispeili.fi\/index.php\/wp-json\/wp\/v2\/posts\/5387\/revisions\/5396"}],"wp:featuredmedia":[{"embeddable":true,"href":"https:\/\/www.uutispeili.fi\/index.php\/wp-json\/wp\/v2\/media\/1680"}],"wp:attachment":[{"href":"https:\/\/www.uutispeili.fi\/index.php\/wp-json\/wp\/v2\/media?parent=5387"}],"wp:term":[{"taxonomy":"category","embeddable":true,"href":"https:\/\/www.uutispeili.fi\/index.php\/wp-json\/wp\/v2\/categories?post=5387"},{"taxonomy":"post_tag","embeddable":true,"href":"https:\/\/www.uutispeili.fi\/index.php\/wp-json\/wp\/v2\/tags?post=5387"}],"curies":[{"name":"wp","href":"https:\/\/api.w.org\/{rel}","templated":true}]}}