{"id":5353,"date":"2025-03-02T19:40:21","date_gmt":"2025-03-02T19:40:21","guid":{"rendered":"https:\/\/www.uutispeili.fi\/?p=5353"},"modified":"2025-03-02T19:40:21","modified_gmt":"2025-03-02T19:40:21","slug":"yhteenottoja-druusi-vahemmiston-ja-syyrian-hallituksen-turvajoukkojen-valilla-syyriassa","status":"publish","type":"post","link":"https:\/\/www.uutispeili.fi\/index.php\/2025\/03\/02\/yhteenottoja-druusi-vahemmiston-ja-syyrian-hallituksen-turvajoukkojen-valilla-syyriassa\/","title":{"rendered":"Yhteenottoja druusi-v\u00e4hemmist\u00f6n ja Syyrian hallituksen turvajoukkojen v\u00e4lill\u00e4 Syyriassa"},"content":{"rendered":"<p><strong>Syyrian v\u00e4liaikaisen hallituksen turvajoukot tai HTS:n miliisit ovat viikkojen ajan ahdistelleet sunni-islamista poikkeavien uskontokuntien j\u00e4seni\u00e4.\u00a0<\/strong><\/p>\n<p>(Kuvan aineisto: IDF, HTS.)<\/p>\n<p><strong>Jaramana<\/strong>n kaupungissa, p\u00e4\u00e4kaupungin <strong>Damaskoksen<\/strong> etel\u00e4puolella, tapahtui lauantaina (01.03.) selkkaus hallituksen turvajoukkojen ja <strong>druusi-miliisin<\/strong> v\u00e4lill\u00e4. Tapaus ei ollut ensimm\u00e4inen laatuaan, mutta druusien edustaja selitt\u00e4\u00e4 tapahtuneen &#8217;<em>yksityishenkil\u00f6iden yhteenotoksi<\/em>&#8217;.<\/p>\n<p><a href=\"https:\/\/x.com\/nhazony\/status\/1895954842662883767\"><img loading=\"lazy\" decoding=\"async\" class=\"aligncenter wp-image-5355 size-full\" src=\"https:\/\/www.uutispeili.fi\/wp-content\/uploads\/2025\/03\/naftali-manarana000x.png\" alt=\"\" width=\"480\" height=\"554\" srcset=\"https:\/\/www.uutispeili.fi\/wp-content\/uploads\/2025\/03\/naftali-manarana000x.png 480w, https:\/\/www.uutispeili.fi\/wp-content\/uploads\/2025\/03\/naftali-manarana000x-260x300.png 260w\" sizes=\"(max-width: 480px) 100vw, 480px\" \/><\/a><\/p>\n<blockquote>\n<p><strong>Naftali Hazony<\/strong> kirjoittaa 01.03. illalla (23:30):<br \/>Israelin joukot valmistautuvat etenem\u00e4\u00e4n kohti Syyrian Damaskosta puolustaakseen druuseja Jaramanassa, joka on t\u00e4ll\u00e4 hetkell\u00e4 Syyrian hallinnon (HTS) hy\u00f6kk\u00e4yksen kohteena. Druuse-vahvistukset ovat saapuneet Jaramanaan Israelin ilmavoimien tuella. N\u00e4in t\u00e4m\u00e4 voisi kehitty\u00e4: 1\/4. <a href=\"https:\/\/x.com\/nhazony\/status\/1895954842662883767\" target=\"_blank\" rel=\"noopener\">https:\/\/x.com\/nhazony\/status\/1895954842662883767<\/a> (linkki avautuu uuteen v\u00e4lilehteen.)<\/p>\n<\/blockquote>\n<p>Syyrian l\u00e4nsiosassa asuvat <strong>alawiitit<\/strong> -ja nyttemmin my\u00f6s druusit, <strong>aramealaiset<\/strong>, <strong>armenialaiset<\/strong>, <strong>kristityt,<\/strong> <strong>jezidit<\/strong>, ja <strong>kurdit<\/strong>&#8211; ovat joutuneet islamistien hy\u00f6kk\u00e4ysten kohteeksi julkisilla paikoilla, -ja my\u00f6s kodeissaan. Ihmisi\u00e4 on kuollut n\u00e4iss\u00e4 hy\u00f6kk\u00e4yksiss\u00e4, joiden osallistujat ovat kertoman mukaan jihadististen ryhmien j\u00e4seni\u00e4. Hy\u00f6kk\u00e4ysten kohteet v\u00e4itt\u00e4v\u00e4t, ett\u00e4 Syyrian virallisina turvajoukkoina toimivat <strong>Hay&#8217;at Tahrir al-Sham<\/strong>in (HTS) soturit eiv\u00e4t suojele siviilej\u00e4 islamisteilta.<\/p>\n<p>Syyrialais-l\u00e4hde kertoo Jaramanan olevan nyt druusien hallinnassa. <strong>Israel<\/strong>in p\u00e4\u00e4ministeri <strong>Benjamin<\/strong> <strong>Netanyahu<\/strong> on k\u00e4skenyt Israelin puolustusvoimien suojella druuseja, joita asuu my\u00f6s Israelin alueella, ja miehitetyll\u00e4 <strong>Golan<\/strong>illa.<\/p>\n<blockquote>\n<p>Babak Taghvaee &#8211; The Crisis Watch 02.03. 2025:<br \/>Breaking: It is now confirmed that the town of Jaramana, south of Damascus, is under the control of <strong>Druze<\/strong> <strong>Forces<\/strong>. The <strong>HTS terrorists<\/strong> ruling Syria retreated from the city last night following a warning from the <strong>Israel Defence Force<\/strong>. Last night, three <strong>F-16<\/strong>s of the Israeli Air Force also broke the sound barrier over Damascus as a warning to <strong>Al-Joulani<\/strong> (<strong>Ahmad Al-Sharaa<\/strong>). <a href=\"https:\/\/x.com\/BabakTaghvaee1\/status\/1896208024898769332\" target=\"_blank\" rel=\"noopener\">https:\/\/x.com\/BabakTaghvaee1\/status\/1896208024898769332<\/a>. (linkki avautuu uuteen v\u00e4lilehteen, -videoita.)<\/p>\n<\/blockquote>\n<p>Syyrian nykyinen johtaja, al-Shara&#8217;a, tunnettiin aiemmin al-Joulani-nimell\u00e4, kun h\u00e4n oli <strong>al-Qaeda<\/strong>n pomo Syyriassa. (al-Qaeda on se <strong>Osama Bin Laden<\/strong>in lafka.)<\/p>\n<p>Druusien &#8217;<em>Men of Dignity<\/em>&#8217; -liikkeen johtaja sheikki <strong>Laith al-Balous<\/strong> totesi lauantaina (01.03.), ett\u00e4 \u00e4skett\u00e4iset yhteenotot Damaskoksen etel\u00e4puolella Jaramanassa eiv\u00e4t olleet yleisten turvallisuusjoukkojen kanssa, vaan ne syttyiv\u00e4t henkil\u00f6kohtaisen kiistan vuoksi.<\/p>\n<p>Israelin p\u00e4\u00e4ministeri Benjamin Netanyahu antoi lauantaina armeijalle k\u00e4skyn suojella Jaramanan druusiasukkaita, ja varoitti Syyrian hallitusta druusiyhteis\u00f6n vahingoittamisesta: Druuseja vastaan hy\u00f6kk\u00e4\u00e4miseen vastataan kostotoimilla. HTS:n soturit ovat tiedon mukaan poistuneet t\u00e4n\u00e4\u00e4n Jaramanasta.\u00a0<img loading=\"lazy\" decoding=\"async\" class=\"alignnone size-full wp-image-144\" src=\"https:\/\/www.uutispeili.fi\/wp-content\/uploads\/2023\/11\/di.gold_.gif\" alt=\"\" width=\"11\" height=\"11\" \/><\/p>\n<p>Lukemista:<\/p>\n<ul>\n<li><a href=\"https:\/\/npasyria.com\/en\/122675\/\" target=\"_blank\" rel=\"noopener\"><strong>North Press Agency<\/strong><\/a> 02.03. 2025,<\/li>\n<li><a href=\"https:\/\/npasyria.com\/en\/122671\/\" target=\"_blank\" rel=\"noopener\"><strong>North Press Agency<\/strong><\/a> 01.03. 2025,<\/li>\n<\/ul>\n<p>\u00a0<\/p>\n<p><blockquote class=\"wp-embedded-content\" data-secret=\"NCQ4PFmTin\"><a href=\"https:\/\/www.uutispeili.fi\/index.php\/2025\/02\/25\/osallistava-hallinto-ei-nayta-toteutuvan-syyriassa\/\">&#8217;Osallistava hallinto&#8217; ei n\u00e4yt\u00e4 toteutuvan Syyriassa<\/a><\/blockquote><iframe class=\"wp-embedded-content\" sandbox=\"allow-scripts\" security=\"restricted\" style=\"position: absolute; clip: rect(1px, 1px, 1px, 1px);\" title=\"&#8221;&#8217;Osallistava hallinto&#8217; ei n\u00e4yt\u00e4 toteutuvan Syyriassa&#8221; &#8212; \" src=\"https:\/\/www.uutispeili.fi\/index.php\/2025\/02\/25\/osallistava-hallinto-ei-nayta-toteutuvan-syyriassa\/embed\/#?secret=xwe83LhQFM#?secret=NCQ4PFmTin\" data-secret=\"NCQ4PFmTin\" width=\"600\" height=\"338\" frameborder=\"0\" marginwidth=\"0\" marginheight=\"0\" scrolling=\"no\"><\/iframe><\/p>\n<p><blockquote class=\"wp-embedded-content\" data-secret=\"M9mOdqSJCv\"><a href=\"https:\/\/www.uutispeili.fi\/index.php\/2025\/02\/08\/afrinin-valikohtaus-torstailta-avaa-syyrian-tulevaisuudennakymia-islamismille-ei-pidakkeita\/\">Afrinin v\u00e4likohtaus torstailta avaa Syyrian tulevaisuudenn\u00e4kymi\u00e4: Islamismille ei pid\u00e4kkeit\u00e4<\/a><\/blockquote><iframe class=\"wp-embedded-content\" sandbox=\"allow-scripts\" security=\"restricted\" style=\"position: absolute; clip: rect(1px, 1px, 1px, 1px);\" title=\"&#8221;Afrinin v\u00e4likohtaus torstailta avaa Syyrian tulevaisuudenn\u00e4kymi\u00e4: Islamismille ei pid\u00e4kkeit\u00e4&#8221; &#8212; \" src=\"https:\/\/www.uutispeili.fi\/index.php\/2025\/02\/08\/afrinin-valikohtaus-torstailta-avaa-syyrian-tulevaisuudennakymia-islamismille-ei-pidakkeita\/embed\/#?secret=9pdjnxfEFF#?secret=M9mOdqSJCv\" data-secret=\"M9mOdqSJCv\" width=\"600\" height=\"338\" frameborder=\"0\" marginwidth=\"0\" marginheight=\"0\" scrolling=\"no\"><\/iframe><\/p>\n<p><blockquote class=\"wp-embedded-content\" data-secret=\"cp90AoQl3V\"><a href=\"https:\/\/www.uutispeili.fi\/index.php\/2025\/01\/20\/htsn-ulkomaiset-soturit-syyriassa-riski-koko-maailmalle\/\">HTS:n ulkomaiset soturit Syyriassa riski koko maailmalle<\/a><\/blockquote><iframe class=\"wp-embedded-content\" sandbox=\"allow-scripts\" security=\"restricted\" style=\"position: absolute; clip: rect(1px, 1px, 1px, 1px);\" title=\"&#8221;HTS:n ulkomaiset soturit Syyriassa riski koko maailmalle&#8221; &#8212; \" src=\"https:\/\/www.uutispeili.fi\/index.php\/2025\/01\/20\/htsn-ulkomaiset-soturit-syyriassa-riski-koko-maailmalle\/embed\/#?secret=oeYR4dEj1A#?secret=cp90AoQl3V\" data-secret=\"cp90AoQl3V\" width=\"600\" height=\"338\" frameborder=\"0\" marginwidth=\"0\" marginheight=\"0\" scrolling=\"no\"><\/iframe><\/p>\n<p><blockquote class=\"wp-embedded-content\" data-secret=\"e0jtPuTiZR\"><a href=\"https:\/\/www.uutispeili.fi\/index.php\/2025\/01\/15\/erdogan-piti-tanaan-puheen-uhoaa-yha-syyrian-kurdi-joukkojen-tuhoamista\/\">Erdogan piti t\u00e4n\u00e4\u00e4n puheen: Uhoaa yh\u00e4 Syyrian kurdi-joukkojen tuhoamista<\/a><\/blockquote><iframe class=\"wp-embedded-content\" sandbox=\"allow-scripts\" security=\"restricted\" style=\"position: absolute; clip: rect(1px, 1px, 1px, 1px);\" title=\"&#8221;Erdogan piti t\u00e4n\u00e4\u00e4n puheen: Uhoaa yh\u00e4 Syyrian kurdi-joukkojen tuhoamista&#8221; &#8212; \" src=\"https:\/\/www.uutispeili.fi\/index.php\/2025\/01\/15\/erdogan-piti-tanaan-puheen-uhoaa-yha-syyrian-kurdi-joukkojen-tuhoamista\/embed\/#?secret=drdJ9RPsaz#?secret=e0jtPuTiZR\" data-secret=\"e0jtPuTiZR\" width=\"600\" height=\"338\" frameborder=\"0\" marginwidth=\"0\" marginheight=\"0\" scrolling=\"no\"><\/iframe><\/p>\n<p><blockquote class=\"wp-embedded-content\" data-secret=\"qTWS7yXYGR\"><a href=\"https:\/\/www.uutispeili.fi\/index.php\/2024\/12\/28\/esirippu-vaistyy-syyriassa-al-joulanin-ahmed-sharaa-hts-islamistit-terrorisoivat-aramealais-kristittyjen-kaupungissa\/\">Esirippu v\u00e4istyy Syyriassa: Al-Joulanin (Ahmed Shara&#8217;a) HTS-islamistit  terrorisoivat aramealais-kristittyjen kaupungissa<\/a><\/blockquote><iframe class=\"wp-embedded-content\" sandbox=\"allow-scripts\" security=\"restricted\" style=\"position: absolute; clip: rect(1px, 1px, 1px, 1px);\" title=\"&#8221;Esirippu v\u00e4istyy Syyriassa: Al-Joulanin (Ahmed Shara&#8217;a) HTS-islamistit  terrorisoivat aramealais-kristittyjen kaupungissa&#8221; &#8212; \" src=\"https:\/\/www.uutispeili.fi\/index.php\/2024\/12\/28\/esirippu-vaistyy-syyriassa-al-joulanin-ahmed-sharaa-hts-islamistit-terrorisoivat-aramealais-kristittyjen-kaupungissa\/embed\/#?secret=4xTPZA1yR2#?secret=qTWS7yXYGR\" data-secret=\"qTWS7yXYGR\" width=\"600\" height=\"338\" frameborder=\"0\" marginwidth=\"0\" marginheight=\"0\" scrolling=\"no\"><\/iframe><\/p>\n<p><blockquote class=\"wp-embedded-content\" data-secret=\"Aq8lEzIKrM\"><a href=\"https:\/\/www.uutispeili.fi\/index.php\/2025\/02\/12\/al-sharaa-syyrialla-ja-venajalla-vahvat-strategiset-siteet\/\">Al-Shara&#8217;a: Syyrialla ja Ven\u00e4j\u00e4ll\u00e4 &#8221;vahvat strategiset siteet&#8217;<\/a><\/blockquote><iframe class=\"wp-embedded-content\" sandbox=\"allow-scripts\" security=\"restricted\" style=\"position: absolute; clip: rect(1px, 1px, 1px, 1px);\" title=\"&#8221;Al-Shara&#8217;a: Syyrialla ja Ven\u00e4j\u00e4ll\u00e4 &#8221;vahvat strategiset siteet&#8217;&#8221; &#8212; \" src=\"https:\/\/www.uutispeili.fi\/index.php\/2025\/02\/12\/al-sharaa-syyrialla-ja-venajalla-vahvat-strategiset-siteet\/embed\/#?secret=ssvehXs3iB#?secret=Aq8lEzIKrM\" data-secret=\"Aq8lEzIKrM\" width=\"600\" height=\"338\" frameborder=\"0\" marginwidth=\"0\" marginheight=\"0\" scrolling=\"no\"><\/iframe><\/p>\n<p>\u00a0<\/p>\n<p><blockquote class=\"wp-embedded-content\" data-secret=\"nbfsz7NKfW\"><a href=\"https:\/\/www.uutispeili.fi\/index.php\/2024\/12\/19\/pentagonin-kenraali-briiffaa-yhdysvaltain-itarannikon-drooneista-ja-syyrian-tilanteesta-suora\/\">Pentagonin kenraali briiffaa Yhdysvaltain it\u00e4rannikon drooneista, ja Syyrian tilanteesta (VIDEO)<\/a><\/blockquote><iframe class=\"wp-embedded-content\" sandbox=\"allow-scripts\" security=\"restricted\" style=\"position: absolute; clip: rect(1px, 1px, 1px, 1px);\" title=\"&#8221;Pentagonin kenraali briiffaa Yhdysvaltain it\u00e4rannikon drooneista, ja Syyrian tilanteesta (VIDEO)&#8221; &#8212; \" src=\"https:\/\/www.uutispeili.fi\/index.php\/2024\/12\/19\/pentagonin-kenraali-briiffaa-yhdysvaltain-itarannikon-drooneista-ja-syyrian-tilanteesta-suora\/embed\/#?secret=e7iyvdMcNn#?secret=nbfsz7NKfW\" data-secret=\"nbfsz7NKfW\" width=\"600\" height=\"338\" frameborder=\"0\" marginwidth=\"0\" marginheight=\"0\" scrolling=\"no\"><\/iframe><\/p>\n\n\n<p><\/p>\n","protected":false},"excerpt":{"rendered":"<p>Syyrian v\u00e4liaikaisen hallituksen turvajoukot tai HTS:n miliisit ovat viikkojen ajan ahdistelleet sunni-islamista poikkeavien uskontokuntien j\u00e4seni\u00e4.\u00a0 (Kuvan aineisto: IDF, HTS.) Jaramanan kaupungissa, p\u00e4\u00e4kaupungin Damaskoksen etel\u00e4puolella, tapahtui lauantaina (01.03.) selkkaus hallituksen turvajoukkojen ja druusi-miliisin v\u00e4lill\u00e4. Tapaus ei ollut ensimm\u00e4inen laatuaan, mutta druusien edustaja selitt\u00e4\u00e4 tapahtuneen &#8217;yksityishenkil\u00f6iden yhteenotoksi&#8217;. Naftali Hazony kirjoittaa 01.03. illalla (23:30):Israelin joukot valmistautuvat etenem\u00e4\u00e4n kohti [&hellip;]<\/p>\n","protected":false},"author":3,"featured_media":5354,"comment_status":"open","ping_status":"open","sticky":false,"template":"","format":"standard","meta":{"footnotes":""},"categories":[122,80,123],"tags":[],"_links":{"self":[{"href":"https:\/\/www.uutispeili.fi\/index.php\/wp-json\/wp\/v2\/posts\/5353"}],"collection":[{"href":"https:\/\/www.uutispeili.fi\/index.php\/wp-json\/wp\/v2\/posts"}],"about":[{"href":"https:\/\/www.uutispeili.fi\/index.php\/wp-json\/wp\/v2\/types\/post"}],"author":[{"embeddable":true,"href":"https:\/\/www.uutispeili.fi\/index.php\/wp-json\/wp\/v2\/users\/3"}],"replies":[{"embeddable":true,"href":"https:\/\/www.uutispeili.fi\/index.php\/wp-json\/wp\/v2\/comments?post=5353"}],"version-history":[{"count":2,"href":"https:\/\/www.uutispeili.fi\/index.php\/wp-json\/wp\/v2\/posts\/5353\/revisions"}],"predecessor-version":[{"id":5358,"href":"https:\/\/www.uutispeili.fi\/index.php\/wp-json\/wp\/v2\/posts\/5353\/revisions\/5358"}],"wp:featuredmedia":[{"embeddable":true,"href":"https:\/\/www.uutispeili.fi\/index.php\/wp-json\/wp\/v2\/media\/5354"}],"wp:attachment":[{"href":"https:\/\/www.uutispeili.fi\/index.php\/wp-json\/wp\/v2\/media?parent=5353"}],"wp:term":[{"taxonomy":"category","embeddable":true,"href":"https:\/\/www.uutispeili.fi\/index.php\/wp-json\/wp\/v2\/categories?post=5353"},{"taxonomy":"post_tag","embeddable":true,"href":"https:\/\/www.uutispeili.fi\/index.php\/wp-json\/wp\/v2\/tags?post=5353"}],"curies":[{"name":"wp","href":"https:\/\/api.w.org\/{rel}","templated":true}]}}