{"id":5345,"date":"2025-03-02T09:48:35","date_gmt":"2025-03-02T09:48:35","guid":{"rendered":"https:\/\/www.uutispeili.fi\/?p=5345"},"modified":"2025-03-02T09:48:35","modified_gmt":"2025-03-02T09:48:35","slug":"mikko-paunio-eulla-oma-usaid-skandaali-tosin-viela-kahta-kauheampi","status":"publish","type":"post","link":"https:\/\/www.uutispeili.fi\/index.php\/2025\/03\/02\/mikko-paunio-eulla-oma-usaid-skandaali-tosin-viela-kahta-kauheampi\/","title":{"rendered":"Mikko Paunio: EU:lla oma USAID skandaali tosin viel\u00e4 kahta kauheampi"},"content":{"rendered":"<p><strong>Thomas Fazi niminen italialainen journalisti on kirjoittanut kauhistuttavan raportin (&#8221;EU:n Propaganda Kone&#8221;, MCC Brussels) siit\u00e4, kuinka EU:n komissio rahoittaa budjetistaan (otsakkeen &#8221;oikeudet ja arvot&#8221; ja siin\u00e4 &#8221;Kansalaiset, Yhdenvertaisuus, Oikeudet ja Arvot&#8221; ohjelma eli CERV-ohjelma) ns. kansalaisj\u00e4rjest\u00f6j\u00e4 eli kuinka se luo keinotekoisen julkisen mielipiteen n\u00e4iden j\u00e4rjest\u00f6jen ja juonessa mukana olevan valtamedian avulla.<\/strong><\/p>\n<p>(Kuval\u00e4hde: Thomas Fazi.)<\/p>\n<p>Vuosille 2021-2027 <strong>EU:n komissio<\/strong> on varannut t\u00e4h\u00e4n kaksi miljardia euroa, joilla tuetaan transgenderismi\u00e4, ilmastoaktivismia, EU:n vihre\u00e4\u00e4 siirtym\u00e4\u00e4, taistelua disinformaatiota vastaan, antirasismia ym. <strong>YK<\/strong>:n ja <strong>Maailman Talousfoorum<\/strong>in DEI\/ESG-arvoilla.<\/p>\n<p>Se, mik\u00e4 tekee EU:n skandaalista viel\u00e4 <strong>USAID<\/strong>-skandaalia karmeamman on se, ett\u00e4 USAID pyrki vaikuttamaan maan rajojen ulkopuolelle, kun taas EU:n komissio on rahoittanut meid\u00e4nkin rahoilla federalismia ja em. asioita EU:n sis\u00e4ll\u00e4 p\u00f6nkitt\u00e4\u00e4kseen omaa valtaa j\u00e4senvaltioiden kustannuksella.<\/p>\n<p>Rahaa on k\u00e4ytetty mm. <em>ennallistamisasetuksen<\/em> lobbaukseen Europarlamentissa, jotta se saatiin mahdollisimman vihre\u00e4ksi. T\u00e4ll\u00e4 on oleva tuhoisia vaikutuksia Suomelle.<\/p>\n<p>Olen seurannut n\u00e4it\u00e4 j\u00e4rjest\u00f6j\u00e4 kv-areenoilla jo 25 vuotta ja olen huomannut niiden tulleen alati r\u00f6yhke\u00e4mmiksi ja huomannut niiden jo k\u00e4ytt\u00e4v\u00e4n jopa is\u00e4nn\u00e4n valtaa YK:ssa ja EU:ssa.<\/p>\n<p>Mikko Paunio<\/p>\n<p>Viitteet:<\/p>\n<p><iframe loading=\"lazy\" title=\"The EU\u2019s NGO Scandal: How Brussels Funds Its Own Propaganda | Deep Dives\" width=\"640\" height=\"360\" src=\"https:\/\/www.youtube.com\/embed\/sSfQqHWQQE8?feature=oembed\" frameborder=\"0\" allow=\"accelerometer; autoplay; clipboard-write; encrypted-media; gyroscope; picture-in-picture; web-share\" referrerpolicy=\"strict-origin-when-cross-origin\" allowfullscreen><\/iframe><\/p>\n<ul>\n<li><a href=\"https:\/\/brussels.mcc.hu\/uploads\/default\/0001\/01\/7ab59f9d3aca403f6fbd6ff2af284f236fddad7c.pdf\" target=\"_blank\" rel=\"noopener\">https:\/\/brussels.mcc.hu\/uploads\/default\/0001\/01\/7ab59f9d3aca403f6fbd6ff2af284f236fddad7c.pdf<\/a>,<\/li>\n<\/ul>\n","protected":false},"excerpt":{"rendered":"<p>Thomas Fazi niminen italialainen journalisti on kirjoittanut kauhistuttavan raportin (&#8221;EU:n Propaganda Kone&#8221;, MCC Brussels) siit\u00e4, kuinka EU:n komissio rahoittaa budjetistaan (otsakkeen &#8221;oikeudet ja arvot&#8221; ja siin\u00e4 &#8221;Kansalaiset, Yhdenvertaisuus, Oikeudet ja Arvot&#8221; ohjelma eli CERV-ohjelma) ns. kansalaisj\u00e4rjest\u00f6j\u00e4 eli kuinka se luo keinotekoisen julkisen mielipiteen n\u00e4iden j\u00e4rjest\u00f6jen ja juonessa mukana olevan valtamedian avulla. (Kuval\u00e4hde: Thomas Fazi.) Vuosille [&hellip;]<\/p>\n","protected":false},"author":6,"featured_media":5346,"comment_status":"open","ping_status":"open","sticky":false,"template":"","format":"standard","meta":{"footnotes":""},"categories":[31,51],"tags":[],"_links":{"self":[{"href":"https:\/\/www.uutispeili.fi\/index.php\/wp-json\/wp\/v2\/posts\/5345"}],"collection":[{"href":"https:\/\/www.uutispeili.fi\/index.php\/wp-json\/wp\/v2\/posts"}],"about":[{"href":"https:\/\/www.uutispeili.fi\/index.php\/wp-json\/wp\/v2\/types\/post"}],"author":[{"embeddable":true,"href":"https:\/\/www.uutispeili.fi\/index.php\/wp-json\/wp\/v2\/users\/6"}],"replies":[{"embeddable":true,"href":"https:\/\/www.uutispeili.fi\/index.php\/wp-json\/wp\/v2\/comments?post=5345"}],"version-history":[{"count":1,"href":"https:\/\/www.uutispeili.fi\/index.php\/wp-json\/wp\/v2\/posts\/5345\/revisions"}],"predecessor-version":[{"id":5347,"href":"https:\/\/www.uutispeili.fi\/index.php\/wp-json\/wp\/v2\/posts\/5345\/revisions\/5347"}],"wp:featuredmedia":[{"embeddable":true,"href":"https:\/\/www.uutispeili.fi\/index.php\/wp-json\/wp\/v2\/media\/5346"}],"wp:attachment":[{"href":"https:\/\/www.uutispeili.fi\/index.php\/wp-json\/wp\/v2\/media?parent=5345"}],"wp:term":[{"taxonomy":"category","embeddable":true,"href":"https:\/\/www.uutispeili.fi\/index.php\/wp-json\/wp\/v2\/categories?post=5345"},{"taxonomy":"post_tag","embeddable":true,"href":"https:\/\/www.uutispeili.fi\/index.php\/wp-json\/wp\/v2\/tags?post=5345"}],"curies":[{"name":"wp","href":"https:\/\/api.w.org\/{rel}","templated":true}]}}