{"id":5311,"date":"2025-02-28T14:35:26","date_gmt":"2025-02-28T14:35:26","guid":{"rendered":"https:\/\/www.uutispeili.fi\/?p=5311"},"modified":"2025-02-28T14:35:27","modified_gmt":"2025-02-28T14:35:27","slug":"seppo-huhta-karismat-soinit-ja-unelmat","status":"publish","type":"post","link":"https:\/\/www.uutispeili.fi\/index.php\/2025\/02\/28\/seppo-huhta-karismat-soinit-ja-unelmat\/","title":{"rendered":"Seppo Huhta: Karismat, Soinit ja unelmat"},"content":{"rendered":"<p><strong>Timo Soinilla oli kaksi suurta unelmaa politiikan saralla: olla joskus ulkoministeri ja Espoon kaupunginvaltuuston puheenjohtaja, ja ne molemmat h\u00e4n saavutti. <\/strong><\/p>\n<p>En tied\u00e4 onko <strong>Riikka Purra<\/strong>lla joitakin tiettyj\u00e4 unelmia, mutta n\u00e4keeh\u00e4n sen nyt kun &#8221;<em>protestipuolueen<\/em>&#8221; puheenjohtaja on valtiovarainministeri, niin nassuun tulee joka puolelta. Ei auta vaikka olisi kuinka hyv\u00e4 suustaan. Kyll\u00e4 mullakin on se kuva, etteip\u00e4 Soini juurikaan maahanmuuttokriitikkona loistanut, enemm\u00e4n sit\u00e4 olivat toiset persut, ja <em><strong>Siniset<\/strong>h\u00e4n<\/em> oli -tai yritti olla- jonkinlainen &#8221;<em>pikkuKokoomus<\/em>&#8221;, mutta miksip\u00e4 ihmiset olisivat semmoisen valinneet, kun oli jo olemassa ihan oikeakin <strong>Kokoomus<\/strong>.<\/p>\n<h2>P\u00e4rj\u00e4t\u00e4kseen politiikassa on oltava sit\u00e4 jotakin, -ja sit\u00e4 sanotaan karismaksi<\/h2>\n<p>Soini valitsi kruununperij\u00e4ehdokkaaseen v\u00e4\u00e4r\u00e4n tyypin. -Olkoonkin, ett\u00e4 <strong>Sampo Terho<\/strong> asiallisesti on hyv\u00e4k\u00e4yt\u00f6ksinen, sulavasanainen \u00e4lyk\u00e4s mies, niin kuitenkin h\u00e4nelt\u00e4 puuttuu politiikassa aivan erityisen tarpeellinen ominaisuus eli karisma. Kukaan tuskin kiist\u00e4\u00e4 sit\u00e4, ett\u00e4 Timo Soinilla oli Perussuomalaisten tapaisen puolueen puoluejohtajalle oikeinkin k\u00e4yp\u00e4\u00e4 karismaa.<\/p>\n<p>Puolueen puheenjohtajan t\u00e4ytyy muistuttaa puoluettaan, ja olla ainakin jollakin tavalla puolueen historian jatkumo. Vaikka esimerkiksi Riikka Purralla onkin &#8221;protestipuolue&#8221; kontextissa v\u00e4\u00e4r\u00e4 ministerinsalkku, niin karismaattinen nainen h\u00e4n on.<\/p>\n<p><strong>Antti Lidtman<\/strong> ,vaikka onkin <strong>V\u00e4in\u00f6 Tanner<\/strong>ia liki main puoli metri\u00e4 pidempi, niin kyll\u00e4 h\u00e4n on er\u00e4\u00e4nlainen Tannerin reingarnaatio. -Tosin Antti hymyilee kuvissa ja luonnossa, kun taas Tannerin hymykuvat taitavat l\u00f6yty\u00e4 vain perhealbumista.<\/p>\n<p><strong>Antti Kaikkosesta<\/strong> taas huokuu, -vaikka onkin toimittaja siviiliammatiltaan- sellainen lupsakka is\u00e4nt\u00e4miehen olemus. H\u00e4n on kuin olisi tuttu, vaikka et olisi h\u00e4nt\u00e4 ikin\u00e4 tavannutkaan.\u00a0 <strong>Sofia Virrassa<\/strong> taas on s\u00e4pin\u00e4\u00e4. Joskus tuntuu, ett\u00e4 niink\u00f6h\u00e4n tuo nainen itse pysyy itsens\u00e4 per\u00e4ss\u00e4, mutta my\u00f6s h\u00e4n erottuu joukosta helposti, ja kaiken lis\u00e4ksi h\u00e4n on n\u00e4ytt\u00e4v\u00e4 nainen, josta ei todellakaan tule ensimm\u00e4iseksi villahousut kukkahameen alta vilkkuvan <em>Elokapinan<\/em> vannoutuneen Manskulla istujan prototyppi mieleen mill\u00e4\u00e4n tavoin.<\/p>\n<p>Vasemmistoliiton <strong>Minja Koskela<\/strong>n taas voisi kuvitella malliksi 2.0 versioon <strong>Louvre<\/strong>ssa olevan <strong>Eugene<\/strong> <strong>Delacroix<\/strong>in maalaukseen &#8221;<em>Vapaus johtaa kansaa<\/em>&#8221;. H\u00e4n on hyvin tulinen nainen, eik\u00e4 sit\u00e4 peittele. Vaikuttaa paremminkin silt\u00e4, ett\u00e4 h\u00e4n antaa karismansa valua kanssaihmisten p\u00e4\u00e4lle saatteella: &#8221;<em>nauttikaa siit\u00e4<\/em>&#8221;.<\/p>\n<p><strong>Sari Essayah<\/strong> -Niin, on oikeastaan vaikea sanoa kuka olisi enemm\u00e4n puolueensa n\u00e4k\u00f6inen ja kuuloinen, kuin h\u00e4n, ja varsinkin jos muistaa, ett\u00e4 KD ei ole naulannut itse\u00e4\u00e4n ole yhteen, eik\u00e4 edes muutamaankaan lahkoon, vaan kohtuu pienen porukan v\u00e4ki on kirjo uskovia ihmisi\u00e4.<\/p>\n<p>No, totta on ett\u00e4 <strong>Petteri Orpo<\/strong> on nimen omaan samanlainen kuin usein kliseiset mielikuvamme Kokoomuksesta, mutta voi sanoa, ett\u00e4 h\u00e4n on viel\u00e4 kokoomuslaisempi kuin kukaan muu. H\u00e4ness\u00e4 kokoomuslaisuus tiivistyy enemm\u00e4n kuin muissa, ja siin\u00e4 on paljon aihioita karismaan yhdelle miehelle.<\/p>\n<p><strong>Hjallis Harkimo<\/strong> on oman tiens\u00e4 purjehtija, niin kuin puolueensakin, mutta koska Liike Nytista ei ota selv\u00e4\u00e4,-ei se ole mit\u00e4\u00e4n ideologiaa- ei se oikeastaan tarkoita mit\u00e4\u00e4n, mutta kyll\u00e4 se on Hjallis Harkimo. Puolueen nimikin voisi olla Hjallis Harkimo niin kuin Saksassa on uusimman vasemmistolaisen puolueen nimi <strong>Sahra Wagenknect<\/strong>-puolue siis puheenjohtajansa mukaan.<\/p>\n<p>Mutta, vaikka Harkimo on yksi ja ainoa eduskunnassa, niin h\u00e4n ei ole n\u00e4kym\u00e4t\u00f6n eik\u00e4 kuulumaton: jos joku sanoisi, ett\u00e4 Harkimo ei ole karismaattinen, niin min\u00e4 sanoisin, ett\u00e4 sin\u00e4 et ole n\u00e4k\u00f6kykyinen, eik\u00e4 sulla toimi kuulokaan. Se mit\u00e4 Hjallis puhuu tai ajaa, on aika lailla sivuseikka, koska h\u00e4n on puoluettaan isompi ja ainakin monin verroin karismaattisempi.<\/p>\n<p>Niin, ett\u00e4 v\u00e4it\u00e4n meill\u00e4 olevan itse asiassa niin sanotusti &#8221;<em>hyv\u00e4 herraonni<\/em>&#8221;, vaikka aina pit\u00e4\u00e4 my\u00f6s muistaa, ett\u00e4 &#8221;<em>terve herraviha on viisautta<\/em>&#8221;. Ainakin silt\u00e4 osin , ett\u00e4 nuo ihmiset kyll\u00e4 erottuvat kaikki omilla tavoillaan, ja heiss\u00e4 on kaikissa sit\u00e4 paljon per\u00e4\u00e4nkuulutettua karismaa. Se, ett\u00e4 kuinka paljon kenest\u00e4kin olemme jotakin mielt\u00e4 tai kannatamme heid\u00e4n ajatuksiaan ja visioitaan, on oikeastaan aivan toinen juttu kuin se, ett\u00e4 he eiv\u00e4t ole n\u00e4kym\u00e4tt\u00f6mi\u00e4 -kukaan.<\/p>\n<p>Seppo Huhta<\/p>\n","protected":false},"excerpt":{"rendered":"<p>Timo Soinilla oli kaksi suurta unelmaa politiikan saralla: olla joskus ulkoministeri ja Espoon kaupunginvaltuuston puheenjohtaja, ja ne molemmat h\u00e4n saavutti. En tied\u00e4 onko Riikka Purralla joitakin tiettyj\u00e4 unelmia, mutta n\u00e4keeh\u00e4n sen nyt kun &#8221;protestipuolueen&#8221; puheenjohtaja on valtiovarainministeri, niin nassuun tulee joka puolelta. Ei auta vaikka olisi kuinka hyv\u00e4 suustaan. Kyll\u00e4 mullakin on se kuva, etteip\u00e4 [&hellip;]<\/p>\n","protected":false},"author":5,"featured_media":5312,"comment_status":"open","ping_status":"open","sticky":false,"template":"","format":"standard","meta":{"footnotes":""},"categories":[21],"tags":[],"_links":{"self":[{"href":"https:\/\/www.uutispeili.fi\/index.php\/wp-json\/wp\/v2\/posts\/5311"}],"collection":[{"href":"https:\/\/www.uutispeili.fi\/index.php\/wp-json\/wp\/v2\/posts"}],"about":[{"href":"https:\/\/www.uutispeili.fi\/index.php\/wp-json\/wp\/v2\/types\/post"}],"author":[{"embeddable":true,"href":"https:\/\/www.uutispeili.fi\/index.php\/wp-json\/wp\/v2\/users\/5"}],"replies":[{"embeddable":true,"href":"https:\/\/www.uutispeili.fi\/index.php\/wp-json\/wp\/v2\/comments?post=5311"}],"version-history":[{"count":1,"href":"https:\/\/www.uutispeili.fi\/index.php\/wp-json\/wp\/v2\/posts\/5311\/revisions"}],"predecessor-version":[{"id":5313,"href":"https:\/\/www.uutispeili.fi\/index.php\/wp-json\/wp\/v2\/posts\/5311\/revisions\/5313"}],"wp:featuredmedia":[{"embeddable":true,"href":"https:\/\/www.uutispeili.fi\/index.php\/wp-json\/wp\/v2\/media\/5312"}],"wp:attachment":[{"href":"https:\/\/www.uutispeili.fi\/index.php\/wp-json\/wp\/v2\/media?parent=5311"}],"wp:term":[{"taxonomy":"category","embeddable":true,"href":"https:\/\/www.uutispeili.fi\/index.php\/wp-json\/wp\/v2\/categories?post=5311"},{"taxonomy":"post_tag","embeddable":true,"href":"https:\/\/www.uutispeili.fi\/index.php\/wp-json\/wp\/v2\/tags?post=5311"}],"curies":[{"name":"wp","href":"https:\/\/api.w.org\/{rel}","templated":true}]}}