{"id":5293,"date":"2025-02-27T15:41:58","date_gmt":"2025-02-27T15:41:58","guid":{"rendered":"https:\/\/www.uutispeili.fi\/?p=5293"},"modified":"2025-02-27T15:41:58","modified_gmt":"2025-02-27T15:41:58","slug":"kansanedustaja-vaatii-rangaistusten-kiristamista-katujengiongelma-kitkemiseksi","status":"publish","type":"post","link":"https:\/\/www.uutispeili.fi\/index.php\/2025\/02\/27\/kansanedustaja-vaatii-rangaistusten-kiristamista-katujengiongelma-kitkemiseksi\/","title":{"rendered":"Kansanedustaja vaatii rangaistusten kirist\u00e4mist\u00e4 katujengiongelma kitkemiseksi"},"content":{"rendered":"<p><strong>Eilen keskiviikkona eduskunnassa k\u00e4ytiin l\u00e4hetekeskustelu hallituksen esityksest\u00e4 rikoslain muuttamiseksi.<\/strong><\/p>\n<p>(Kuvan aineisto: X (twitter))<\/p>\n<p>Poliisikansanedustaja <strong>Anne Rintam\u00e4ki<\/strong> (ps.) n\u00e4kee uudet kiristykset lakiin oikeansuuntaisina. H\u00e4n kiitt\u00e4\u00e4 perussuomalaista oikeusministeri\u00e4 <strong>Leena Merta<\/strong> uusista s\u00e4\u00e4d\u00f6ksist\u00e4 ja katsoo, ett\u00e4 oikeusj\u00e4rjestelm\u00e4 on kohdellut katujengej\u00e4 aivan liian l\u00f6ys\u00e4sti.<\/p>\n<h2>Rikoksen tekeminen osana rikollisjoukon toimintaa rangaistuksen koventamisperusteeksi<\/h2>\n<p>Rintam\u00e4ki kertoo, ett\u00e4 tarkoituksena on s\u00e4\u00e4t\u00e4\u00e4 rikoksen tekeminen osana rikollisjoukon toimintaa rangaistuksen koventamisperusteeksi. Kysymyksess\u00e4 on siis lains\u00e4\u00e4d\u00e4nt\u00f6, joka puuttuu kovalla k\u00e4dell\u00e4 huolestuttavasti kasvussa olevaan jengirikollisuuteen.<\/p>\n<blockquote><p>&#8211; Uudistuksessa huomioidaan lains\u00e4\u00e4d\u00e4nn\u00f6n tasolla m\u00e4\u00e4ritelm\u00e4 rikollisjoukolle, Rintam\u00e4ki t\u00e4sment\u00e4\u00e4.<\/p><\/blockquote>\n<h3>Alle 15-vuotiaita lapsia v\u00e4lineellistet\u00e4\u00e4n rikollismaailmassa<\/h3>\n<p>Rintam\u00e4ki tiet\u00e4\u00e4 ty\u00f6ns\u00e4 puolesta, ett\u00e4 rikollisjoukot ovat k\u00e4ytt\u00e4neet hyv\u00e4kseen alle 15-vuotiaita varhaisnuoria, sill\u00e4 he eiv\u00e4t ole teoistaan viel\u00e4 rikosoikeudellisessa vastuussa. Nyt kuitenkin t\u00e4h\u00e4nkin puututaan s\u00e4\u00e4t\u00e4m\u00e4ll\u00e4 alle 15-vuotiaiden k\u00e4ytt\u00e4minen rikoksen v\u00e4likappaleena erilliseksi rikokseksi.<\/p>\n<h3>Uusia koventamisperusteita<\/h3>\n<p>Rintam\u00e4ki tuo esiin uudet koventamisperusteet, joihin lis\u00e4t\u00e4\u00e4n my\u00f6s henkeen, terveyteen tai vapauteen kohdistuvien rikoksien tekeminen <em>erityisen n\u00f6yryytt\u00e4v\u00e4ll\u00e4 tavalla<\/em>. Tarkoituksena on osaltaan puuttua ilmi\u00f6\u00f6n, jossa nuoret, etenkin maahanmuuttajataustaiset nuoret, kuvaavat suorittamaansa v\u00e4kivaltaa videoille ja jakavat nettiin.<\/p>\n<blockquote><p>&#8211; Niiss\u00e4 on n\u00e4hty esimerkiksi uhrin pakottamista keng\u00e4npohjien nuolemiseen, tai sitten v\u00e4kivallan uhri on pakotettu riisumaan itsens\u00e4 alasti, ja muita aivan k\u00e4sitt\u00e4m\u00e4tt\u00f6m\u00e4n n\u00f6yryytt\u00e4vi\u00e4 tekoja, Rintam\u00e4ki toteaa.<\/p><\/blockquote>\n<h2>Katujengiongelma on todellinen<\/h2>\n<p>Rintam\u00e4ki muistelee, kuinka takavuosina Suomessa viel\u00e4 aivan silm\u00e4t kirkkaina puhuttiin, ett\u00e4 mit\u00e4\u00e4n katujengiongelmaa ei ole olemassakaan. Suurimmissa kaupungeissamme, miss\u00e4 maahanmuuton keskittymi\u00e4 on, ongelma on todellinen.<\/p>\n<blockquote><p>&#8211; Aihe on ollut mediassa herkk\u00e4, ja mieluummin on kirjoitettu Ruotsin katujengeist\u00e4 kuin omistamme, Rintam\u00e4ki sanoo ja jatkaa:<\/p>\n<p>&#8211; Onneksi meill\u00e4 on nyt hallitus, joka tunnistaa ongelman ja tekee toimenpiteit\u00e4 jengien kitkemiseksi, eik\u00e4 lakaise ongelmaa maton alle rasismisyyt\u00f6sten pelossa.<\/p><\/blockquote>\n<h3>Uutena ilmi\u00f6n\u00e4 postinumerojengit<\/h3>\n<p>Rintam\u00e4ki kertoo, ett\u00e4 modernin katujengiongelman ytimess\u00e4 ovat niin sanotut postinumerojengit, jotka profiloituvat mielell\u00e4\u00e4n jonkin kaupunginosan tai vaikka kadun hallitsijoiksi, jonne muilla jengeill\u00e4 ei ole asiaa. T\u00e4ll\u00e4 alueella sitten juuri t\u00e4m\u00e4 kyseinen jengi tekee huumekauppaa.<\/p>\n<blockquote><p>&#8211; Suurin osa katujengeihin kuuluvista, jopa 95-prosenttia, on joko ensimm\u00e4isen tai toisen polven maahanmuuttajia, Rintam\u00e4ki muistuttaa.<\/p><\/blockquote>\n<h2>Suurin ongelma on maahanmuuttopolitiikassa<\/h2>\n<p>Rintam\u00e4ki pohtii sit\u00e4, ett\u00e4 suuri osa tekij\u00f6ist\u00e4 on t\u00e4ysin meid\u00e4n kouluj\u00e4rjestelm\u00e4mme kasvatteja. H\u00e4n pohtii, olisiko jo syyt\u00e4 tunnistaa kulttuurilliset l\u00e4ht\u00f6kohdat ja perim\u00e4, mihin kouluj\u00e4rjestelm\u00e4 ei pysty ly\u00f6m\u00e4\u00e4n mink\u00e4\u00e4nlaista kiilaa v\u00e4liin, vaikka koulussa oltaisiin 24 tuntia vuorokaudessa 7 p\u00e4iv\u00e4\u00e4 viikossa. H\u00e4n n\u00e4kee ydinsyyn ongelmiin v\u00e4\u00e4r\u00e4nlaisessa maahanmuuttopolitiikassa.<\/p>\n<blockquote><p>&#8211; Jos kysymys olisi pelk\u00e4st\u00e4\u00e4n siit\u00e4, ett\u00e4 Suomessa ollaan ennakkoluuloisia ja rasistisia kaikkia v\u00e4h\u00e4nkin erin\u00e4k\u00f6isi\u00e4 kohtaan, niin mink\u00e4 vuoksi n\u00e4emme vain tiettyjen maiden kansalaisten valtavan yliedustuksen rikostilastoissa? Kuka osaisi vastata t\u00e4h\u00e4n kysymykseen? Rintam\u00e4ki kysyy ja toteaa:<\/p><\/blockquote>\n<p>&#8211; Merkille pantavaa on, ett\u00e4 maassamme on olemassa my\u00f6s maahanmuuttajaryhmi\u00e4, jotka osaavat el\u00e4\u00e4 lakiemme mukaan ihmisiksi, sopeutuvat maahamme eiv\u00e4tk\u00e4 aiheuta viranomaisille ja oikeuslaitokselle ty\u00f6taakkaa, puhumattakaan, ett\u00e4 aiheuttaisivat turvattomuutta asuinalueille ja kaduillemme. <img loading=\"lazy\" decoding=\"async\" class=\"alignnone size-full wp-image-144\" src=\"https:\/\/www.uutispeili.fi\/wp-content\/uploads\/2023\/11\/di.gold_.gif\" alt=\"\" width=\"11\" height=\"11\" \/><\/p>\n<p>(Uutispeili ei ole muokannut artikkelin sis\u00e4lt\u00f6\u00e4.)<\/p>\n","protected":false},"excerpt":{"rendered":"<p>Eilen keskiviikkona eduskunnassa k\u00e4ytiin l\u00e4hetekeskustelu hallituksen esityksest\u00e4 rikoslain muuttamiseksi. (Kuvan aineisto: X (twitter)) Poliisikansanedustaja Anne Rintam\u00e4ki (ps.) n\u00e4kee uudet kiristykset lakiin oikeansuuntaisina. H\u00e4n kiitt\u00e4\u00e4 perussuomalaista oikeusministeri\u00e4 Leena Merta uusista s\u00e4\u00e4d\u00f6ksist\u00e4 ja katsoo, ett\u00e4 oikeusj\u00e4rjestelm\u00e4 on kohdellut katujengej\u00e4 aivan liian l\u00f6ys\u00e4sti. Rikoksen tekeminen osana rikollisjoukon toimintaa rangaistuksen koventamisperusteeksi Rintam\u00e4ki kertoo, ett\u00e4 tarkoituksena on s\u00e4\u00e4t\u00e4\u00e4 rikoksen tekeminen [&hellip;]<\/p>\n","protected":false},"author":3,"featured_media":5294,"comment_status":"open","ping_status":"open","sticky":false,"template":"","format":"standard","meta":{"footnotes":""},"categories":[49,95],"tags":[],"_links":{"self":[{"href":"https:\/\/www.uutispeili.fi\/index.php\/wp-json\/wp\/v2\/posts\/5293"}],"collection":[{"href":"https:\/\/www.uutispeili.fi\/index.php\/wp-json\/wp\/v2\/posts"}],"about":[{"href":"https:\/\/www.uutispeili.fi\/index.php\/wp-json\/wp\/v2\/types\/post"}],"author":[{"embeddable":true,"href":"https:\/\/www.uutispeili.fi\/index.php\/wp-json\/wp\/v2\/users\/3"}],"replies":[{"embeddable":true,"href":"https:\/\/www.uutispeili.fi\/index.php\/wp-json\/wp\/v2\/comments?post=5293"}],"version-history":[{"count":1,"href":"https:\/\/www.uutispeili.fi\/index.php\/wp-json\/wp\/v2\/posts\/5293\/revisions"}],"predecessor-version":[{"id":5295,"href":"https:\/\/www.uutispeili.fi\/index.php\/wp-json\/wp\/v2\/posts\/5293\/revisions\/5295"}],"wp:featuredmedia":[{"embeddable":true,"href":"https:\/\/www.uutispeili.fi\/index.php\/wp-json\/wp\/v2\/media\/5294"}],"wp:attachment":[{"href":"https:\/\/www.uutispeili.fi\/index.php\/wp-json\/wp\/v2\/media?parent=5293"}],"wp:term":[{"taxonomy":"category","embeddable":true,"href":"https:\/\/www.uutispeili.fi\/index.php\/wp-json\/wp\/v2\/categories?post=5293"},{"taxonomy":"post_tag","embeddable":true,"href":"https:\/\/www.uutispeili.fi\/index.php\/wp-json\/wp\/v2\/tags?post=5293"}],"curies":[{"name":"wp","href":"https:\/\/api.w.org\/{rel}","templated":true}]}}