{"id":5263,"date":"2025-02-26T13:02:19","date_gmt":"2025-02-26T13:02:19","guid":{"rendered":"https:\/\/www.uutispeili.fi\/?p=5263"},"modified":"2025-02-26T13:02:20","modified_gmt":"2025-02-26T13:02:20","slug":"varsinais-suomen-vasemmistoliitto-poisti-johannes-yrttiahon-ehdokaslistalta","status":"publish","type":"post","link":"https:\/\/www.uutispeili.fi\/index.php\/2025\/02\/26\/varsinais-suomen-vasemmistoliitto-poisti-johannes-yrttiahon-ehdokaslistalta\/","title":{"rendered":"Varsinais-Suomen Vasemmistoliitto poisti Johannes Yrttiahon ehdokaslistalta"},"content":{"rendered":"<h3>&#8221;<em>T\u00e4llainen ei edist\u00e4 vasemmiston p\u00e4\u00e4m\u00e4\u00e4ri\u00e4<\/em>&#8221;<\/h3>\n<p>(Arkistokuva, kuval\u00e4hde: Eduskunta.)<\/p>\n<p><strong>Varsinais-Suomen Vasemmistoliiton<\/strong> piirihallitus p\u00e4\u00e4tti tiistain (25.02.) kokouksessaan peruuttaa aiemman ehdokasasettelup\u00e4\u00e4t\u00f6ksens\u00e4 ja poisti kansanedustaja <strong>Johannes Yrttiahon<\/strong> aluevaaliehdokkuudesta \u00e4\u00e4nin 9 &#8211; 7, 2 tyhj\u00e4\u00e4. Yrttiaho oli jo nimetty ehdokkaaksi alkuvuodesta. H\u00e4n on Vasemmistoliiton istuva aluevaltuutettu ja ker\u00e4si viime vaaleissa listan toisiksi eniten \u00e4\u00e4ni\u00e4 <strong>Li Anderssonin<\/strong> j\u00e4lkeen.<\/p>\n<p>Perusteluina listalta poistamiselle k\u00e4ytettiin sit\u00e4, ett\u00e4 Yrttiaho ei toimi <strong>Turun valtuustossa<\/strong> vasemmistoliiton ryhm\u00e4ss\u00e4.<\/p>\n<blockquote><p>&#8211; En tietenk\u00e4\u00e4n voi toimia ryhm\u00e4ss\u00e4, joka on minut erottanut, Yrttiaho vastaa. Huhtikuussa 2022 yll\u00e4tt\u00e4en tehty\u00e4 erottamista ei ole edelleenk\u00e4\u00e4n asiallisesti h\u00e4nelle perusteltu. \u00a0T\u00e4m\u00e4 veruke olisi ollut k\u00e4ytett\u00e4viss\u00e4 jo kolmen vuoden ajan, mutta siihen tartuttiin nyt viikko ennen aluevaalilistojen sulkeutumista, Yrttiaho huomauttaa.<\/p><\/blockquote>\n<h2><em>&#8217;Kansanedustajan teht\u00e4v\u00e4n\u00e4 on tavata ihmisi\u00e4<\/em>&#8217;<\/h2>\n<p>&#8211; Toinen esitetty peruste oli se, ett\u00e4 olin lauantaina k\u00e4ym\u00e4ss\u00e4 <strong>Asukkaiden Turku<\/strong> -yhteislistan telttatilaisuudessa Turun suurimmassa l\u00e4hi\u00f6ss\u00e4 <strong>Runosm\u00e4ess\u00e4<\/strong>. Valvoviin silmiin oli ilmeisesti sattunut muutama somessa levitetty valokuva, joissa jututin runosm\u00e4kel\u00e4isi\u00e4 kaupan edustalla.<\/p>\n<p>&#8211; Kansanedustajan teht\u00e4v\u00e4n\u00e4 on tavata ihmisi\u00e4 &#8211; kannattajia ja ket\u00e4 tahansa &#8211; ja olen t\u00e4t\u00e4 tehnyt muissakin luottamusteht\u00e4viss\u00e4 s\u00e4\u00e4nn\u00f6llisesti jo parikymment\u00e4 vuotta: tavannut ihmisi\u00e4 ja keskustelut heid\u00e4n kanssaan politiikasta ja muusta. Ei t\u00e4t\u00e4 ty\u00f6t\u00e4 voi muuten tehd\u00e4k\u00e4\u00e4n, Yrttiaho muistuttaa.<\/p>\n<p>Nyt yhteydenpito ihmisiin katsottiin rikkomukseksi, jonka vuoksi kansanedustaja poistettiin ehdokaslistalta.<\/p>\n<blockquote><p>&#8211; Olen jo aikaa sitten ilmoittanut, ett\u00e4 koska Turun Vasemmistoliitto esti ehdokkuuteni kuntavaaleissa, keskityn aluevaaleihin. Olin valmistautunut taistelemaan Vasemmistoliiton vaalivoiton puolesta, jotta olisimme saaneet kokoomuksen ja muun oikeiston vallan hyvinvointialueella aisoihin.<\/p><\/blockquote>\n<h2>&#8217;<em>Hyvinvointialueen palveluiden rajut leikkaukset<\/em> <em>uhkaavat ihmisten terveytt\u00e4<\/em>&#8217;<\/h2>\n<p>&#8211; Hyvinvointialueen palveluiden rajut leikkaukset terveyskeskuksiin, vanhustenhoitoon, sairaaloihin ja perhepalveluihin uhkaavat ihmisten terveytt\u00e4 ja hyvinvointia. Leikkausten peruminen olisi v\u00e4ltt\u00e4m\u00e4t\u00f6nt\u00e4.<\/p>\n<p>&#8211; Aluevaaleissa voidaan vaikuttaa my\u00f6s maan hallituksen politiikkaan. Hallituksen sotepolitiikkahan on keskittynyt l\u00e4hinn\u00e4 leikkauksiin ja hoivaj\u00e4ttien voittojen kasvattamiseen. \u00c4\u00e4nest\u00e4j\u00e4t voivat kev\u00e4\u00e4n vaaleissa n\u00e4ytt\u00e4\u00e4, ettei t\u00e4lle ole kannatusta, Yrttiaho kannustaa.<\/p>\n<p>Yrttiaho muistuttaa, ett\u00e4 Vasemmistoliiton eduskuntaryhm\u00e4ss\u00e4 luottamusta h\u00e4nelle on l\u00f6ytynyt. H\u00e4n on <strong>perustuslaki-<\/strong> ja <strong>talousvaliokuntien<\/strong> j\u00e4sen ja esimerkiksi tiistaina vanhustenhoitoa koskevassa v\u00e4likysymyskeskustelussa Vasemmistoliiton ryhm\u00e4puhuja.<\/p>\n<p>&#8211; Olisi luullut, ett\u00e4 t\u00e4llainen n\u00e4kyvyys vanhusasioissa katsottaisiin paikalliselle aluevaality\u00f6llekin eduksi.<\/p>\n<p>&#8211; Osa piirihallituksesta sen varsin hyvin ymm\u00e4rsikin. Kiit\u00e4n l\u00e4mpim\u00e4sti ehdokkuuttani tukeneita hallituksen j\u00e4seni\u00e4, et\u00e4yhteydell\u00e4 kokousta seurannut Yrttiaho toteaa.<\/p>\n<p>Yrttiaho pit\u00e4\u00e4 kaikesta kokemastaan huolimatta yll\u00e4tt\u00e4v\u00e4n\u00e4, ett\u00e4 Varsinais-Suomen Vasemmistoliitto teki saman virheen kuin Turun kunnallisj\u00e4rjest\u00f6 aiemmin.<\/p>\n<h2>&#8217;<em>Turussa kokoomusvalta on vienyt vasemmistoa<\/em>&#8217;<\/h2>\n<p>&#8211; Kun Turussa kokoomusvalta on vienyt vasemmistoa, taitaa niin k\u00e4yd\u00e4 nyt hyvinvointialueellakin.<\/p>\n<p>&#8211; Vasemmistossa on vallalla &#8211; ainakin paikallisesti &#8211; kehitys, joka ei en\u00e4\u00e4 edist\u00e4 liikkeen hyvi\u00e4 p\u00e4\u00e4m\u00e4\u00e4ri\u00e4. Virheist\u00e4 on toki mahdollista oppia. Olen koko ajan viestitt\u00e4nyt valmiuttani keskusteluihin, mutta nyt p\u00e4iv\u00e4t k\u00e4yv\u00e4t v\u00e4hiin. <img loading=\"lazy\" decoding=\"async\" class=\"alignnone size-full wp-image-144\" src=\"https:\/\/www.uutispeili.fi\/wp-content\/uploads\/2023\/11\/di.gold_.gif\" alt=\"\" width=\"11\" height=\"11\" \/><\/p>\n<p>(Uutispeili ei ole muokannut artikkelin sis\u00e4lt\u00f6\u00e4.)<\/p>\n","protected":false},"excerpt":{"rendered":"<p>&#8221;T\u00e4llainen ei edist\u00e4 vasemmiston p\u00e4\u00e4m\u00e4\u00e4ri\u00e4&#8221; (Arkistokuva, kuval\u00e4hde: Eduskunta.) Varsinais-Suomen Vasemmistoliiton piirihallitus p\u00e4\u00e4tti tiistain (25.02.) kokouksessaan peruuttaa aiemman ehdokasasettelup\u00e4\u00e4t\u00f6ksens\u00e4 ja poisti kansanedustaja Johannes Yrttiahon aluevaaliehdokkuudesta \u00e4\u00e4nin 9 &#8211; 7, 2 tyhj\u00e4\u00e4. Yrttiaho oli jo nimetty ehdokkaaksi alkuvuodesta. H\u00e4n on Vasemmistoliiton istuva aluevaltuutettu ja ker\u00e4si viime vaaleissa listan toisiksi eniten \u00e4\u00e4ni\u00e4 Li Anderssonin j\u00e4lkeen. Perusteluina listalta poistamiselle [&hellip;]<\/p>\n","protected":false},"author":3,"featured_media":5264,"comment_status":"open","ping_status":"open","sticky":false,"template":"","format":"standard","meta":{"footnotes":""},"categories":[43,84,34,114],"tags":[],"_links":{"self":[{"href":"https:\/\/www.uutispeili.fi\/index.php\/wp-json\/wp\/v2\/posts\/5263"}],"collection":[{"href":"https:\/\/www.uutispeili.fi\/index.php\/wp-json\/wp\/v2\/posts"}],"about":[{"href":"https:\/\/www.uutispeili.fi\/index.php\/wp-json\/wp\/v2\/types\/post"}],"author":[{"embeddable":true,"href":"https:\/\/www.uutispeili.fi\/index.php\/wp-json\/wp\/v2\/users\/3"}],"replies":[{"embeddable":true,"href":"https:\/\/www.uutispeili.fi\/index.php\/wp-json\/wp\/v2\/comments?post=5263"}],"version-history":[{"count":1,"href":"https:\/\/www.uutispeili.fi\/index.php\/wp-json\/wp\/v2\/posts\/5263\/revisions"}],"predecessor-version":[{"id":5265,"href":"https:\/\/www.uutispeili.fi\/index.php\/wp-json\/wp\/v2\/posts\/5263\/revisions\/5265"}],"wp:featuredmedia":[{"embeddable":true,"href":"https:\/\/www.uutispeili.fi\/index.php\/wp-json\/wp\/v2\/media\/5264"}],"wp:attachment":[{"href":"https:\/\/www.uutispeili.fi\/index.php\/wp-json\/wp\/v2\/media?parent=5263"}],"wp:term":[{"taxonomy":"category","embeddable":true,"href":"https:\/\/www.uutispeili.fi\/index.php\/wp-json\/wp\/v2\/categories?post=5263"},{"taxonomy":"post_tag","embeddable":true,"href":"https:\/\/www.uutispeili.fi\/index.php\/wp-json\/wp\/v2\/tags?post=5263"}],"curies":[{"name":"wp","href":"https:\/\/api.w.org\/{rel}","templated":true}]}}