{"id":5230,"date":"2025-02-25T13:48:51","date_gmt":"2025-02-25T13:48:51","guid":{"rendered":"https:\/\/www.uutispeili.fi\/?p=5230"},"modified":"2025-02-25T13:48:51","modified_gmt":"2025-02-25T13:48:51","slug":"suomi-ei-voi-myotailla-yhdysvaltojen-uutta-poliittista-linjaa-sanoo-vasemmistoliiton-minja-koskela","status":"publish","type":"post","link":"https:\/\/www.uutispeili.fi\/index.php\/2025\/02\/25\/suomi-ei-voi-myotailla-yhdysvaltojen-uutta-poliittista-linjaa-sanoo-vasemmistoliiton-minja-koskela\/","title":{"rendered":"Suomi ei voi my\u00f6t\u00e4ill\u00e4 Yhdysvaltojen uutta poliittista linjaa, sanoo Vasemmistoliiton Minja Koskela"},"content":{"rendered":"<p><strong>Eilen maanantaina Yhdysvallat p\u00e4\u00e4tti \u00e4\u00e4nest\u00e4\u00e4 Ven\u00e4j\u00e4n ja sen perinteisten liittolaismaiden kanssa samassa rintamassa YK:n Ukraina-p\u00e4\u00e4t\u00f6slauselmaa vastaan. Vasemmistoliiton puheenjohtaja on j\u00e4rkyttynyt Yhdysvaltojen \u00e4\u00e4nestysp\u00e4\u00e4t\u00f6ksest\u00e4.<\/strong><\/p>\n<p>(Arkistokuva, kuval\u00e4hde: eduskunta.)<\/p>\n<p>\u2013 T\u00e4m\u00e4n \u00e4\u00e4nestyksen pit\u00e4isi olla todellinen her\u00e4tys niille, jotka ovat suhtautuneet Trumpin puheisiin vain \u201dneuvottelutaktiikkana\u201d. <strong>Yhdysvallat<\/strong> \u00e4\u00e4nesti <strong>Ukrainaa<\/strong> vastaan yhdess\u00e4 <strong>Ven\u00e4j\u00e4n<\/strong>, <strong>Pohjois-Korean<\/strong>, <strong>Valko-Ven\u00e4j\u00e4n<\/strong>, <strong>Unkarin<\/strong>, ja <strong>Israelin<\/strong> kanssa. On selv\u00e4\u00e4, ett\u00e4 Yhdysvaltojen ulkopoliittinen linja on tehnyt t\u00e4ysk\u00e4\u00e4nn\u00f6ksen, <strong>Vasemmistoliiton puheenjohtaja Minja Koskela<\/strong> sanoo.<\/p>\n<blockquote><p>\u2013 T\u00e4ss\u00e4 tilanteessa Eurooppa tarvitsee oman yhten\u00e4isen suunnan, varautumista ja strategiaa. Siin\u00e4 Suomen t\u00e4ytyy olla aktiivisesti mukana.<\/p><\/blockquote>\n<h2>Trump\u00a0heikent\u00e4nyt Ukrainan neuvotteluasemaa<\/h2>\n<p>Jo aikaisemmin <strong>Donald Trumpin<\/strong> hallinto on heikent\u00e4nyt Ukrainan neuvotteluasemaa merkitt\u00e4v\u00e4ll\u00e4 tavalla ilmoittamalla, ett\u00e4 Ukraina ei voi saada kaikkia Ven\u00e4j\u00e4n valtaamia alueita takaisin tai p\u00e4\u00e4st\u00e4 <strong>Nato<\/strong>n j\u00e4seneksi, eik\u00e4 Yhdysvallat l\u00e4het\u00e4 joukkojana turvaamaan mahdollista tulitaukoa. Lis\u00e4ksi Trump on syytt\u00e4nyt Ven\u00e4j\u00e4n aloittamasta laittomasta hy\u00f6kk\u00e4yssodasta Ukrainaa ja kutsunut Ukrainan presidentti <strong>Zelenskyi<\/strong>\u00e4 \u201ddiktaattoriksi ilman vaaleja\u201d.<\/p>\n<h3>Suomi tai Eurooppa ei voi my\u00f6t\u00e4ill\u00e4 Yhdysvaltojen Ukrainan vastaista politiikkaa<\/h3>\n<blockquote><p>\u2013Trump ja h\u00e4nen hallintonsa on pett\u00e4nyt Ukrainan ja siirtynyt <strong>Putinin<\/strong> linjoille. T\u00e4m\u00e4 tilanne on vakava, eik\u00e4 Suomi tai Eurooppa voi my\u00f6t\u00e4ill\u00e4 Yhdysvaltojen Ukrainan vastaista politiikkaa, Koskela sanoo.<\/p><\/blockquote>\n<p><em>\u2013 Trump haluaa n\u00e4ytt\u00e4yty\u00e4 vahvana johtajana, mutta millainen johtaja my\u00f6t\u00e4ilee Putinin kaltaista diktaattoria? Heikko johtaja<\/em>, Koskela painottaa. <img loading=\"lazy\" decoding=\"async\" class=\"alignnone size-full wp-image-144\" src=\"https:\/\/www.uutispeili.fi\/wp-content\/uploads\/2023\/11\/di.gold_.gif\" alt=\"\" width=\"11\" height=\"11\" \/><\/p>\n<p>(Uutispeili ei ole muokannut artikkelin sis\u00e4lt\u00f6\u00e4.)<\/p>\n","protected":false},"excerpt":{"rendered":"<p>Eilen maanantaina Yhdysvallat p\u00e4\u00e4tti \u00e4\u00e4nest\u00e4\u00e4 Ven\u00e4j\u00e4n ja sen perinteisten liittolaismaiden kanssa samassa rintamassa YK:n Ukraina-p\u00e4\u00e4t\u00f6slauselmaa vastaan. Vasemmistoliiton puheenjohtaja on j\u00e4rkyttynyt Yhdysvaltojen \u00e4\u00e4nestysp\u00e4\u00e4t\u00f6ksest\u00e4. (Arkistokuva, kuval\u00e4hde: eduskunta.) \u2013 T\u00e4m\u00e4n \u00e4\u00e4nestyksen pit\u00e4isi olla todellinen her\u00e4tys niille, jotka ovat suhtautuneet Trumpin puheisiin vain \u201dneuvottelutaktiikkana\u201d. Yhdysvallat \u00e4\u00e4nesti Ukrainaa vastaan yhdess\u00e4 Ven\u00e4j\u00e4n, Pohjois-Korean, Valko-Ven\u00e4j\u00e4n, Unkarin, ja Israelin kanssa. On selv\u00e4\u00e4, ett\u00e4 [&hellip;]<\/p>\n","protected":false},"author":3,"featured_media":3970,"comment_status":"open","ping_status":"open","sticky":false,"template":"","format":"standard","meta":{"footnotes":""},"categories":[49,71,87,127,94],"tags":[],"_links":{"self":[{"href":"https:\/\/www.uutispeili.fi\/index.php\/wp-json\/wp\/v2\/posts\/5230"}],"collection":[{"href":"https:\/\/www.uutispeili.fi\/index.php\/wp-json\/wp\/v2\/posts"}],"about":[{"href":"https:\/\/www.uutispeili.fi\/index.php\/wp-json\/wp\/v2\/types\/post"}],"author":[{"embeddable":true,"href":"https:\/\/www.uutispeili.fi\/index.php\/wp-json\/wp\/v2\/users\/3"}],"replies":[{"embeddable":true,"href":"https:\/\/www.uutispeili.fi\/index.php\/wp-json\/wp\/v2\/comments?post=5230"}],"version-history":[{"count":1,"href":"https:\/\/www.uutispeili.fi\/index.php\/wp-json\/wp\/v2\/posts\/5230\/revisions"}],"predecessor-version":[{"id":5231,"href":"https:\/\/www.uutispeili.fi\/index.php\/wp-json\/wp\/v2\/posts\/5230\/revisions\/5231"}],"wp:featuredmedia":[{"embeddable":true,"href":"https:\/\/www.uutispeili.fi\/index.php\/wp-json\/wp\/v2\/media\/3970"}],"wp:attachment":[{"href":"https:\/\/www.uutispeili.fi\/index.php\/wp-json\/wp\/v2\/media?parent=5230"}],"wp:term":[{"taxonomy":"category","embeddable":true,"href":"https:\/\/www.uutispeili.fi\/index.php\/wp-json\/wp\/v2\/categories?post=5230"},{"taxonomy":"post_tag","embeddable":true,"href":"https:\/\/www.uutispeili.fi\/index.php\/wp-json\/wp\/v2\/tags?post=5230"}],"curies":[{"name":"wp","href":"https:\/\/api.w.org\/{rel}","templated":true}]}}