{"id":5211,"date":"2025-02-24T14:23:20","date_gmt":"2025-02-24T14:23:20","guid":{"rendered":"https:\/\/www.uutispeili.fi\/?p=5211"},"modified":"2025-02-24T14:23:20","modified_gmt":"2025-02-24T14:23:20","slug":"pia-kauma-etyjin-parlamentaarinen-yleiskokous-tukee-ukrainaa-vankkumatta","status":"publish","type":"post","link":"https:\/\/www.uutispeili.fi\/index.php\/2025\/02\/24\/pia-kauma-etyjin-parlamentaarinen-yleiskokous-tukee-ukrainaa-vankkumatta\/","title":{"rendered":"Pia Kauma: Etyjin parlamentaarinen yleiskokous tukee Ukrainaa vankkumatta"},"content":{"rendered":"<p><strong>Euroopan turvallisuus ja yhteisty\u00f6j\u00e4rjest\u00f6n Etyjin parlamentaarinen yleiskokous ja sen puheenjohtaja, kansanedustaja Pia Kauma (Kokoomus) tuomitsevat Ven\u00e4j\u00e4n hy\u00f6kk\u00e4yksen Ukrainaan ja korostavat hy\u00f6kk\u00e4yksen vuosip\u00e4iv\u00e4n\u00e4 24.2. Ukrainan oikeutta p\u00e4\u00e4tt\u00e4\u00e4 omasta tulevaisuudestaan.<\/strong><\/p>\n<p>(Kuva: Etyj.)<\/p>\n<p>Yleiskokous oli koolla It\u00e4vallan <strong>Wien<\/strong>iss\u00e4 20.\u201321. helmikuuta. Kokouksessa <strong>Ukraina<\/strong> hallitsi keskusteluja. Parlamentaarikot ilmaisivat huolensa siit\u00e4, millaisia mittaamattomia k\u00e4rsimyksi\u00e4 Ven\u00e4j\u00e4n kansainv\u00e4lisen oikeuden vastainen hy\u00f6kk\u00e4ys on ukrainalaisille aiheuttanut.<\/p>\n<blockquote><p>&#8221;<strong>Ven\u00e4j\u00e4n<\/strong> sotarikoksia tai iskuja Ukrainan infrastruktuuriin ja siviilikohteisiin ei voi antaa anteeksi eik\u00e4 unohtaa. Etyjin parlamentaarinen yleiskokous, sen kaikki toimielimet ja Ukrainan tukiryhm\u00e4 tukevat Ukrainaa ja <strong>Etykin Helsingin p\u00e4\u00e4t\u00f6sasiakirja<\/strong>n sek\u00e4 <strong>YK:<\/strong>n periaatteita vankkumatta. Vaadimme Ven\u00e4j\u00e4\u00e4 t\u00e4yteen vastuuseen teoistaan&#8221;, kansanedustaja <strong>Pia Kauma <\/strong>(Kokoomus) toteaa.<\/p><\/blockquote>\n<h2>Ukrainan yli ei voi neuvotella<\/h2>\n<p>Kauma ja yleiskokous pit\u00e4v\u00e4t ehdottoman t\u00e4rke\u00e4n\u00e4, ett\u00e4 Ukrainan kohtalosta ei p\u00e4\u00e4tet\u00e4 ilman ukrainalaisia, ja ettei Ven\u00e4j\u00e4n hy\u00f6kk\u00e4yst\u00e4 palkita.<\/p>\n<blockquote><p>&#8221;Kaikki tulitaukoa tai pysyv\u00e4\u00e4 rauhaa koskevat neuvottelut on k\u00e4yt\u00e4v\u00e4 kansainv\u00e4lisen oikeuden ja Ukrainan etujen mukaisesti. Mik\u00e4\u00e4n p\u00e4\u00e4t\u00f6s Ukrainasta ei voi synty\u00e4 ilman Ukrainan osallistumista&#8221;, Kauma painottaa.<\/p><\/blockquote>\n<p>Yleiskokous vaatii lis\u00e4\u00e4 kansainv\u00e4list\u00e4 tukea Ukrainan kestokyvyn vahvistamiseksi. Parlamentaarikot muistuttavat, ett\u00e4 kyse on my\u00f6s Euroopan turvallisuudesta.<\/p>\n<blockquote><p>&#8221;Ukrainan resilienssin vahvistaminen on avainasemassa maan j\u00e4lleenrakennuksessa ja tulevaisuuden alueellisten turvallisuusuhkien ennaltaehk\u00e4isyss\u00e4. Se on t\u00e4rkein teht\u00e4v\u00e4mme&#8221;, Kauma p\u00e4\u00e4tt\u00e4\u00e4. <img loading=\"lazy\" decoding=\"async\" class=\"alignnone size-full wp-image-144\" src=\"https:\/\/www.uutispeili.fi\/wp-content\/uploads\/2023\/11\/di.gold_.gif\" alt=\"\" width=\"11\" height=\"11\" \/><\/p><\/blockquote>\n<p>(Uutispeili ei ole\u00a0 muokannut artikkelin sis\u00e4lt\u00f6\u00e4.)<\/p>\n","protected":false},"excerpt":{"rendered":"<p>Euroopan turvallisuus ja yhteisty\u00f6j\u00e4rjest\u00f6n Etyjin parlamentaarinen yleiskokous ja sen puheenjohtaja, kansanedustaja Pia Kauma (Kokoomus) tuomitsevat Ven\u00e4j\u00e4n hy\u00f6kk\u00e4yksen Ukrainaan ja korostavat hy\u00f6kk\u00e4yksen vuosip\u00e4iv\u00e4n\u00e4 24.2. Ukrainan oikeutta p\u00e4\u00e4tt\u00e4\u00e4 omasta tulevaisuudestaan. (Kuva: Etyj.) Yleiskokous oli koolla It\u00e4vallan Wieniss\u00e4 20.\u201321. helmikuuta. Kokouksessa Ukraina hallitsi keskusteluja. Parlamentaarikot ilmaisivat huolensa siit\u00e4, millaisia mittaamattomia k\u00e4rsimyksi\u00e4 Ven\u00e4j\u00e4n kansainv\u00e4lisen oikeuden vastainen hy\u00f6kk\u00e4ys on ukrainalaisille [&hellip;]<\/p>\n","protected":false},"author":3,"featured_media":4794,"comment_status":"open","ping_status":"open","sticky":false,"template":"","format":"standard","meta":{"footnotes":""},"categories":[140,71,87,74],"tags":[],"_links":{"self":[{"href":"https:\/\/www.uutispeili.fi\/index.php\/wp-json\/wp\/v2\/posts\/5211"}],"collection":[{"href":"https:\/\/www.uutispeili.fi\/index.php\/wp-json\/wp\/v2\/posts"}],"about":[{"href":"https:\/\/www.uutispeili.fi\/index.php\/wp-json\/wp\/v2\/types\/post"}],"author":[{"embeddable":true,"href":"https:\/\/www.uutispeili.fi\/index.php\/wp-json\/wp\/v2\/users\/3"}],"replies":[{"embeddable":true,"href":"https:\/\/www.uutispeili.fi\/index.php\/wp-json\/wp\/v2\/comments?post=5211"}],"version-history":[{"count":1,"href":"https:\/\/www.uutispeili.fi\/index.php\/wp-json\/wp\/v2\/posts\/5211\/revisions"}],"predecessor-version":[{"id":5212,"href":"https:\/\/www.uutispeili.fi\/index.php\/wp-json\/wp\/v2\/posts\/5211\/revisions\/5212"}],"wp:featuredmedia":[{"embeddable":true,"href":"https:\/\/www.uutispeili.fi\/index.php\/wp-json\/wp\/v2\/media\/4794"}],"wp:attachment":[{"href":"https:\/\/www.uutispeili.fi\/index.php\/wp-json\/wp\/v2\/media?parent=5211"}],"wp:term":[{"taxonomy":"category","embeddable":true,"href":"https:\/\/www.uutispeili.fi\/index.php\/wp-json\/wp\/v2\/categories?post=5211"},{"taxonomy":"post_tag","embeddable":true,"href":"https:\/\/www.uutispeili.fi\/index.php\/wp-json\/wp\/v2\/tags?post=5211"}],"curies":[{"name":"wp","href":"https:\/\/api.w.org\/{rel}","templated":true}]}}