{"id":5207,"date":"2025-02-24T14:01:46","date_gmt":"2025-02-24T14:01:46","guid":{"rendered":"https:\/\/www.uutispeili.fi\/?p=5207"},"modified":"2025-02-24T14:01:46","modified_gmt":"2025-02-24T14:01:46","slug":"hyhma-saksan-paalta-hellittaa-oikeistopuolueet-vaalivoittoihin-saksassa-vihreat-lentaa-hallituksesta","status":"publish","type":"post","link":"https:\/\/www.uutispeili.fi\/index.php\/2025\/02\/24\/hyhma-saksan-paalta-hellittaa-oikeistopuolueet-vaalivoittoihin-saksassa-vihreat-lentaa-hallituksesta\/","title":{"rendered":"Hyhm\u00e4 Saksan p\u00e4\u00e4lt\u00e4 hellitt\u00e4\u00e4: Oikeistopuolueet vaalivoittoihin Saksassa, -Vihre\u00e4t lent\u00e4\u00e4 hallituksesta"},"content":{"rendered":"\n<p><\/p>\n\n\n<p><strong>Vihreiden hyppiminen saksalaisten niskan p\u00e4\u00e4ll\u00e4 loppuu. Eilen k\u00e4ydyiss\u00e4 liittop\u00e4iv\u00e4vaaleissa <em>Die Gr\u00fcne<\/em> menetti viidenneksen kannatuksestaan, ja enemm\u00e4n kuin nelj\u00e4nneksen kansanedustajistaan.<\/strong><\/p>\n<p>\u00c4\u00e4ni\u00e4 <strong>Vihreille<\/strong> tuli 11,6 %:a, ja sill\u00e4 ei &#8221;<em>Herran huonetta rakenneta<\/em>&#8221;, eik\u00e4 hallitukseen en\u00e4\u00e4 menn\u00e4. Viime vaaleissa Vihre\u00e4t saivat noin 15 %:a \u00e4\u00e4nist\u00e4, ja nyt siis kannatus putosi 10 %:n tuntumaan. Paikkoja Vihreill\u00e4 on nyt 85\/650 -siis muilla puolueilla on 545 edustajaa. \u00c4\u00e4nt\u00e4 voivat tietenkin viel\u00e4kin pit\u00e4\u00e4, mutta en\u00e4\u00e4 eiv\u00e4t pysty vaatimaan natsistisi\u00e4 lakiesityksi\u00e4\u00e4n, esimerkiksi sananvapauden rajoittamiseksi, eiv\u00e4t pysty est\u00e4m\u00e4\u00e4n ydinvoiman paluuta energiapalettiin, eiv\u00e4t kylv\u00e4m\u00e4\u00e4n maata t\u00e4yteen tuulimyllyj\u00e4, eiv\u00e4t pit\u00e4m\u00e4\u00e4n rajoja auki ry\u00f6st\u00e4jille, terroristeille ja joukkoraiskaajille, ja joutuvat -itkien- luovuttamaan suuren joukon valheella ja viekkaudella Saksaan pesiytyneit\u00e4 roistoja takaisin kotimaihinsa.<\/p>\n<p>On selv\u00e4\u00e4, ett\u00e4 my\u00f6s Saksan talous on nyt vapaa ylti\u00f6vihreist\u00e4 rajoitteista, jotka ovat olleet taannuttamassa kansakunnan hyvinvointia 1800-luvulle. En\u00e4\u00e4 Saksan Vihre\u00e4t, -eiv\u00e4tk\u00e4 muuten juuri muidenkaan maiden- kekkuloi <strong>Euroopan Unionin<\/strong> p\u00e4\u00e4tt\u00e4viss\u00e4 elimiss\u00e4 juuri mink\u00e4\u00e4nlaisella voimalla, puhumattakaan p\u00e4\u00e4t\u00f6svallasta. Tie <em>Kalifaattiin<\/em> on Saksan kansan toimesta pantu poikki, ainakin toistaiseksi.<\/p>\n<p>T\u00e4m\u00e4 tarkoittaa sit\u00e4, ett\u00e4 vihreiden vinkuminen esimerkiksi suurvaltasuhteiden Saksan osapuolena, on nyt loppu. Ei se ole t\u00e4h\u00e4nk\u00e4\u00e4n menness\u00e4 ollut ratkaisevaa, mutta on vaikeuttanut ja hidastanut t\u00e4rkeit\u00e4 ja ennen muuta j\u00e4rkevi\u00e4 p\u00e4\u00e4t\u00f6ksi\u00e4.<\/p>\n<h2>SPD eiv\u00e4t koskaan -natsiaikaa lukuun ottamatta- ole ollut Saksassa n\u00e4in pieni<\/h2>\n<p><strong>Sosiaalidemokraatit<\/strong> (SPD) menettiv\u00e4t kannatuksestaan liki main 10 %:a, j\u00e4iv\u00e4t 16.4 %:ttiin, eli menettiv\u00e4t kolmanneksen. Kansanedustajia puolueelle tuli en\u00e4\u00e4 120, miss\u00e4 on pudotusta yli 40 %:a. Tappio on raskas, yksi raskaimpia mit\u00e4 yksik\u00e4\u00e4n sosiaalidemokraattinen puolue on Euroopassa yksiss\u00e4 vaaleissa koskaan kokenut.<\/p>\n<p>Mutta niin vaan nousevat hallitukseen, koska suurimmaksi puolueeksi ja p\u00e4\u00e4ministeripuolueeksi noussut <strong>CDU<\/strong> ei halua miss\u00e4\u00e4n nimess\u00e4 hallitukseensa <strong>AfD<\/strong>-puoluetta, joka on siis joissakin asioissa oikeammalla kun CDU, joissakin -eli tavan saksalaisten asioiden ajamisessa- keskell\u00e4. Kun vaaleissa k\u00e4vi my\u00f6s niin, ett\u00e4 5 %:n vaalikynnyksen vuoksi maahanmuuttokriittinen vasemmistopuolue <strong>BSW<\/strong> ja keskell\u00e4 oleva liberaalipuolue <strong>FDP<\/strong> putosivat liittop\u00e4ivilt\u00e4, niin CDU:n ja SPD:n yhteinen paikkam\u00e4\u00e4r\u00e4 on 228, eli 12 paikkaa yli tarvittavan siis enemmist\u00f6n.<\/p>\n<blockquote>\n<p>Kun n\u00e4in siis on se tarkoittaa sit\u00e4, ett\u00e4 CDU voi pyyhki\u00e4 p\u00f6yt\u00e4\u00e4 Vihreill\u00e4, ja demareitten on l\u00e4hdett\u00e4v\u00e4 mukaan, vaikka intoa ei ole, koska SPD:n kauhuskenaario olisi, ett\u00e4 AfD:st\u00e4 tulisi hallituspuolue.<\/p>\n<\/blockquote>\n<h2>En\u00e4\u00e4 tarvitse kuunnella vihreitten vikin\u00e4\u00e4<\/h2>\n<p>T\u00e4m\u00e4 tiet\u00e4\u00e4 sit\u00e4, ett\u00e4 demareitten on n\u00f6yrrytt\u00e4v\u00e4 varsinkinkin maahanmuutto, energia ja talouskysymyksiss\u00e4, eli siis kaikessa olennaisessa. Mutta toisaalta sosiaalidemokraateille on helpotuksena se, ettei en\u00e4\u00e4 tarvitse kuunnella vihreitten vikin\u00e4\u00e4 milloin mist\u00e4kin tyhj\u00e4np\u00e4iv\u00e4isen ihmisten el\u00e4mist\u00e4 hankaloittavan normin s\u00e4\u00e4t\u00e4misest\u00e4. SPD p\u00e4\u00e4see CDU:n kanssa toteuttamaan sille luonteenomaista &#8221;<em>valtionhoitajapuolueen<\/em>&#8221; roolia. Sen ei en\u00e4\u00e4 tarvitse leikki\u00e4 jotain superradiaalia Vihreiden vahtimana. Voi vain kuvitella, ett\u00e4 etenkin Saksan &#8221;<em>tannerilaisille<\/em>&#8221; demareille puna-musta hallitus on helpotus vihre\u00e4n h\u00e4m\u00e4r\u00e4n j\u00e4lkeen.<\/p>\n<h2>AFD:n valtaannousuun ei riitt\u00e4nyt yli viidenneksen kannatus, -riitt\u00e4isik\u00f6 kolmannes vai pit\u00e4\u00e4k\u00f6 olla puolet<\/h2>\n<p><strong>AfD<\/strong> &#8211;<em>Alternative f\u00fcr Deutschland<\/em> -Vaihtoehto Saksalle- puolue sai yli kaksinkertaisen kannatuksen viime vaaleihin verrattuna, eli 20,8 %:a, ja 152 parlamenttipaikkaa. Kasvua on 69. AfD on siis liittop\u00e4ivill\u00e4 enemm\u00e4n kuin nelj\u00e4nneksen suurempi kuin SPD, ja liki tuplasti Vihreiden kokoinen, mutta hallitukseen se ei p\u00e4\u00e4se, koska se on toisten puolueiden mielest\u00e4 &#8221;<em>osin \u00e4\u00e4rioikeistolainen<\/em>&#8221;.<\/p>\n<p>Toiset puolueet pit\u00e4v\u00e4t sit\u00e4 ns. <em>palomuurin<\/em> takana, mik\u00e4 tarkoittaa sit\u00e4, ett\u00e4 sen kanssa ei tehd\u00e4 yhteisty\u00f6t\u00e4. Jos\/kun CDU:n johtama puoluekaan ei saa aikaan l\u00e4himpien parin vuoden kuluessa muutoksia maahanmuutto-, energia- ja talouspolitiikkaan, niin ei olisi &#8221;mailmanihme&#8221; jos kolmen vuoden kuluttua pidett\u00e4viss\u00e4 osavaltiovaaleissa -varsinkinkin maan it\u00e4isiss\u00e4 osissa- AfD:n kannatus nousisi heille parhaimmillaan liki 40 %;sta yli 50 %.ttiin.<\/p>\n<p>AfD puoluetta on joissakin arvioissa pidetty er\u00e4\u00e4nlaisena esim. Suomen <strong>Perussuomalaisen puolueen<\/strong> tai <strong>Ruotsidemokraattien<\/strong> sisarpuolueena. On totta, ett\u00e4 maahanmuuttoasioissa se pit\u00e4\u00e4 paikkansa, mutta energiapolitiikassa ja suhteessa <strong>Ven\u00e4j\u00e4\u00e4n<\/strong> AfD on vastakkaisella linjalla suhteessa PS:iin ja SD:hin.<\/p>\n<h2>S\u00e4\u00e4li FDP-puoluetta: saksa olisi tarvinnut keskustaa<\/h2>\n<p>Puolue teki taktisen virheen, vaikkakin muodollisesti oikean, kun se ei hyv\u00e4ksynyt &#8221;<em>velkajarrun<\/em>&#8221; l\u00f6ys\u00e4\u00e4mist\u00e4&#8221; istuessaan hallituksessa. Tuo Saksan velkajarru on nimitt\u00e4in sellainen, ett\u00e4 se on perustuslailla s\u00e4\u00e4detty 0,3 %:iin bruttokansantuotteesta, ja jos demarien ja vihreiden vaatimus olisi toteutettu, niin se olisi merkinnyt perustuslain muuttamista t\u00e4lt\u00e4 osin, ja siin\u00e4 j\u00e4mpti talouspuolue FDP ei antanut periksi vaan l\u00e4hti hallituksesta.<\/p>\n<p>Se ei kuitenkaan itse asiaa tule muuttamaan, sill\u00e4 sek\u00e4 CDU ett\u00e4 SPD ovat valmiita nostamaan jalkansa jarrulta, koska ne katsovat ett\u00e4 <strong>Ukrainaa<\/strong> on tuettava, ja kun omia euroja ei ole niin pit\u00e4\u00e4 lainata. Saksan luottokelpoisuus on ainakin viel\u00e4 niin hyv\u00e4, ett\u00e4 se ei ole ongelma, mutta Suomelle voisi ollakin, kuka esimerkiksi meille lainaisi, kun esimerkiksi Vihre\u00e4t esittiv\u00e4t ennen joulua, ett\u00e4 pit\u00e4\u00e4 ottaa lainaa kehitysavun kasvattamiseksi 800 miljoonalla eurolla. On totta, ett\u00e4 edes <strong>Vasemmistoliitto<\/strong> ei tuohon j\u00e4rjenk\u00f6yh\u00e4\u00e4n vaatimukseen yhtynyt, muista puhumattakaan.<\/p>\n<h2>Wokettamisen aika on ohi, -Saksan on otettava enemm\u00e4n vastuuta Euroopasta, Ukrainasta ja yli Atlantin<\/h2>\n<p>Saksalaiset ovat riidelleet <strong>Trump<\/strong>in kanssa jo edellisell\u00e4 kerralla: <em><strong>Merrkele<\/strong><\/em> haukkui Trumpin milloin miksikin, ja Trump l\u00e4hetti jumalattoman suuren lakanan Merkelille, jotta t\u00e4m\u00e4 voi heiluttaa sit\u00e4 ven\u00e4l\u00e4isille antautumisen merkiksi.<\/p>\n<p>Ja niinh\u00e4n siin\u00e4 k\u00e4vi, ett\u00e4 Trump oli oikeassa: Ven\u00e4j\u00e4\u00e4n ei voi luottaa ja kaasuhanat oli katkaistava, ja Ven\u00e4j\u00e4 k\u00e4y sotaa Ukrainassa. My\u00f6s Merkeleen maahanmuuttopolitiikka on tehnyt t\u00e4ydellisen mahalaskun: On aikas hirvitt\u00e4\u00e4\u00e4, ett\u00e4 lukuisat -ennen muuta turvapaikanhakijoiden tekem\u00e4t murhat- ovat saaneet saksalaiset pelk\u00e4\u00e4m\u00e4\u00e4n jokap\u00e4iv\u00e4isess\u00e4 arjessaan henkens\u00e4 puolesta, -ja maassa on p\u00e4ivitt\u00e4in uusia merkint\u00f6j\u00e4 saava: &#8221;<em>Puukotuskalenteri<\/em>&#8221;.<\/p>\n<p>Nyt on toivottavaa meid\u00e4n kaikkien siis -maapallon ihmisten- kannalta, ett\u00e4 Saksa aloittaa uuden kauden osaltaan, ja laittaa v\u00e4lins\u00e4 <strong>Yhdysvaltoihin<\/strong> kuntoon ja asialliselle pohjalle. Turha p\u00e4\u00e4naukominen ei toimita mit\u00e4\u00e4n, on lapsellista ja hy\u00f6dyt\u00f6nt\u00e4.<\/p>\n<p>Toivotaan syd\u00e4mest\u00e4mme, ett\u00e4 Saksa p\u00e4\u00e4see kaikin puolin takaisin jaloilleen. Se on my\u00f6s Suomen ja suomalaisten etu.<\/p>\n<p>Seppo Huhta<\/p>","protected":false},"excerpt":{"rendered":"<p>Vihreiden hyppiminen saksalaisten niskan p\u00e4\u00e4ll\u00e4 loppuu. Eilen k\u00e4ydyiss\u00e4 liittop\u00e4iv\u00e4vaaleissa Die Gr\u00fcne menetti viidenneksen kannatuksestaan, ja enemm\u00e4n kuin nelj\u00e4nneksen kansanedustajistaan. \u00c4\u00e4ni\u00e4 Vihreille tuli 11,6 %:a, ja sill\u00e4 ei &#8221;Herran huonetta rakenneta&#8221;, eik\u00e4 hallitukseen en\u00e4\u00e4 menn\u00e4. Viime vaaleissa Vihre\u00e4t saivat noin 15 %:a \u00e4\u00e4nist\u00e4, ja nyt siis kannatus putosi 10 %:n tuntumaan. Paikkoja Vihreill\u00e4 on nyt 85\/650 [&hellip;]<\/p>\n","protected":false},"author":5,"featured_media":5164,"comment_status":"open","ping_status":"open","sticky":false,"template":"","format":"standard","meta":{"footnotes":""},"categories":[14],"tags":[],"_links":{"self":[{"href":"https:\/\/www.uutispeili.fi\/index.php\/wp-json\/wp\/v2\/posts\/5207"}],"collection":[{"href":"https:\/\/www.uutispeili.fi\/index.php\/wp-json\/wp\/v2\/posts"}],"about":[{"href":"https:\/\/www.uutispeili.fi\/index.php\/wp-json\/wp\/v2\/types\/post"}],"author":[{"embeddable":true,"href":"https:\/\/www.uutispeili.fi\/index.php\/wp-json\/wp\/v2\/users\/5"}],"replies":[{"embeddable":true,"href":"https:\/\/www.uutispeili.fi\/index.php\/wp-json\/wp\/v2\/comments?post=5207"}],"version-history":[{"count":1,"href":"https:\/\/www.uutispeili.fi\/index.php\/wp-json\/wp\/v2\/posts\/5207\/revisions"}],"predecessor-version":[{"id":5208,"href":"https:\/\/www.uutispeili.fi\/index.php\/wp-json\/wp\/v2\/posts\/5207\/revisions\/5208"}],"wp:featuredmedia":[{"embeddable":true,"href":"https:\/\/www.uutispeili.fi\/index.php\/wp-json\/wp\/v2\/media\/5164"}],"wp:attachment":[{"href":"https:\/\/www.uutispeili.fi\/index.php\/wp-json\/wp\/v2\/media?parent=5207"}],"wp:term":[{"taxonomy":"category","embeddable":true,"href":"https:\/\/www.uutispeili.fi\/index.php\/wp-json\/wp\/v2\/categories?post=5207"},{"taxonomy":"post_tag","embeddable":true,"href":"https:\/\/www.uutispeili.fi\/index.php\/wp-json\/wp\/v2\/tags?post=5207"}],"curies":[{"name":"wp","href":"https:\/\/api.w.org\/{rel}","templated":true}]}}