{"id":5171,"date":"2025-02-21T21:30:27","date_gmt":"2025-02-21T21:30:27","guid":{"rendered":"https:\/\/www.uutispeili.fi\/?p=5171"},"modified":"2025-02-21T21:30:28","modified_gmt":"2025-02-21T21:30:28","slug":"kolme-miesta-otettu-kiinni-tukholmassa-uhka-israelin-lahetystolle","status":"publish","type":"post","link":"https:\/\/www.uutispeili.fi\/index.php\/2025\/02\/21\/kolme-miesta-otettu-kiinni-tukholmassa-uhka-israelin-lahetystolle\/","title":{"rendered":"Kolme miest\u00e4 otettu kiinni Tukholmassa: Uhka Israelin l\u00e4hetyst\u00f6lle"},"content":{"rendered":"<p><strong>Tukholman poliisi otti perjantaina kiinni kolme miest\u00e4, ep\u00e4iltyn\u00e4 v\u00e4kivaltaisista aikeista, Israelin l\u00e4hetyst\u00f6n luota.<\/strong><\/p>\n<p>(Arkistokuva: Israelin l\u00e4hetyst\u00f6 Tukholmassa, 2024.)<\/p>\n<p>Miesten aikeista ei voida viel\u00e4 sanoa mit\u00e4\u00e4n varmaa, -oliko l\u00e4hetyst\u00f6 kohteena. <strong>Ruotsin TV4<\/strong> k\u00e4ytti sanontaa &#8221;<em>ep\u00e4ill\u00e4\u00e4n hy\u00f6kk\u00e4\u00e4misen suunnittelusta suurl\u00e4hetyst\u00f6\u00e4 vastaan<\/em>&#8221;. Miehet pid\u00e4tettiin l\u00e4hetyst\u00f6n l\u00e4hell\u00e4.\u00a0<img loading=\"lazy\" decoding=\"async\" class=\"alignnone size-full wp-image-144\" src=\"https:\/\/www.uutispeili.fi\/wp-content\/uploads\/2023\/11\/di.gold_.gif\" alt=\"\" width=\"11\" height=\"11\" \/><\/p>\n<p>Luettavaa:<\/p>\n<ul>\n<li><a href=\"https:\/\/www.jpost.com\/breaking-news\/article-843216\" target=\"_blank\" rel=\"noopener\">The Jerusalem Post<\/a> 21.02. 2025,<\/li>\n<li><a href=\"https:\/\/english.alarabiya.net\/News\/world\/2025\/02\/21\/swedish-police-apprehend-three-men-near-israeli-embassy-\" target=\"_blank\" rel=\"noopener\">al-Arabiya<\/a> 21.02. 2025,<\/li>\n<li><a href=\"https:\/\/x.com\/visegrad24\/status\/1791410833974518143\" target=\"_blank\" rel=\"noopener\">Visegrad24<\/a>, 17.05. 2024, -x-viesti: Aiempi selkkaus samalla paikalla<\/li>\n<\/ul>\n","protected":false},"excerpt":{"rendered":"<p>Tukholman poliisi otti perjantaina kiinni kolme miest\u00e4, ep\u00e4iltyn\u00e4 v\u00e4kivaltaisista aikeista, Israelin l\u00e4hetyst\u00f6n luota. (Arkistokuva: Israelin l\u00e4hetyst\u00f6 Tukholmassa, 2024.) Miesten aikeista ei voida viel\u00e4 sanoa mit\u00e4\u00e4n varmaa, -oliko l\u00e4hetyst\u00f6 kohteena. Ruotsin TV4 k\u00e4ytti sanontaa &#8221;ep\u00e4ill\u00e4\u00e4n hy\u00f6kk\u00e4\u00e4misen suunnittelusta suurl\u00e4hetyst\u00f6\u00e4 vastaan&#8221;. Miehet pid\u00e4tettiin l\u00e4hetyst\u00f6n l\u00e4hell\u00e4.\u00a0 Luettavaa: The Jerusalem Post 21.02. 2025, al-Arabiya 21.02. 2025, Visegrad24, 17.05. 2024, -x-viesti: [&hellip;]<\/p>\n","protected":false},"author":3,"featured_media":5172,"comment_status":"open","ping_status":"open","sticky":false,"template":"","format":"standard","meta":{"footnotes":""},"categories":[151,153,80],"tags":[],"_links":{"self":[{"href":"https:\/\/www.uutispeili.fi\/index.php\/wp-json\/wp\/v2\/posts\/5171"}],"collection":[{"href":"https:\/\/www.uutispeili.fi\/index.php\/wp-json\/wp\/v2\/posts"}],"about":[{"href":"https:\/\/www.uutispeili.fi\/index.php\/wp-json\/wp\/v2\/types\/post"}],"author":[{"embeddable":true,"href":"https:\/\/www.uutispeili.fi\/index.php\/wp-json\/wp\/v2\/users\/3"}],"replies":[{"embeddable":true,"href":"https:\/\/www.uutispeili.fi\/index.php\/wp-json\/wp\/v2\/comments?post=5171"}],"version-history":[{"count":1,"href":"https:\/\/www.uutispeili.fi\/index.php\/wp-json\/wp\/v2\/posts\/5171\/revisions"}],"predecessor-version":[{"id":5173,"href":"https:\/\/www.uutispeili.fi\/index.php\/wp-json\/wp\/v2\/posts\/5171\/revisions\/5173"}],"wp:featuredmedia":[{"embeddable":true,"href":"https:\/\/www.uutispeili.fi\/index.php\/wp-json\/wp\/v2\/media\/5172"}],"wp:attachment":[{"href":"https:\/\/www.uutispeili.fi\/index.php\/wp-json\/wp\/v2\/media?parent=5171"}],"wp:term":[{"taxonomy":"category","embeddable":true,"href":"https:\/\/www.uutispeili.fi\/index.php\/wp-json\/wp\/v2\/categories?post=5171"},{"taxonomy":"post_tag","embeddable":true,"href":"https:\/\/www.uutispeili.fi\/index.php\/wp-json\/wp\/v2\/tags?post=5171"}],"curies":[{"name":"wp","href":"https:\/\/api.w.org\/{rel}","templated":true}]}}