{"id":5150,"date":"2025-02-21T14:56:20","date_gmt":"2025-02-21T14:56:20","guid":{"rendered":"https:\/\/www.uutispeili.fi\/?p=5150"},"modified":"2025-02-21T14:56:20","modified_gmt":"2025-02-21T14:56:20","slug":"ville-kaunisto-ukrainasta-ensin-rauha-sitten-vaalit","status":"publish","type":"post","link":"https:\/\/www.uutispeili.fi\/index.php\/2025\/02\/21\/ville-kaunisto-ukrainasta-ensin-rauha-sitten-vaalit\/","title":{"rendered":"Ville Kaunisto Ukrainasta: Ensin rauha, sitten vaalit"},"content":{"rendered":"<p><strong>Suomen Etyj-valtuuskunnan puheenjohtaja Ville Kaunisto puhui t\u00e4n\u00e4\u00e4n Wieniss\u00e4 j\u00e4rjestett\u00e4v\u00e4ss\u00e4 Etyjin parlamentaarisen yleiskokouksen talvi-istunnossa Ukrainan suvereniteetin ja vahvemman Etyjin puolesta.<\/strong><\/p>\n<p><strong>Ville Kauniston<\/strong> (Kokoomus) mukaan luottamusta monenkeskiseen yhteisty\u00f6h\u00f6n ja <strong>Etyj<\/strong>in kaltaisiin j\u00e4rjest\u00f6ihin koetellaan t\u00e4ll\u00e4 hetkell\u00e4. Monenkeskisen yhteisy\u00f6n puuttuessa harvojen valta kasvaa. Se on uhka tulevaisuudellemme ja turvallisuudellemme.<\/p>\n<blockquote><p>&#8221;Onko mahdollista, ett\u00e4 t\u00e4m\u00e4 on viimeinen kerta, kun kokoonnumme t\u00e4nne yhdess\u00e4? Onko Helsingist\u00e4 50 vuotta sitten alkanut tie p\u00e4\u00e4ttym\u00e4ss\u00e4 Suomen puheenjohtajuuskaudella? Toivon todella, ettei ole&#8221; Kaunisto painotti.<\/p><\/blockquote>\n<h2>&#8217;<em>Jos Etyj ei toimi, joku muu toimii<\/em>&#8217;<\/h2>\n<p>Kaunisto per\u00e4\u00e4nkuulutti toimia Etyjin vahvemman tulevaisuuden eteen ja totesi, ett\u00e4 jos Etyj ei itse toimi, joku muu toimii. H\u00e4n painotti <strong>Ukrainan<\/strong> puolustamisen olevan yhteinen asia, ja totesi kokemuksen osoittaneen, ett\u00e4 my\u00f6nnytykset johtavat vain suurempaan k\u00e4rsimykseen. Puheensa lopuksi Kaunisto kuvasi, miten Etyj kest\u00e4\u00e4 seuraavat 50 vuotta:<\/p>\n<blockquote><p>&#8221;Vuosien p\u00e4\u00e4st\u00e4 sanottakoon, ett\u00e4 me seisoimme periksiantamattomina tyrannian edess\u00e4. Ja kirjoitettakoon historiaan, ett\u00e4 kun vapaus kutsui, me vastasimme.&#8221;<\/p><\/blockquote>\n<h2>Ukrainan aika on k\u00e4ym\u00e4ss\u00e4 v\u00e4hiin<\/h2>\n<p>Kaunisto tapasi kokouksen yhteydess\u00e4 my\u00f6s Ukrainan valtuuskunnan yhdess\u00e4 <strong>NB8<\/strong>-maiden eli muiden <strong>Pohjoismaiden<\/strong> sek\u00e4 <strong>Baltian maiden<\/strong> valtuuskuntien puheenjohtajien kanssa. Tapaamisessa Ukraina kiitti NB8-maita vankkumattomasta tuesta Ukrainalle ja korosti niiden merkityst\u00e4 tilanteessa, jossa Euroopan on otettava yh\u00e4 enemm\u00e4n vastuuta omasta turvallisuudestaan.<\/p>\n<p>&#8221;<em>Ukrainan aika on k\u00e4ym\u00e4ss\u00e4 v\u00e4hiin. Taistelutahto on vahva, mutta taistelijat ovat v\u00e4syneit\u00e4 eiv\u00e4tk\u00e4 puolustustarvikkeet t\u00e4ll\u00e4 hetkell\u00e4 riit\u00e4 tehokkaaseen puolustukseen. Euroopan on vahvistettava omaa puolustustaan ja tuettava Ukrainaa Euroopan vapauden puolustamisessa<\/em>&#8221;, Kaunisto huomautti.<\/p>\n<blockquote><p>&#8221;Ukrainan vahva viesti meille oli se, ett\u00e4 vain pysym\u00e4ll\u00e4 yhten\u00e4isin\u00e4 voimme vahvistaa Etyji\u00e4 ja sen t\u00e4rke\u00e4\u00e4 roolia Euroopan turvallisuusarkkitehtuurissa&#8221;, Kaunisto totesi tapaamisen j\u00e4lkeen.<\/p><\/blockquote>\n<p>Tapaamisessa k\u00e4siteltiin my\u00f6s <strong>Trump<\/strong>in viimeaikaisia kommentteja Ukrainan vaaleista. Ukrainan perustuslaki ei mahdollista vaalien j\u00e4rjest\u00e4mist\u00e4 sotatilan aikana. Vaalien j\u00e4rjest\u00e4minen sodassa, jonka seurauksena miljoonat ukrainalaiset el\u00e4v\u00e4t pakolaisina ulkomailla, ei ole mahdollista tai edes demokraattista, sill\u00e4 se rajoittaa ukrainalaisten oikeutta \u00e4\u00e4nest\u00e4\u00e4 ja asettua ehdolle.<\/p>\n<p>Kaunisto muistutti, ett\u00e4 Ukraina on parlamentaarinen demokratia, joka noudattaa omia lakejaan.<\/p>\n<blockquote><p>&#8221;Ei Britanniassakaan j\u00e4rjestetty vaaleja toisen maailmansodan aikana. T\u00e4rkeysj\u00e4rjestys Ukrainassa on t\u00e4m\u00e4: ensin rauha, sitten vaalit.&#8221; <img loading=\"lazy\" decoding=\"async\" class=\"alignnone size-full wp-image-144\" src=\"https:\/\/www.uutispeili.fi\/wp-content\/uploads\/2023\/11\/di.gold_.gif\" alt=\"\" width=\"11\" height=\"11\" \/><\/p><\/blockquote>\n<p>(Uutispeili ei ole muokannut artikkelin sis\u00e4lt\u00f6\u00e4.)<\/p>\n<p class=\"v1MsoNormal\">Lue lis\u00e4\u00e4 Wieniss\u00e4 20.\u201321.2. j\u00e4rjestett\u00e4v\u00e4st\u00e4 Etyjin parlamentaarisen yleiskokouksen talvi-istunnosta:<\/p>\n<ul type=\"disc\">\n<li class=\"v1MsoNormal\"><a href=\"https:\/\/www.eduskunta.fi\/FI\/tiedotteet\/Sivut\/Suomi-nakyvasti-esilla-Etyjin-parlamentaarisessa-kokouksessa-Wienissa_19022025.aspx\" target=\"_blank\" rel=\"noopener noreferrer\">Suomi n\u00e4kyv\u00e4sti esill\u00e4 Etyjin parlamentaarisessa kokouksessa Wieniss\u00e4<\/a><\/li>\n<li class=\"v1MsoNormal\"><a href=\"https:\/\/www.eduskunta.fi\/FI\/tiedotteet\/Sivut\/Junnila-ja-Skinnari-peraankuuluttivat-Wienin-Etyj-kokouksessa-yhteistyota.aspx\" target=\"_blank\" rel=\"noopener noreferrer\">Junnila ja Skinnari per\u00e4\u00e4nkuuluttivat Wienin Etyj-kokouksessa yhteisty\u00f6t\u00e4<\/a><\/li>\n<\/ul>\n","protected":false},"excerpt":{"rendered":"<p>Suomen Etyj-valtuuskunnan puheenjohtaja Ville Kaunisto puhui t\u00e4n\u00e4\u00e4n Wieniss\u00e4 j\u00e4rjestett\u00e4v\u00e4ss\u00e4 Etyjin parlamentaarisen yleiskokouksen talvi-istunnossa Ukrainan suvereniteetin ja vahvemman Etyjin puolesta. Ville Kauniston (Kokoomus) mukaan luottamusta monenkeskiseen yhteisty\u00f6h\u00f6n ja Etyjin kaltaisiin j\u00e4rjest\u00f6ihin koetellaan t\u00e4ll\u00e4 hetkell\u00e4. Monenkeskisen yhteisy\u00f6n puuttuessa harvojen valta kasvaa. Se on uhka tulevaisuudellemme ja turvallisuudellemme. &#8221;Onko mahdollista, ett\u00e4 t\u00e4m\u00e4 on viimeinen kerta, kun kokoonnumme t\u00e4nne [&hellip;]<\/p>\n","protected":false},"author":3,"featured_media":5133,"comment_status":"open","ping_status":"open","sticky":false,"template":"","format":"standard","meta":{"footnotes":""},"categories":[140,71,116,87,74],"tags":[],"_links":{"self":[{"href":"https:\/\/www.uutispeili.fi\/index.php\/wp-json\/wp\/v2\/posts\/5150"}],"collection":[{"href":"https:\/\/www.uutispeili.fi\/index.php\/wp-json\/wp\/v2\/posts"}],"about":[{"href":"https:\/\/www.uutispeili.fi\/index.php\/wp-json\/wp\/v2\/types\/post"}],"author":[{"embeddable":true,"href":"https:\/\/www.uutispeili.fi\/index.php\/wp-json\/wp\/v2\/users\/3"}],"replies":[{"embeddable":true,"href":"https:\/\/www.uutispeili.fi\/index.php\/wp-json\/wp\/v2\/comments?post=5150"}],"version-history":[{"count":1,"href":"https:\/\/www.uutispeili.fi\/index.php\/wp-json\/wp\/v2\/posts\/5150\/revisions"}],"predecessor-version":[{"id":5151,"href":"https:\/\/www.uutispeili.fi\/index.php\/wp-json\/wp\/v2\/posts\/5150\/revisions\/5151"}],"wp:featuredmedia":[{"embeddable":true,"href":"https:\/\/www.uutispeili.fi\/index.php\/wp-json\/wp\/v2\/media\/5133"}],"wp:attachment":[{"href":"https:\/\/www.uutispeili.fi\/index.php\/wp-json\/wp\/v2\/media?parent=5150"}],"wp:term":[{"taxonomy":"category","embeddable":true,"href":"https:\/\/www.uutispeili.fi\/index.php\/wp-json\/wp\/v2\/categories?post=5150"},{"taxonomy":"post_tag","embeddable":true,"href":"https:\/\/www.uutispeili.fi\/index.php\/wp-json\/wp\/v2\/tags?post=5150"}],"curies":[{"name":"wp","href":"https:\/\/api.w.org\/{rel}","templated":true}]}}