{"id":5048,"date":"2025-02-14T13:31:26","date_gmt":"2025-02-14T13:31:26","guid":{"rendered":"https:\/\/www.uutispeili.fi\/?p=5048"},"modified":"2025-02-14T13:31:27","modified_gmt":"2025-02-14T13:31:27","slug":"hulluja-nuo-saksalaiset","status":"publish","type":"post","link":"https:\/\/www.uutispeili.fi\/index.php\/2025\/02\/14\/hulluja-nuo-saksalaiset\/","title":{"rendered":"Hulluja nuo saksalaiset"},"content":{"rendered":"<p><strong>Ei ole kuin pari p\u00e4iv\u00e4\u00e4, kun turvapaikkahylyn saanut afgaanimies -24 v- ajoi ammattiliito <em>Verdin<\/em> kulkueeseen ja iskun seurauksena loukkaantui vakavasti ja lievemmin 30 ihmist\u00e4, joukossa my\u00f6s lapsia<\/strong>.<\/p>\n<p>(Kuvassa vahingoittunut auto M\u00fcncheniss\u00e4, Verdin mielenosoituksesta, j\u00e4lkeen terrori-iskun. Kuva-aineiston l\u00e4hde: X. Auton tarrat: &#8217;OMAS GEGEN RECHTS, CSU, G\u00fcnen (vihre\u00e4t), SDP, jne. )<\/p>\n<p>Nyt on sitten turha selitt\u00e4\u00e4, ett\u00e4 kysymyksess\u00e4 oli &#8221;<em>hiljainen, yst\u00e4v\u00e4llinen mutta mahdollisesti mielenterveysongemista k\u00e4rsinyt nuorukainen<\/em>&#8221;. No, ei ollut; Tyypin netti oli t\u00e4ynn\u00e4 vihaa pursuvaa islamistipropakandaa.<\/p>\n<h2>Viikon kuluttua j\u00e4rjestett\u00e4v\u00e4t liittop\u00e4iv\u00e4vaalit ovat sekoittaneet germaanien kallot<\/h2>\n<p>Niin, eik\u00f6h\u00e4n vaan tuolla <strong>M\u00fcnhcen<\/strong>in naapurikaupungissa <strong>Pensberg<\/strong>iss\u00e4 j\u00e4rjestet\u00e4 avoimien rajojen puolesta ja tietysti <strong>AfD<\/strong>-puoluetta vastustava mielenosoitus huomenna lauantaina ,jossa hyvinkin voi olla niit\u00e4 ihmisi\u00e4 mukana, jotka olivat hengenvaarassa <strong>Verdi<\/strong>n mielenosoitusmarssilla.<\/p>\n<p>Asiaan kuuluu, ja hyv\u00e4 niin, ett\u00e4 poliiseja ja betonipossuja tulee turvaamaan t\u00e4t\u00e4kin mielenosoitusta, -eiv\u00e4t siis onnistuneet Verdin kanssa- silt\u00e4 varalta, ett\u00e4 joku puukottaja tai &#8221;autoilija\/pommimies&#8221; yritt\u00e4\u00e4 tappaa ja vahingoittaa heit\u00e4 jotka puolustavat n\u00e4it\u00e4 terroristeja.<\/p>\n<p>Eik\u00e4 t\u00e4ss\u00e4 tietenk\u00e4\u00e4n viel\u00e4 kaikki, vaan huomisesta alkaen vaaleihin saakka <em>vihervasemmisto<\/em> ja <em>Antifa<\/em> yms. j\u00e4rjest\u00e4v\u00e4t ymp\u00e4ri Saksaa 155 mielenosoitusta, joissa vaaditaan avoimia rajoja, AfD:n ja osassa mielenilmaisuista my\u00f6s <strong>CDU<\/strong>:n lakkauttamista. -Ehk\u00e4p\u00e4 vaaditaan jopa <strong>FDP<\/strong>:n, eli kaikkien ei-sosialististen puolueiden, kielt\u00e4mist\u00e4. Ei varmaan olisi en\u00e4\u00e4 maailman ihme, vaikka em. piirit vaatisivat my\u00f6s uuden vasemmistopuolueen <strong>SWP<\/strong>:n kieltoa, koska my\u00f6s se suhtautuu kriittisesti holtittomaan maahanmuuttoon.<\/p>\n<p>Yll\u00e4 mainitut vaatimukset asettuvat surulliseen\/naurettavaa valoon, kun ne suhteutetaan viimeisen puolen vuoden aikana tehtyihin puukkoiskuihin, joita tapahtuu ymp\u00e4ri Saksaa p\u00e4ivitt\u00e4in (Saksassa on muuten jatkuvasti p\u00e4ivittyv\u00e4 &#8221;puukkoiskup\u00e4ivyri&#8221; eri puolilta maata), tai ihmisjoukkoihin ajamiseen terroristisessa tarkoituksessa, sek\u00e4 mielipidemittauksiin joissa <strong>Linke<\/strong>n, <strong>SPD<\/strong>:n ja <strong>Vihreiden<\/strong> yhteinen kannatus on alle kolmanneksen, eli tuoreimmassa 32 %:a.<\/p>\n<blockquote><p>Totta on my\u00f6s, ett\u00e4 joku gallup lupasi viime viikolla perinteiselle vihervasemmistolle <strong>36 %<\/strong>:a.\u00a0 siis kolmannes saksalaisista on kielt\u00e4m\u00e4ss\u00e4 kahden kolmanneksen poliittiset &#8211; ja jos valtaan p\u00e4\u00e4sisiv\u00e4t- niin aivan varmasti my\u00f6s ihmisoikeudet.<\/p><\/blockquote>\n<p>Kansa on vaaleissa aina arvaamaton, niin meill\u00e4 kuin muuallakin: Saksassa voi hyvinkin k\u00e4yd\u00e4 niin, ett\u00e4 esimerkiksi meid\u00e4n <strong>Vasemmistoliittoa<\/strong> vastaava Linke ei p\u00e4\u00e4se ollenkaan liittop\u00e4iville, ja Vihreet putoaa alle 10 %:n, tai sitten ei, mutta kaikkien galluppien mukaan, joita on tehty viimeisen vuoden aikana, demarit ei nouse 16 prosenttia isommaksi. Kun toisella puolella CDU on saamassa noin 30 %:a ,AfD ainakin 20 %:a ja FDP 5 %:a, siis selv\u00e4n ei-sosialistisen enemmist\u00f6n n\u00e4emme liittop\u00e4ivill\u00e4 vaalein j\u00e4lkeen.<\/p>\n<h2>Saksan puolueet kuristamassa itsens\u00e4 ja maan hengilt\u00e4<\/h2>\n<p>Normaalij\u00e4rjell\u00e4 kun tilannetta katsoo, niin ilman muuta olisi kansan tahdon mukaista koota ei-sosialistien hallitus, mutta koska kaikki muut puolueet ovat ilmoittaneet, ett\u00e4 ne eiv\u00e4t yhteisty\u00f6t\u00e4 AfD:n kanssa tee, niin Saksa on saamassa hallituksen, jossa ovat CDU, SPD, Vihre\u00e4t, ehk\u00e4 FDP ja\/tai jopa SWP, mutta ei miss\u00e4\u00e4n nimess\u00e4 AfD.<\/p>\n<p>Tuo koalitio tulee jatkamaan enemm\u00e4n tai v\u00e4hemm\u00e4n &#8221;<em>Merkeleen<\/em>&#8221; avointen rajojen kutsupolitiikka, ja yh\u00e4 useammat saksalaiset -niin my\u00f6s naiset ja lapset- tulevat kuolemaan l\u00e4hivuosien aikana puukkoon ja auton tai pommin runtelemana. Ainoana voittajana seisoo vuosikymmenen lopulla <em>Antifa,<\/em> eli se joka haluaa anarkiaa ja sen se saa.<\/p>\n<p>My\u00f6s Saksan talous tuolla menolla romahtaa ja ehk\u00e4 k\u00e4y niin, ett\u00e4 <strong>Donald Trump<\/strong>in vuonna 2018 <strong>Angela<\/strong> <em>Merkel<\/em>ille l\u00e4hett\u00e4m\u00e4 <em>valkoinen antautumislakana<\/em> ven\u00e4l\u00e4isten edess\u00e4, -sille tulee k\u00e4ytt\u00f6\u00e4.<\/p>\n<p>Mitenk\u00e4h\u00e4n t\u00e4ll\u00e4 kertaa k\u00e4y <strong>Berliiniss\u00e4<\/strong>. Viimeksi, kun ven\u00e4l\u00e4iset sinne rynniv\u00e4t 1945, niin <strong>Stalin<\/strong> antoi k\u00e4skyn raiskata kolmen vuorokauden aikana niin monta tytt\u00f6\u00e4 ja naista kuin vain tavaritsit ehtiv\u00e4t, &#8211; ja niink\u00f6h\u00e4n j\u00e4i kolmeen p\u00e4iv\u00e4\u00e4n.<\/p>\n<p>T\u00e4ytyy sanoa, ett\u00e4 hirvitt\u00e4\u00e4 tavallisten saksalaisten puolesta ja ennen muuta lasten kannalta.<\/p>\n<p>Seppo Huhta<\/p>\n","protected":false},"excerpt":{"rendered":"<p>Ei ole kuin pari p\u00e4iv\u00e4\u00e4, kun turvapaikkahylyn saanut afgaanimies -24 v- ajoi ammattiliito Verdin kulkueeseen ja iskun seurauksena loukkaantui vakavasti ja lievemmin 30 ihmist\u00e4, joukossa my\u00f6s lapsia. (Kuvassa vahingoittunut auto M\u00fcncheniss\u00e4, Verdin mielenosoituksesta, j\u00e4lkeen terrori-iskun. Kuva-aineiston l\u00e4hde: X. Auton tarrat: &#8217;OMAS GEGEN RECHTS, CSU, G\u00fcnen (vihre\u00e4t), SDP, jne. ) Nyt on sitten turha selitt\u00e4\u00e4, ett\u00e4 [&hellip;]<\/p>\n","protected":false},"author":5,"featured_media":5050,"comment_status":"open","ping_status":"open","sticky":false,"template":"","format":"standard","meta":{"footnotes":""},"categories":[134,34],"tags":[],"_links":{"self":[{"href":"https:\/\/www.uutispeili.fi\/index.php\/wp-json\/wp\/v2\/posts\/5048"}],"collection":[{"href":"https:\/\/www.uutispeili.fi\/index.php\/wp-json\/wp\/v2\/posts"}],"about":[{"href":"https:\/\/www.uutispeili.fi\/index.php\/wp-json\/wp\/v2\/types\/post"}],"author":[{"embeddable":true,"href":"https:\/\/www.uutispeili.fi\/index.php\/wp-json\/wp\/v2\/users\/5"}],"replies":[{"embeddable":true,"href":"https:\/\/www.uutispeili.fi\/index.php\/wp-json\/wp\/v2\/comments?post=5048"}],"version-history":[{"count":1,"href":"https:\/\/www.uutispeili.fi\/index.php\/wp-json\/wp\/v2\/posts\/5048\/revisions"}],"predecessor-version":[{"id":5051,"href":"https:\/\/www.uutispeili.fi\/index.php\/wp-json\/wp\/v2\/posts\/5048\/revisions\/5051"}],"wp:featuredmedia":[{"embeddable":true,"href":"https:\/\/www.uutispeili.fi\/index.php\/wp-json\/wp\/v2\/media\/5050"}],"wp:attachment":[{"href":"https:\/\/www.uutispeili.fi\/index.php\/wp-json\/wp\/v2\/media?parent=5048"}],"wp:term":[{"taxonomy":"category","embeddable":true,"href":"https:\/\/www.uutispeili.fi\/index.php\/wp-json\/wp\/v2\/categories?post=5048"},{"taxonomy":"post_tag","embeddable":true,"href":"https:\/\/www.uutispeili.fi\/index.php\/wp-json\/wp\/v2\/tags?post=5048"}],"curies":[{"name":"wp","href":"https:\/\/api.w.org\/{rel}","templated":true}]}}