{"id":4935,"date":"2025-02-07T16:30:15","date_gmt":"2025-02-07T16:30:15","guid":{"rendered":"https:\/\/www.uutispeili.fi\/?p=4935"},"modified":"2025-02-07T16:30:15","modified_gmt":"2025-02-07T16:30:15","slug":"etyj-tukeutuu-turkkiin-alueellisen-turvallisuuden-vahvistamisessa","status":"publish","type":"post","link":"https:\/\/www.uutispeili.fi\/index.php\/2025\/02\/07\/etyj-tukeutuu-turkkiin-alueellisen-turvallisuuden-vahvistamisessa\/","title":{"rendered":"ETYJ tukeutuu Turkkiin &#8217;alueellisen turvallisuuden vahvistamisessa&#8217;"},"content":{"rendered":"<p><strong>Etyjin parlamentaarisen yleiskokouksen (Etyj PA) puheenjohtaja, kansanedustaja Pia Kauma vieraili Turkissa 4.\u20135.2. valmistellakseen vuoden 2025 Istanbulissa pidett\u00e4v\u00e4\u00e4 Etyj PA:n syyskokousta. <\/strong><\/p>\n<p>Vierailunsa aikana kansanedustaja <strong>Pia Kauma<\/strong> (Kokoomus) tapasi <strong>Turkin<\/strong> kansalliskokouksen puhemiehen <strong>Numan Kurtulmu\u015f<\/strong>in, varapresidentti <strong>Cevdet Y\u0131lmaz<\/strong>in, varaulkoministeri <strong>Levent G\u00fcmr\u00fck\u00e7\u00fc<\/strong>n, ulkoasiainvaliokunnan puheenjohtajan <strong>Fuat Oktay<\/strong>n sek\u00e4 <strong>Selami Alt\u0131nok<\/strong>in johtaman Etyj PA:n Turkin valtuuskunnan.<\/p>\n<h2>&#8221;Turkilla on merkitt\u00e4v\u00e4 rooli <em>alueellisen turvallisuuden vahvistamisessa<\/em>&#8221;<\/h2>\n<p>Keskustelujen keski\u00f6ss\u00e4 olivat Turkin rooli Etyjiss\u00e4, sen n\u00e4kemykset <strong>Ukrainan<\/strong>, <strong>Etel\u00e4-Kaukasuksen<\/strong> ja <strong>L\u00e4hi-id\u00e4n<\/strong> tilanteista sek\u00e4 sen <em>humanitaarinen ty\u00f6<\/em> yli kolmen miljoonan syyrialaispakolaisen kanssa. My\u00f6s pakolaisten paluu <strong>Syyriaan<\/strong> ja sodanj\u00e4lkeinen j\u00e4lleenrakennus olivat keskeisi\u00e4 keskustelunaiheita.<\/p>\n<blockquote><p>&#8221;Turkki el\u00e4\u00e4 geopoliittisen myllerryksen keskipisteess\u00e4. Sen vieress\u00e4 k\u00e4yd\u00e4\u00e4n Ven\u00e4j\u00e4n hy\u00f6kk\u00e4yssotaa Ukrainaa vastaan ja naapurissa on niin L\u00e4hi-Id\u00e4n sota kuin <strong>Armenian<\/strong> ja <strong>Azerbaijanin<\/strong> konflikti&#8221;, Kauma totesi. &#8221;Rauhanneuvottelut Armenian ja Azerbaijanin v\u00e4lill\u00e4 ovat k\u00e4ynniss\u00e4, ja rauha maiden v\u00e4lill\u00e4 voidaan saavuttaa jo l\u00e4hitulevaisuudessa. Turkilla on mahdollisuus ottaa suuri rooli alueellisen turvallisuuden varmistamisessa vahvistamalla dialogia konfliktien kaikkien osapuolten v\u00e4lill\u00e4&#8221;, Kauma jatkoi.<\/p><\/blockquote>\n<p>Kauma ilmaisi arvostavansa Turkin aktiivista osallistumista Etyj PA:n toimintaan. Esimerkiksi <em>terrorisminvastaista komiteaa<\/em> johtaa Turkin delegaation j\u00e4sen <strong>Kamil Aydin<\/strong>. Kauma kiitti Turkin johtajuutta terrorisminvastaisessa taistelussa ja korosti tarvetta jatkaa parlamentaarista yhteisty\u00f6t\u00e4 alueellisten turvallisuusuhkien ratkaisemiseksi.<\/p>\n<p>Syysistuntoa valmisteltaessa esiin nousivat istunnon <strong>V\u00e4limeren foorumissa<\/strong> k\u00e4sitelt\u00e4v\u00e4t keskeiset aiheet, kuten <em>muuttoliike<\/em>, alueellinen turvallisuus ja yhteisty\u00f6 Etyjin kumppanimaiden kanssa. Kauma kehotti Turkkia osallistamaan syyskokoukseen my\u00f6s sellaisia V\u00e4limeren maita, jotka eiv\u00e4t ole Etyj PA:n kumppanimaita:<\/p>\n<blockquote><p>&#8221;Vahvana V\u00e4limeren alueen toimijana Turkilla on ainutlaatuinen tilaisuus kutsua mukaan esimerkiksi <strong>Libanonin<\/strong>, <strong>Libyan<\/strong> ja <strong>Palestiinan<\/strong> hallinnon edustajia. N\u00e4iden tahojen mukaan ottaminen vahvistaisi entisest\u00e4\u00e4n yleiskokouksessa k\u00e4yt\u00e4v\u00e4\u00e4 dialogia alueen tilanteesta&#8221;, Kauma totesi. <img loading=\"lazy\" decoding=\"async\" class=\"alignnone size-full wp-image-144\" src=\"https:\/\/www.uutispeili.fi\/wp-content\/uploads\/2023\/11\/di.gold_.gif\" alt=\"\" width=\"11\" height=\"11\" \/><\/p><\/blockquote>\n<p>(Uutispeili ei ole muokannut artikkelin sis\u00e4lt\u00f6\u00e4.)<\/p>\n<p>Luettavaa toisaalla:<\/p>\n<p><a href=\"https:\/\/x.com\/D_abdulkader\/status\/1884631124527190016\"><img loading=\"lazy\" decoding=\"async\" class=\"aligncenter wp-image-4936 size-full\" src=\"https:\/\/www.uutispeili.fi\/wp-content\/uploads\/2025\/02\/erdo-hamas0000x.png\" alt=\"\" width=\"480\" height=\"515\" srcset=\"https:\/\/www.uutispeili.fi\/wp-content\/uploads\/2025\/02\/erdo-hamas0000x.png 480w, https:\/\/www.uutispeili.fi\/wp-content\/uploads\/2025\/02\/erdo-hamas0000x-280x300.png 280w\" sizes=\"(max-width: 480px) 100vw, 480px\" \/><\/a><\/p>\n","protected":false},"excerpt":{"rendered":"<p>Etyjin parlamentaarisen yleiskokouksen (Etyj PA) puheenjohtaja, kansanedustaja Pia Kauma vieraili Turkissa 4.\u20135.2. valmistellakseen vuoden 2025 Istanbulissa pidett\u00e4v\u00e4\u00e4 Etyj PA:n syyskokousta. Vierailunsa aikana kansanedustaja Pia Kauma (Kokoomus) tapasi Turkin kansalliskokouksen puhemiehen Numan Kurtulmu\u015fin, varapresidentti Cevdet Y\u0131lmazin, varaulkoministeri Levent G\u00fcmr\u00fck\u00e7\u00fcn, ulkoasiainvaliokunnan puheenjohtajan Fuat Oktayn sek\u00e4 Selami Alt\u0131nokin johtaman Etyj PA:n Turkin valtuuskunnan. &#8221;Turkilla on merkitt\u00e4v\u00e4 rooli alueellisen [&hellip;]<\/p>\n","protected":false},"author":3,"featured_media":3994,"comment_status":"open","ping_status":"open","sticky":false,"template":"","format":"standard","meta":{"footnotes":""},"categories":[140,71,123],"tags":[],"_links":{"self":[{"href":"https:\/\/www.uutispeili.fi\/index.php\/wp-json\/wp\/v2\/posts\/4935"}],"collection":[{"href":"https:\/\/www.uutispeili.fi\/index.php\/wp-json\/wp\/v2\/posts"}],"about":[{"href":"https:\/\/www.uutispeili.fi\/index.php\/wp-json\/wp\/v2\/types\/post"}],"author":[{"embeddable":true,"href":"https:\/\/www.uutispeili.fi\/index.php\/wp-json\/wp\/v2\/users\/3"}],"replies":[{"embeddable":true,"href":"https:\/\/www.uutispeili.fi\/index.php\/wp-json\/wp\/v2\/comments?post=4935"}],"version-history":[{"count":1,"href":"https:\/\/www.uutispeili.fi\/index.php\/wp-json\/wp\/v2\/posts\/4935\/revisions"}],"predecessor-version":[{"id":4937,"href":"https:\/\/www.uutispeili.fi\/index.php\/wp-json\/wp\/v2\/posts\/4935\/revisions\/4937"}],"wp:featuredmedia":[{"embeddable":true,"href":"https:\/\/www.uutispeili.fi\/index.php\/wp-json\/wp\/v2\/media\/3994"}],"wp:attachment":[{"href":"https:\/\/www.uutispeili.fi\/index.php\/wp-json\/wp\/v2\/media?parent=4935"}],"wp:term":[{"taxonomy":"category","embeddable":true,"href":"https:\/\/www.uutispeili.fi\/index.php\/wp-json\/wp\/v2\/categories?post=4935"},{"taxonomy":"post_tag","embeddable":true,"href":"https:\/\/www.uutispeili.fi\/index.php\/wp-json\/wp\/v2\/tags?post=4935"}],"curies":[{"name":"wp","href":"https:\/\/api.w.org\/{rel}","templated":true}]}}