{"id":490,"date":"2023-12-17T13:59:57","date_gmt":"2023-12-17T13:59:57","guid":{"rendered":"https:\/\/www.uutispeili.fi\/?p=490"},"modified":"2023-12-17T13:59:57","modified_gmt":"2023-12-17T13:59:57","slug":"pysyva-ja-kiireellinen-tulitauko-gazaan-britannia-ja-saksa-reagoivat-siviilitappioihin","status":"publish","type":"post","link":"https:\/\/www.uutispeili.fi\/index.php\/2023\/12\/17\/pysyva-ja-kiireellinen-tulitauko-gazaan-britannia-ja-saksa-reagoivat-siviilitappioihin\/","title":{"rendered":"&#8221;Pysyv\u00e4 ja kiireellinen tulitauko Gazaan!&#8221; Britannia ja Saksa reagoivat siviilitappioihin"},"content":{"rendered":"<p><strong>Taistelujen ulottuminen Gazan kaistan tihe\u00e4\u00e4n rakennetuille aluille alkaa jo muodostaa sodan vakavimman kysymyksen, -maailmanlaajuisten seurannaisvaikusten kautta. Britannian ja Saksan ulkoministerit esitt\u00e4v\u00e4t t\u00e4n\u00e4\u00e4n yhteisen kannanoton pikaisen aselevon puolesta. Tarkastelemme.<\/strong><\/p>\n<p>Terroristij\u00e4rjest\u00f6 <strong>Hamas<\/strong>in 07.10. aloittama brutaali hy\u00f6kk\u00e4ys <strong>Gaza<\/strong>n kaistalta <strong>Israel<\/strong>iin, siviiliasutukseen ja musiikkitapahtumaan, sai heti ensimm\u00e4isin\u00e4 tunteinaan <em>joukkomurhan<\/em> luonteen. <strong>Israelin puolustusvoimat<\/strong> (IDF) n\u00e4ytt\u00e4\u00e4 tulleen yll\u00e4tetyksi, ja vastareaktio tuli viiveell\u00e4. Noin 1200 ihmist\u00e4 ehdittiin surmata -osa teatraalisen brutaalisti- ennen kuin hy\u00f6kk\u00e4\u00e4j\u00e4t eliminoitiin.<\/p>\n<p>Hamas-terroristien hy\u00f6kk\u00e4yksen sotilaallinen logiikka loistaa poissaolollaan, -jos arvioimme tapahtumaa puhtaasti sotilaallisesti. -T\u00e4m\u00e4 saattaa selitt\u00e4\u00e4 IDF:n vastatoimiin valmiuden hitautta: Kun kaikille oli selv\u00e4\u00e4, ettei Hamasin ja &#8221;<strong>Palestiinan islamilaisen jihadin<\/strong>&#8221; voimin ole mahdollista pit\u00e4\u00e4 hallussaan vallattua aluetta, ei hy\u00f6kk\u00e4yst\u00e4 ilmeisesti osattu pit\u00e4\u00e4 todenn\u00e4k\u00f6isen\u00e4. T\u00e4m\u00e4 erehdys maksoi ihmishenki\u00e4.<\/p>\n<p>Meid\u00e4n onkin etsitt\u00e4v\u00e4 terroristien sotilaallista logiikkaa aivan muualta, kuin sotilaalliselta levellilt\u00e4. -Ja <strong>Britannian<\/strong> ja <strong>Saksan<\/strong> ulkoministerien kannanotto t\u00e4n\u00e4\u00e4n <em>The Sunday Time<\/em>s:ssa viittaa tilanteen syvemp\u00e4\u00e4n ymm\u00e4rt\u00e4miseen:<\/p>\n<ul>\n<li>Terroristien tavoite ei ollutkaan ottaa haltuun aluetta rajan Israelin puolelta, vaan saada Israel reagoimaan, vihan vallassa.<\/li>\n<li>Uhraamalla jotain tuhat omaa fanaatikkoaan Hamas sai t\u00e4ll\u00e4 uhrauksella israelilaisen vastareaktion: Suuttumus juutalais-siviilien murhista ja kidutuksista saa Israelin hallituksen toimimaan harkitsemattomasti.<\/li>\n<li>IDF:n vastahy\u00f6kk\u00e4ys Gazaan ei tietenk\u00e4\u00e4n k\u00e4ynnistynyt v\u00e4litt\u00f6m\u00e4sti, -johtuen sotilasoperaatioiden ominaisuuksista. -Hamas huolestui ja ampui <strong>p\u00e4ivitt\u00e4isi\u00e4 rakettikeskityksi\u00e4<\/strong> kohti Israelin kaupunkeja: &#8211;<em>Tulkaapa sielt\u00e4!<\/em><\/li>\n<li>Terroristit onnistuivat israelilaisten poliitikkojen saamisessa harkitsemattomuuteen ja raivotilaan vain osittain.<\/li>\n<li>IDF:n maahy\u00f6kk\u00e4ys Gazaan olikin ilmeisesti terroristien varsinainen tavoite: Verta uutiskuviin! -Ja pysyv\u00e4 este Israelin ja arabimaiden l\u00e4hentymiselle.<\/li>\n<li>Kun IDF:n vastahy\u00f6kk\u00e4ys Gazan kaistalle alkoi, maailma oli -syyst\u00e4- huolissaan siviilien kohtalosta tihe\u00e4\u00e4n rakennetuissa kortteleissa, joista tuli nyt sotan\u00e4ytt\u00e4m\u00f6.<\/li>\n<li>Samaan aikaan kun maailmalla -aidoin motiivein tai teeskennellen- kauhisteltiin IDF:n vastahy\u00f6kk\u00e4yksen oheisvahinkoja, Israelin hallitus oli kovan paineen alla: Panttivankien omaiset ja yleinen mielipide vaativat nopeita tuloksia. -Tilanne toimi Hamasin (tai sen taustavoimien) hyv\u00e4ksi.<\/li>\n<li><strong>Yhdysvallat<\/strong>, <strong>EU<\/strong> ja muutkin tahot kohdistivat Israeliin vaatimuksia siviilitappioiden v\u00e4ltt\u00e4misest\u00e4. -Joku oli ymm\u00e4rt\u00e4nyt miss\u00e4 menn\u00e4\u00e4n?<\/li>\n<\/ul>\n<h3><em>&#8221;Kest\u00e4v\u00e4n tulitauon tarve on kiireellinen&#8221;<\/em><\/h3>\n<p>T\u00e4n\u00e4\u00e4n <strong>Britannian<\/strong> ulkoministeri <strong>David Cameron<\/strong> ja h\u00e4nen saksalainen kollegansa <strong>Annalena Baerbock <\/strong>ilmaisivat yhteisess\u00e4 kannanotossaan <em>The Sunday Times<\/em> -lehdess\u00e4, ett\u00e4 &#8221;<em><strong>kest\u00e4v\u00e4n<\/strong> ja <strong>pikaisen<\/strong> tulitauon tarve Gazassa on kiireelline<\/em>n&#8221;. Ministerien vetoomus ja (kevyesti piilotettu) moite kohdistuivat Israeliin.<\/p>\n<blockquote><p><em>&#8221;Meid\u00e4n on teht\u00e4v\u00e4 kaikkemme tasoittaaksemme tiet\u00e4 <strong>kest\u00e4v\u00e4lle tulitauolle<\/strong>, joka johtaa kest\u00e4v\u00e4\u00e4n rauhaan. Mit\u00e4 nopeammin se tulee, sit\u00e4 parempi \u2013 tarve on <strong>kiireellinen<\/strong>\u201d, kirjoittivat ulkoministerit.<\/em><\/p><\/blockquote>\n<p>Cameronin ja Baerbockin kannanotolle riitt\u00e4\u00e4 humanitaarisia syit\u00e4 aivan tarpeeksi, mutta on viel\u00e4 tilanteen kokonaiskuva: Miten kauhu-uutiset Gazan pommituksista ja romahtavista terveyspalveluista vaikuttavat maailmanpolitiikkaan? -Ja kuka juuri nyt haluaa kriisipes\u00e4kkeit\u00e4 kolmelle mantereelle?<\/p>\n<p>T\u00e4m\u00e4 kysymyksenasettelu alleviivaa Hamasin tausta-innostajien tavoitteet, -ja ett\u00e4 niiden l\u00e4pi on l\u00e4nness\u00e4 n\u00e4hty. Nyt on ihan pakko kysy\u00e4, mit\u00e4 ovat n\u00e4hneet t. ymm\u00e4rt\u00e4neet &#8221;<em>Free Palestiina!<\/em>&#8221;-innostuneet suomalaiset -vaikkapa eduskunnan portailla mielt\u00e4\u00e4n osoittelemassa?<\/p>\n<h3>&#8221;<em>Olette petettyjen<\/em> <em>porukassa<\/em>&#8221;<\/h3>\n<p>Jos kyynisten terroristien suunnitelma oli houkutella IDF Gazan maaper\u00e4lle, aiheuttamaan siviilitappiota, ei &#8221;<em>maailman omatuntojen<\/em>&#8221; ker\u00e4\u00e4minen Israelin-vastaisten tunnusten alle Euroopan ja Amerikan kaupungeissa, ole yht\u00e4\u00e4n v\u00e4hemm\u00e4n kyyninen. Siteeraan er\u00e4st\u00e4 joskus jossain lausuttua: &#8221;<em>Olette petettyjen<\/em> <em>porukassa.<\/em>&#8221;<\/p>\n<p>Petettyihin eiv\u00e4t kuulu Britannian ja Saksan ulkoministerit. He vaativat t\u00e4n\u00e4\u00e4n pikaista ja kest\u00e4v\u00e4\u00e4 aselepoa Gazaan.\u00a0<img loading=\"lazy\" decoding=\"async\" class=\"alignnone size-full wp-image-144\" src=\"https:\/\/www.uutispeili.fi\/wp-content\/uploads\/2023\/11\/di.gold_.gif\" alt=\"\" width=\"11\" height=\"11\" \/><\/p>\n<p>Luettavaa:<\/p>\n<ul>\n<li><a href=\"https:\/\/english.alarabiya.net\/News\/middle-east\/2023\/12\/17\/UK-and-Germany-call-for-sustainable-ceasefire-in-Gaza\" target=\"_blank\" rel=\"noopener\">Al-Arabiya<\/a> 17.12. 2023,<\/li>\n<li><a href=\"https:\/\/www.alarabiya.net\/arab-and-world\/2023\/12\/17\/%D8%A7%D8%B3%D8%B1%D8%A7%D8%A6%D9%8A%D9%84-%D8%AA%D9%88%D8%A7%D8%B5%D9%84-%D9%82%D8%B5%D9%81-%D8%BA%D8%B2%D8%A9-%D9%88%D9%84%D8%A7-%D8%A7%D8%AA%D8%B5%D8%A7%D9%84%D8%A7%D8%AA-%D9%84%D9%84%D9%8A%D9%88%D9%85-%D8%A7%D9%84%D8%B1%D8%A7%D8%A8%D8%B9-%D8%B9%D9%84%D9%89-%D8%A7%D9%84%D8%AA%D9%88%D8%A7%D9%84%D9%8A\" target=\"_blank\" rel=\"noopener\">Al-Arabiya<\/a> 17.12. 2023 (Israel pommittaa&#8230;)<\/li>\n<li><a href=\"https:\/\/www.thetimes.co.uk\/article\/we-need-a-sustainable-ceasefire-in-gaza-says-david-cameron-fxbt3s7kp\" target=\"_blank\" rel=\"noopener\">The Sunday Times<\/a> 17.12. 2023,<\/li>\n<li><a href=\"https:\/\/english.alarabiya.net\/News\/middle-east\/2023\/12\/15\/Multiple-rockets-intercepted-in-central-Jerusalem-Report\" target=\"_blank\" rel=\"noopener\">Al-Arabiya<\/a> 15.12. 2023, -Hamasi ohjusiskusta Jerusalemiin15.12,<\/li>\n<\/ul>\n","protected":false},"excerpt":{"rendered":"<p>Taistelujen ulottuminen Gazan kaistan tihe\u00e4\u00e4n rakennetuille aluille alkaa jo muodostaa sodan vakavimman kysymyksen, -maailmanlaajuisten seurannaisvaikusten kautta. Britannian ja Saksan ulkoministerit esitt\u00e4v\u00e4t t\u00e4n\u00e4\u00e4n yhteisen kannanoton pikaisen aselevon puolesta. Tarkastelemme. Terroristij\u00e4rjest\u00f6 Hamasin 07.10. aloittama brutaali hy\u00f6kk\u00e4ys Gazan kaistalta Israeliin, siviiliasutukseen ja musiikkitapahtumaan, sai heti ensimm\u00e4isin\u00e4 tunteinaan joukkomurhan luonteen. Israelin puolustusvoimat (IDF) n\u00e4ytt\u00e4\u00e4 tulleen yll\u00e4tetyksi, ja vastareaktio tuli [&hellip;]<\/p>\n","protected":false},"author":3,"featured_media":491,"comment_status":"open","ping_status":"open","sticky":false,"template":"","format":"standard","meta":{"footnotes":""},"categories":[7],"tags":[],"_links":{"self":[{"href":"https:\/\/www.uutispeili.fi\/index.php\/wp-json\/wp\/v2\/posts\/490"}],"collection":[{"href":"https:\/\/www.uutispeili.fi\/index.php\/wp-json\/wp\/v2\/posts"}],"about":[{"href":"https:\/\/www.uutispeili.fi\/index.php\/wp-json\/wp\/v2\/types\/post"}],"author":[{"embeddable":true,"href":"https:\/\/www.uutispeili.fi\/index.php\/wp-json\/wp\/v2\/users\/3"}],"replies":[{"embeddable":true,"href":"https:\/\/www.uutispeili.fi\/index.php\/wp-json\/wp\/v2\/comments?post=490"}],"version-history":[{"count":1,"href":"https:\/\/www.uutispeili.fi\/index.php\/wp-json\/wp\/v2\/posts\/490\/revisions"}],"predecessor-version":[{"id":492,"href":"https:\/\/www.uutispeili.fi\/index.php\/wp-json\/wp\/v2\/posts\/490\/revisions\/492"}],"wp:featuredmedia":[{"embeddable":true,"href":"https:\/\/www.uutispeili.fi\/index.php\/wp-json\/wp\/v2\/media\/491"}],"wp:attachment":[{"href":"https:\/\/www.uutispeili.fi\/index.php\/wp-json\/wp\/v2\/media?parent=490"}],"wp:term":[{"taxonomy":"category","embeddable":true,"href":"https:\/\/www.uutispeili.fi\/index.php\/wp-json\/wp\/v2\/categories?post=490"},{"taxonomy":"post_tag","embeddable":true,"href":"https:\/\/www.uutispeili.fi\/index.php\/wp-json\/wp\/v2\/tags?post=490"}],"curies":[{"name":"wp","href":"https:\/\/api.w.org\/{rel}","templated":true}]}}