{"id":4859,"date":"2025-02-02T19:12:26","date_gmt":"2025-02-02T19:12:26","guid":{"rendered":"https:\/\/www.uutispeili.fi\/?p=4859"},"modified":"2025-02-02T19:12:26","modified_gmt":"2025-02-02T19:12:26","slug":"iranin-islamilainen-tasavalta-julkisti-uuden-ison-ohjuksen","status":"publish","type":"post","link":"https:\/\/www.uutispeili.fi\/index.php\/2025\/02\/02\/iranin-islamilainen-tasavalta-julkisti-uuden-ison-ohjuksen\/","title":{"rendered":"Iranin islamilainen tasavalta julkisti uuden ison ohjuksen"},"content":{"rendered":"<p><strong><span>Iranin islamilainen tasavalta julkisti sunnuntaina ihan uuden ohjuksen, -oikeauskoisten iloksi ja v\u00e4\u00e4r\u00e4uskoisten kauhuksi. Presidentti Pezeskian juhlisti tilaisuutta l\u00e4sn\u00f6olollaan.<\/span><\/strong><\/p>\n<p>(Kuva: IRNA, presidentti Pezeskian eturiviss\u00e4 vasemmanpuoleinen.)<\/p>\n<p>Uuden ballistisen ohjuksen nimeksi tulee <strong>Etemad<\/strong>, -persiaksi &#8221;<strong>luottamus<\/strong>&#8221;. Luottamus lent\u00e4\u00e4 jopa 1700 kilometri\u00e4. <span>Ohjus esiteltiin r\u00e4n\u00e4\u00e4n sunnuntaina <strong>Teheran<\/strong>issa pidetyss\u00e4 seremoniassa, johon osallistui presidentti <strong>Masoud Pezeshkian<\/strong>, kertoo Iranin valtiollinen uutistoimisto IRNA (Islamic Republic News Agency).<\/span><\/p>\n<p><span>Etemad on uusin Iranin puolustusministeri\u00f6n kehitt\u00e4m\u00e4 ballistinen ohjus. Sen pituus on 16 metri\u00e4 ja halkaisija 1,25 metri\u00e4. Etenad on ohjattavissa maaliinsa t\u00f6rm\u00e4ykseen asti.<\/span><\/p>\n<p><span>Presidentti Pezeshkian ylisti televisiopuheessaan Iranin\u00a0<\/span><a href=\"https:\/\/en.irna.ir\/news\/85737271\/President-Pezeshkian-visits-Defense-Ministry-s-latest-space\"><span>puolustuskyky\u00e4<\/span><\/a><span>\u00a0ja sanoi, ett\u00e4 maan sotilaallinen voima on tarkoitettu itsepuolustukseen, eik\u00e4 se uhkaa muita kansoja.<\/span><\/p>\n<blockquote><p><span>&#8221;Iranin puolustus- ja avaruusvalmiuksien kehitt\u00e4minen ei ole sodan k\u00e4ymist\u00e4 tai [mihin tahansa maahan] tunkeutumista, vaan pelotteena ja sen varmistamiseen, ettei mik\u00e4\u00e4n maa uskalla hy\u00f6k\u00e4t\u00e4 Iranin alueelle&#8221;, h\u00e4n sanoi toimittajille.<\/span><\/p><\/blockquote>\n<p><span>Iranin ballistiset ohjukset ovat &#8221;<em>t\u00e4rke\u00e4 pelote Yhdysvaltoja ja Israelia vastaan<\/em>&#8221;, eik\u00e4 Iranin ohjusohjelmasta voida neuvotella.<\/span><\/p>\n<p>Iranin ohjukset, -mukaan lukien t\u00e4m\u00e4 uusin malli- pystyv\u00e4t tavoittamaan arkkivihollisensa <strong>Israel<\/strong>in, johon Iran on kohdistanut kahdesti viime vuonna..<\/p>\n<blockquote><p>&#8221;Puolustusvalmiuksien ja avaruusteknologian kehitt\u00e4minen&#8230; tavoitteena on varmistaa, ettei mik\u00e4\u00e4n maa uskalla hy\u00f6k\u00e4t\u00e4 Iranin alueelle&#8221;, Pezeshkian sanoi sunnuntaina.<\/p><\/blockquote>\n<p>Seremoniassa esiteltiin my\u00f6s kolme kotimaista satelliittia: noin 34 kiloa painava <strong>Navak<\/strong>-niminen viestint\u00e4malli sek\u00e4 p\u00e4ivitetyt versiot <strong>Pars-1<\/strong>:st\u00e4 ja <strong>Pars-2<\/strong>:sta. <em>IRNA<\/em>-uutistoimiston mukaan kahta j\u00e4lkimm\u00e4ist\u00e4 k\u00e4ytet\u00e4\u00e4n &#8221;<em>ymp\u00e4rist\u00f6n, h\u00e4t\u00e4tilanteiden ja kaupunkien hallinnan seuraamiseen<\/em>&#8221;.<\/p>\n<p>Seremonia pidettiin Iranin <strong>kansallisena ilmailup\u00e4iv\u00e4n\u00e4<\/strong> ja muutama p\u00e4iv\u00e4 ennen <strong>islamilaisen tasavallan perustamisen (<\/strong>10. helmikuuta 1979)<strong> 46. vuosip\u00e4iv\u00e4\u00e4<\/strong>.Iran on tiivist\u00e4nyt <strong>Yhdysvaltain<\/strong> presidentin <strong>Donald<\/strong> <strong>Trump<\/strong>in uuden virkakauden alettua sotilaallisten projektiensa esittely\u00e4, -mukaan lukien laajamittaiset sotaharjoitukset ja maanalaisten sotilastukikohtien esittely.<\/p>\n<p>Lauantaina (01.02.) Iran paljasti my\u00f6s uuden <strong>risteilyohjusmallin<\/strong> nimelt\u00e4 <strong>Ghadr-380<\/strong>, jolla laivaston komentajan mukaan on &#8221;<em>h\u00e4irinn\u00e4n estokyky<\/em>&#8221; ja kantama yli 1000 kilometri\u00e4<\/p>\n<h2>Iran halukas neuvottelemaan ydinohjelmasta<\/h2>\n<p>Teheran on ilmaissut halukkuutensa k\u00e4ynnist\u00e4\u00e4 uudelleen neuvottelut <strong>ydinohjelmastaan<\/strong>, joka on ollut j\u00e4nnitteiden kohteena l\u00e4nsimaiden kanssa vuosikymmeni\u00e4, kertoi t\u00e4n\u00e4\u00e4n IRNA. <img loading=\"lazy\" decoding=\"async\" class=\"alignnone size-full wp-image-144\" src=\"https:\/\/www.uutispeili.fi\/wp-content\/uploads\/2023\/11\/di.gold_.gif\" alt=\"\" width=\"11\" height=\"11\" \/><\/p>\n<p>Luettavaa:<\/p>\n<ul>\n<li><a href=\"https:\/\/en.irna.ir\/news\/85737997\/Iran-unveils-new-ballistic-missile-called-Etemad\" target=\"_blank\" rel=\"noopener\"><strong>Islamic Republic News Agency<\/strong><\/a> (Iran) 02.02. 2025,<\/li>\n<li><a href=\"https:\/\/thesun.my\/world-news\/iran-unveils-new-ballistic-missile-in-show-of-force-EE13606525#pk_campaign=MASwpn&amp;pk_kwd=Iran+unveils+new+ballistic+missile+in+show+of+force\" target=\"_blank\" rel=\"noopener\"><strong>The Sun<\/strong><\/a> (Malesia) 02.02. 2025.<\/li>\n<\/ul>\n<blockquote class=\"wp-embedded-content\" data-secret=\"45MsHdvRBr\"><p><a href=\"https:\/\/www.uutispeili.fi\/index.php\/2024\/08\/27\/iranilaisen-taloustutkijan-nakemys-iranin-taloudesta-trump-vaara-pommi-ja-ystavat\/\">Iranilaisen taloustutkijan n\u00e4kemys Iranin taloudesta: &#8221;Trump-vaara&#8221;, pommi ja &#8217;yst\u00e4v\u00e4t&#8217;<\/a><\/p><\/blockquote>\n<p><iframe class=\"wp-embedded-content\" sandbox=\"allow-scripts\" security=\"restricted\" style=\"position: absolute; clip: rect(1px, 1px, 1px, 1px);\" title=\"&#8221;Iranilaisen taloustutkijan n\u00e4kemys Iranin taloudesta: &#8221;Trump-vaara&#8221;, pommi ja &#8217;yst\u00e4v\u00e4t&#8217;&#8221; &#8212; \" src=\"https:\/\/www.uutispeili.fi\/index.php\/2024\/08\/27\/iranilaisen-taloustutkijan-nakemys-iranin-taloudesta-trump-vaara-pommi-ja-ystavat\/embed\/#?secret=j4Sb269yH1#?secret=45MsHdvRBr\" data-secret=\"45MsHdvRBr\" width=\"600\" height=\"338\" frameborder=\"0\" marginwidth=\"0\" marginheight=\"0\" scrolling=\"no\"><\/iframe><\/p>\n<blockquote class=\"wp-embedded-content\" data-secret=\"xzmiSGXSPE\"><p><a href=\"https:\/\/www.uutispeili.fi\/index.php\/2025\/01\/25\/iskeeko-trump-iranin-ydinpommi-ohjelmaan\/\">Iskeek\u00f6 Trump Iranin ydinpommi-ohjelmaan<\/a><\/p><\/blockquote>\n<p><iframe class=\"wp-embedded-content\" sandbox=\"allow-scripts\" security=\"restricted\" style=\"position: absolute; clip: rect(1px, 1px, 1px, 1px);\" title=\"&#8221;Iskeek\u00f6 Trump Iranin ydinpommi-ohjelmaan&#8221; &#8212; \" src=\"https:\/\/www.uutispeili.fi\/index.php\/2025\/01\/25\/iskeeko-trump-iranin-ydinpommi-ohjelmaan\/embed\/#?secret=K5dp3Agkqf#?secret=xzmiSGXSPE\" data-secret=\"xzmiSGXSPE\" width=\"600\" height=\"338\" frameborder=\"0\" marginwidth=\"0\" marginheight=\"0\" scrolling=\"no\"><\/iframe><\/p>\n<blockquote class=\"wp-embedded-content\" data-secret=\"k9Jwl2BWVo\"><p><a href=\"https:\/\/www.uutispeili.fi\/index.php\/2024\/11\/16\/elon-musk-tapasi-iranin-yk-lahettilaan\/\">Elon Musk tapasi Iranin YK-l\u00e4hettil\u00e4\u00e4n<\/a><\/p><\/blockquote>\n<p><iframe class=\"wp-embedded-content\" sandbox=\"allow-scripts\" security=\"restricted\" style=\"position: absolute; clip: rect(1px, 1px, 1px, 1px);\" title=\"&#8221;Elon Musk tapasi Iranin YK-l\u00e4hettil\u00e4\u00e4n&#8221; &#8212; \" src=\"https:\/\/www.uutispeili.fi\/index.php\/2024\/11\/16\/elon-musk-tapasi-iranin-yk-lahettilaan\/embed\/#?secret=mon6AhNQJj#?secret=k9Jwl2BWVo\" data-secret=\"k9Jwl2BWVo\" width=\"600\" height=\"338\" frameborder=\"0\" marginwidth=\"0\" marginheight=\"0\" scrolling=\"no\"><\/iframe><\/p>\n<blockquote class=\"wp-embedded-content\" data-secret=\"jnRN02mj5j\"><p><a href=\"https:\/\/www.uutispeili.fi\/index.php\/2024\/10\/16\/venajan-hyodylliselta-idiootilta-outo-avaus-jos-yhdysvallat-aloittaa-sodan-irania-vastaan-kolmas-maailmansota-nayttaa-varmalta\/\">Ven\u00e4j\u00e4n &#8217;hy\u00f6dylliselt\u00e4 idiootilta&#8217; outo avaus: &#8221;Jos Yhdysvallat aloittaa sodan Irania vastaan , kolmas maailmansota n\u00e4ytt\u00e4\u00e4 varmalta&#8221;<\/a><\/p><\/blockquote>\n<p><iframe class=\"wp-embedded-content\" sandbox=\"allow-scripts\" security=\"restricted\" style=\"position: absolute; clip: rect(1px, 1px, 1px, 1px);\" title=\"&#8221;Ven\u00e4j\u00e4n &#8217;hy\u00f6dylliselt\u00e4 idiootilta&#8217; outo avaus: &#8221;Jos Yhdysvallat aloittaa sodan Irania vastaan , kolmas maailmansota n\u00e4ytt\u00e4\u00e4 varmalta&#8221;&#8221; &#8212; \" src=\"https:\/\/www.uutispeili.fi\/index.php\/2024\/10\/16\/venajan-hyodylliselta-idiootilta-outo-avaus-jos-yhdysvallat-aloittaa-sodan-irania-vastaan-kolmas-maailmansota-nayttaa-varmalta\/embed\/#?secret=UbUyMJ7M8J#?secret=jnRN02mj5j\" data-secret=\"jnRN02mj5j\" width=\"600\" height=\"338\" frameborder=\"0\" marginwidth=\"0\" marginheight=\"0\" scrolling=\"no\"><\/iframe><\/p>\n<blockquote class=\"wp-embedded-content\" data-secret=\"BaRhJzfGMo\"><p><a href=\"https:\/\/www.uutispeili.fi\/index.php\/2024\/10\/01\/iran-iskee-israeliin-ballistisilla-ohjuksilla\/\">Iran iskee Israeliin ballistisilla ohjuksilla<\/a><\/p><\/blockquote>\n<p><iframe class=\"wp-embedded-content\" sandbox=\"allow-scripts\" security=\"restricted\" style=\"position: absolute; clip: rect(1px, 1px, 1px, 1px);\" title=\"&#8221;Iran iskee Israeliin ballistisilla ohjuksilla&#8221; &#8212; \" src=\"https:\/\/www.uutispeili.fi\/index.php\/2024\/10\/01\/iran-iskee-israeliin-ballistisilla-ohjuksilla\/embed\/#?secret=4jMMI6WqSB#?secret=BaRhJzfGMo\" data-secret=\"BaRhJzfGMo\" width=\"600\" height=\"338\" frameborder=\"0\" marginwidth=\"0\" marginheight=\"0\" scrolling=\"no\"><\/iframe><\/p>\n","protected":false},"excerpt":{"rendered":"<p>Iranin islamilainen tasavalta julkisti sunnuntaina ihan uuden ohjuksen, -oikeauskoisten iloksi ja v\u00e4\u00e4r\u00e4uskoisten kauhuksi. Presidentti Pezeskian juhlisti tilaisuutta l\u00e4sn\u00f6olollaan. (Kuva: IRNA, presidentti Pezeskian eturiviss\u00e4 vasemmanpuoleinen.) Uuden ballistisen ohjuksen nimeksi tulee Etemad, -persiaksi &#8221;luottamus&#8221;. Luottamus lent\u00e4\u00e4 jopa 1700 kilometri\u00e4. Ohjus esiteltiin r\u00e4n\u00e4\u00e4n sunnuntaina Teheranissa pidetyss\u00e4 seremoniassa, johon osallistui presidentti Masoud Pezeshkian, kertoo Iranin valtiollinen uutistoimisto IRNA (Islamic [&hellip;]<\/p>\n","protected":false},"author":3,"featured_media":4860,"comment_status":"open","ping_status":"open","sticky":false,"template":"","format":"standard","meta":{"footnotes":""},"categories":[112],"tags":[],"_links":{"self":[{"href":"https:\/\/www.uutispeili.fi\/index.php\/wp-json\/wp\/v2\/posts\/4859"}],"collection":[{"href":"https:\/\/www.uutispeili.fi\/index.php\/wp-json\/wp\/v2\/posts"}],"about":[{"href":"https:\/\/www.uutispeili.fi\/index.php\/wp-json\/wp\/v2\/types\/post"}],"author":[{"embeddable":true,"href":"https:\/\/www.uutispeili.fi\/index.php\/wp-json\/wp\/v2\/users\/3"}],"replies":[{"embeddable":true,"href":"https:\/\/www.uutispeili.fi\/index.php\/wp-json\/wp\/v2\/comments?post=4859"}],"version-history":[{"count":2,"href":"https:\/\/www.uutispeili.fi\/index.php\/wp-json\/wp\/v2\/posts\/4859\/revisions"}],"predecessor-version":[{"id":4863,"href":"https:\/\/www.uutispeili.fi\/index.php\/wp-json\/wp\/v2\/posts\/4859\/revisions\/4863"}],"wp:featuredmedia":[{"embeddable":true,"href":"https:\/\/www.uutispeili.fi\/index.php\/wp-json\/wp\/v2\/media\/4860"}],"wp:attachment":[{"href":"https:\/\/www.uutispeili.fi\/index.php\/wp-json\/wp\/v2\/media?parent=4859"}],"wp:term":[{"taxonomy":"category","embeddable":true,"href":"https:\/\/www.uutispeili.fi\/index.php\/wp-json\/wp\/v2\/categories?post=4859"},{"taxonomy":"post_tag","embeddable":true,"href":"https:\/\/www.uutispeili.fi\/index.php\/wp-json\/wp\/v2\/tags?post=4859"}],"curies":[{"name":"wp","href":"https:\/\/api.w.org\/{rel}","templated":true}]}}