{"id":484,"date":"2023-12-16T12:13:15","date_gmt":"2023-12-16T12:13:15","guid":{"rendered":"https:\/\/www.uutispeili.fi\/?p=484"},"modified":"2023-12-16T12:13:15","modified_gmt":"2023-12-16T12:13:15","slug":"onko-kertaus-opintojen-aiti","status":"publish","type":"post","link":"https:\/\/www.uutispeili.fi\/index.php\/2023\/12\/16\/onko-kertaus-opintojen-aiti\/","title":{"rendered":"Onko kertaus opintojen \u00e4iti?"},"content":{"rendered":"\n<p><span style=\"color: rgb(44, 54, 58); font-family: monospace; font-size: 13px; white-space: normal;\">SUOMEN JA EU:n RAJOILLA\u00a0VEN\u00c4J\u00c4 alkoi uudelleen sy\u00f6tt\u00e4m\u00e4\u00e4n somali ja syyrialais, p\u00e4\u00e4osin 20-40 vuotiaita miehi\u00e4 it\u00e4rajamme yli ja suurella innolla t\u00e4nne rynt\u00e4sikin, sen noin vuorokauden aikana mit\u00e4 raja ehti olla auki. Noin 250-300 <em>&#8221;turvapaikanhakijaa&#8221;<\/em> (tarkka luku selvinnee my\u00f6hemmin), jokainen tiet\u00e4\u00e4, ett\u00e4 kysymys ei todellakaan ole mist\u00e4\u00e4n <em>&#8221;turvapaikasta&#8221;<\/em> vaan siirtolaisuudesta ja useimpien osalta &#8211; niin kuin viimeisen yli 30 vuoden historia on osoittanut: oleskelusta.<\/span><\/p>\n\n\n\n<p><span style=\"color: rgb(44, 54, 58); font-family: monospace; font-size: 13px; white-space: normal;\"><strong>JOKO OPITTIIN<\/strong><\/span><\/p>\n\n\n\n<p><span style=\"color: rgb(44, 54, 58); font-family: monospace; font-size: 13px; white-space: normal;\">Raja ehti olla auki vuorokauden verran ja jo ennen kuin se avautui niin arabian- ja somalinkielinen some oli t\u00e4ynn\u00e4\u00e4n Ven\u00e4j\u00e4ll\u00e4 olekeskeleville suunnattuja viestej\u00e4: <em>&#8221;nyt Suomen rajalle, se on auki, on kiire,&#8221;<\/em>\u00a0Maamme hallitus on onneksi toimi nyt ripe\u00e4sti ja sulkup\u00e4\u00e4t\u00f6s saatiin aikaiseksi muutamassa tunnissa ja raja kiinni vuorokauden kuluessa. T\u00e4m\u00e4 yht\u00e4\u00e4lt\u00e4 Ven\u00e4j\u00e4n h\u00e4rski <em>&#8221;hybridivaikuttaminen&#8221;<\/em> eli ihmisten k\u00e4ytt\u00e4minen. <em>&#8221;luoteina,&#8221;<\/em>\u00a0on nyt sent\u00e4\u00e4n kuukaudeksi estetty ja toivottavaa on, ett\u00e4 seuraavan kerran kun asiaa harkitaan, eli noin kuukauden kuluttua, raja pidet\u00e4\u00e4n auki virka-ajan 8-16), yhten\u00e4 p\u00e4iv\u00e4n\u00e4 ja sen j\u00e4lkeen it\u00e4raja suljetaan vuodeksi ja jos yksikin paperiton polkupy\u00f6r\u00e4ilij\u00e4 yms. tulee rajalle niin h\u00e4net k\u00e4\u00e4nnytet\u00e4\u00e4n. Vai luuleeko joku tosissaan, edes vihervasemmistossa tai niin kutsuttujen <em>&#8221;hy\u00f6dyllisten idioottien joukossa&#8221;<\/em>, ett\u00e4 nuo tulijat laskemalla loppuu. Ven\u00e4j\u00e4ll\u00e4 on ainakin miljoona L\u00e4hi-id\u00e4st\u00e4 ja Afrikasta tullutta siirtolaista-kaikkiaan ensiset neuvostotasavaltojen siirtolaiset mukaan lukien noin 10 miljoonaa, Ven\u00e4j\u00e4 on turvallinen maa,heill\u00e4 on oleskeluluvat Ven\u00e4j\u00e4lle eli mit\u00e4\u00e4n muuta syyt\u00e4 kuin oleskelu Suomeen saapumiselle ei ole! Meill\u00e4 taas ei ole varaa el\u00e4tt\u00e4\u00e4-muutenkin umpivelkainen maa- :tuhansia, kymmeni\u00e4, jopa satoja tuhansia uusia tulijoita varsinkin, kun n\u00e4ist\u00e4 suuri osa on luku-, kirjoitus-, ammatti-, kieli- ja tapatadottomia.<\/span><\/p>\n\n\n\n<p><span style=\"color: rgb(44, 54, 58); font-family: monospace; font-size: 13px; white-space: normal;\"><strong>BRYSSELISS\u00c4 MY\u00d6S J\u00c4RKI P\u00c4\u00c4H\u00c4N<\/strong><\/span><\/p>\n\n\n\n<p><span style=\"color: rgb(44, 54, 58); font-family: monospace; font-size: 13px; white-space: normal;\">Kun meille on tulossa pahimmassa tapauksessa satoja tuhansia niin Euroopan tasolla tuo oleskelijoitten tsunami merkitsee miljoonia tai kymmeni\u00e4 miljoonia. &#8221;Geneven sopimukset&#8221; joiden perusta on vuodessa 1864, eli vanhimmalla on ihan justiinsa ik\u00e4\u00e4 160 vuotta ja tuorein kokonaisuus on vuodelta 1949, siis sekin 75 vuotta vuonna 2024, ovat auttamattomasti vanhentuneita.On tragikoomista, ett\u00e4 niihin vedotaan kuin ne olisivat eilen allekirjoitettu maailman valtioiden toimesta. Sit\u00e4 paitsi etenkin II- maailmansodan j\u00e4lkeen n\u00e4m\u00e4 humanismin yleisviitan alla olevat sopimukset vahvistettiin ennen muuta ajassa, eli ennen muuta juutalaisten suojelemiseksi. Ihmisoikeudet ovat kiistatta t\u00e4rke\u00e4t ja l\u00f6ytyv\u00e4t kaukausimmillaan kirjattuina Uudesta testamensta &#8211; johon muuten juutalaiset eiv\u00e4t usko, eip\u00e4 kyll\u00e4 mek\u00e4\u00e4n Talmudiin. No, joka tapauksessa Geneven sopimukset eiv\u00e4t lukuisilta kohdiltaan vastaa polttavaa maailmantilannetta ja nykyaikaa ylip\u00e4\u00e4t\u00e4\u00e4n &#8211; miss\u00e4 siell\u00e4 muka on hybridivaikuttaminen yms. Niin kuin muussakin inhimillisessa toiminnassa, kun lait, asetukset, s\u00e4\u00e4nn\u00f6t ja sopimukset ovat jopa kymmeni\u00e4 vuosia sitten menett\u00e4neet yhteyden todellisuuteen niin ne voidaan joko kuopata tai ehk\u00e4 Geneven sopimusten suhteen ne ainakin tulisi neuvotella uudelleen. T\u00e4ss\u00e4 asiassa EU:n tulee olla aloitteellinen ja ellei se sit\u00e4 ole ja maahanmuuttotsunamin annetaan vy\u00f6ry\u00e4 rannoillemme ja sis\u00e4maan niin vain sukupolven kuluttua Eurooppaa lakkaa olemasta sellaisena kuin me sen tunnemme. On selv\u00e4\u00e4, ett\u00e4 EU:n nykyiset arvot: demokratia, tasa-arvo, yhdenvertaisuus, naisten ja lasten oikeudet, v\u00e4hemmist\u00f6jen asema ovat vain muisto vuosisadan puoliv\u00e4liin menness\u00e4. Vaikuttaa my\u00f6s Ven\u00e4j\u00e4n monialaisen ja monikohteisen hy\u00f6kk\u00e4yksen ja siihen tahallaan vy\u00f6rytetyn islamistisen <em>&#8221;turvapaikkaharhautusten&#8221;<\/em>\u00a0perusteella silt\u00e4, ett\u00e4 Suomen ja Euroopan asteittaisen antautumisen sijasta on ripe\u00e4sti aseistauduttava. Meill\u00e4 on oikeus itse\u00e4mme ja tulevia kohtaan ja velvollisuus menneit\u00e4 sukupolvia kohtaan puolustaa rauhaa, sivistyst\u00e4 ja ihmisyytt\u00e4.<\/span><\/p>\n\n\n\n<p><span style=\"color: rgb(44, 54, 58); font-family: monospace; font-size: 13px; white-space: normal;\">Seppo Huhta<\/span><\/p>\n","protected":false},"excerpt":{"rendered":"<p>SUOMEN JA EU:n RAJOILLA\u00a0VEN\u00c4J\u00c4 alkoi uudelleen sy\u00f6tt\u00e4m\u00e4\u00e4n somali ja syyrialais, p\u00e4\u00e4osin 20-40 vuotiaita miehi\u00e4 it\u00e4rajamme yli ja suurella innolla t\u00e4nne rynt\u00e4sikin, sen noin vuorokauden aikana mit\u00e4 raja ehti olla auki. Noin 250-300 &#8221;turvapaikanhakijaa&#8221; (tarkka luku selvinnee my\u00f6hemmin), jokainen tiet\u00e4\u00e4, ett\u00e4 kysymys ei todellakaan ole mist\u00e4\u00e4n &#8221;turvapaikasta&#8221; vaan siirtolaisuudesta ja useimpien osalta &#8211; niin kuin viimeisen [&hellip;]<\/p>\n","protected":false},"author":1,"featured_media":0,"comment_status":"open","ping_status":"open","sticky":false,"template":"","format":"standard","meta":{"footnotes":""},"categories":[21],"tags":[],"_links":{"self":[{"href":"https:\/\/www.uutispeili.fi\/index.php\/wp-json\/wp\/v2\/posts\/484"}],"collection":[{"href":"https:\/\/www.uutispeili.fi\/index.php\/wp-json\/wp\/v2\/posts"}],"about":[{"href":"https:\/\/www.uutispeili.fi\/index.php\/wp-json\/wp\/v2\/types\/post"}],"author":[{"embeddable":true,"href":"https:\/\/www.uutispeili.fi\/index.php\/wp-json\/wp\/v2\/users\/1"}],"replies":[{"embeddable":true,"href":"https:\/\/www.uutispeili.fi\/index.php\/wp-json\/wp\/v2\/comments?post=484"}],"version-history":[{"count":2,"href":"https:\/\/www.uutispeili.fi\/index.php\/wp-json\/wp\/v2\/posts\/484\/revisions"}],"predecessor-version":[{"id":486,"href":"https:\/\/www.uutispeili.fi\/index.php\/wp-json\/wp\/v2\/posts\/484\/revisions\/486"}],"wp:attachment":[{"href":"https:\/\/www.uutispeili.fi\/index.php\/wp-json\/wp\/v2\/media?parent=484"}],"wp:term":[{"taxonomy":"category","embeddable":true,"href":"https:\/\/www.uutispeili.fi\/index.php\/wp-json\/wp\/v2\/categories?post=484"},{"taxonomy":"post_tag","embeddable":true,"href":"https:\/\/www.uutispeili.fi\/index.php\/wp-json\/wp\/v2\/tags?post=484"}],"curies":[{"name":"wp","href":"https:\/\/api.w.org\/{rel}","templated":true}]}}