{"id":4765,"date":"2025-01-30T17:46:32","date_gmt":"2025-01-30T17:46:32","guid":{"rendered":"https:\/\/www.uutispeili.fi\/?p=4765"},"modified":"2025-01-30T17:46:33","modified_gmt":"2025-01-30T17:46:33","slug":"euroopan-neuvosto-keskusteli-maahanmuutosta-vastauksena-euroopan-ikaantymiseen","status":"publish","type":"post","link":"https:\/\/www.uutispeili.fi\/index.php\/2025\/01\/30\/euroopan-neuvosto-keskusteli-maahanmuutosta-vastauksena-euroopan-ikaantymiseen\/","title":{"rendered":"Euroopan neuvosto keskusteli maahanmuutosta vastauksena Euroopan ik\u00e4\u00e4ntymiseen"},"content":{"rendered":"<p><strong>Euroopan neuvoston (EN) yleiskokous keskusteli keskiviikkona 29. tammikuuta <em>maahanmuutosta<\/em> keinona vastata Euroopan v\u00e4est\u00f6n ik\u00e4\u00e4ntymiseen. <\/strong><\/p>\n<p>Keskustelun pohjana oli muuttoliikett\u00e4, pakolaisia ja kotiseudultaan siirtym\u00e4\u00e4n joutuneiden henkil\u00f6iden tilannetta k\u00e4sittelev\u00e4n <a href=\"https:\/\/pace.coe.int\/en\/files\/33912\/html\" target=\"_blank\" rel=\"noopener\">valiokunnan raportti<\/a> (pace.coe.int). Suomen valtuuskunnasta keskusteluun osallistuivat <strong>Mira Nieminen<\/strong> (ps.) ja <strong>Petri Honkonen<\/strong> (kesk.).<\/p>\n<p>Raportin mukaan v\u00e4est\u00f6n ik\u00e4\u00e4ntymisell\u00e4 sek\u00e4 nuoren ja ty\u00f6ik\u00e4isen v\u00e4est\u00f6n v\u00e4henemisell\u00e4 on perustavia vaikutuksia erityisesti terveydenhuolto- ja sosiaalihuoltoj\u00e4rjestelmiin, ty\u00f6markkinoihin, julkiseen talouteen ja el\u00e4keoikeuksiin.<\/p>\n<h3>Hallitsematon maahanmuutto voi kuormittaa yhteiskuntaa<\/h3>\n<p>Mira Niemisen mukaan maahanmuutto voi auttaa ratkaisemaan ongelmia, mutta vain, jos se on toteutettu hallitusti ja j\u00e4rkev\u00e4sti. Hallitsematon maahanmuutto voi sit\u00e4 vastoin muuttua yhteiskuntaa kuormittavaksi kustannukseksi.<\/p>\n<blockquote><p>\u201dOn varmistettava, ett\u00e4 maahanmuuttajat integroituvat yhteiskuntaan, oppivat kielen, saavat ty\u00f6t\u00e4 ja osallistuvat aktiivisesti yhteis\u00f6n toimintaan\u201d, Nieminen sanoi.<\/p><\/blockquote>\n<p>Nieminen painotti my\u00f6s valtioiden velvollisuutta huolehtia kansalaistensa turvallisuudesta.<\/p>\n<blockquote><p>\u201dMeid\u00e4n tulee olla tarkkoja siin\u00e4, kenet p\u00e4\u00e4st\u00e4mme maahan, ja samalla panostaa ennaltaehk\u00e4iseviin toimiin, kuten koulutukseen ja syrj\u00e4ytymisen ehk\u00e4isyyn.\u201d <span style=\"font-size: revert; color: initial;\">\u201dOnnistunut maahanmuuttopolitiikka edellytt\u00e4\u00e4 tasapainoa inhimillisyyden, taloudellisten realiteettien ja turvallisuuden v\u00e4lill\u00e4\u201d, Nieminen tiivisti viestins\u00e4 yleiskokoukselle.<\/span><\/p><\/blockquote>\n<h3>Honkonen: Maahanmuutto ei ole yksinkertainen ratkaisu ty\u00f6voimapulaan<\/h3>\n<p>Petri Honkosen mukaan maahanmuuttoa ei tule esitt\u00e4\u00e4 yksinkertaisena ratkaisuna ty\u00f6voimapulaan. H\u00e4n muistutti, ett\u00e4 turvapaikkaj\u00e4rjestelm\u00e4 ja pakolaiskiinti\u00f6t ovat tarkoitettu suojelemaan apua tarvitsevia, eiv\u00e4tk\u00e4 ratkaisemaan ty\u00f6voimapulaa.<\/p>\n<blockquote><p>\u201dMeid\u00e4n on ymm\u00e4rrett\u00e4v\u00e4, ett\u00e4 huonon sopeutumisen ja kulttuurierojen aiheuttama eriytyminen ja sosiaaliset ongelmat eiv\u00e4t katoa, vaikka sulkisimme niilt\u00e4 silm\u00e4mme ja perustelisimme tilannetta v\u00e4est\u00f6nkehityksell\u00e4.\u201d<\/p><\/blockquote>\n<p><strong>Ty\u00f6per\u00e4iset maahanmuuttajat<\/strong> soputuvat yhteiskuntaan ja kulttuuriin nopeammin, Honkonen totesi. Maahanmuuttajien aktiivinen integrointi, erityisesti kielikoulutuksen kautta, on v\u00e4ltt\u00e4m\u00e4t\u00f6nt\u00e4. Valtioiden on t\u00e4rke\u00e4 tukea sopeutumista ja hy\u00f6dynt\u00e4\u00e4 uusia keinoja, kuten teko\u00e4ly\u00e4, prosessien tehostamiseksi.<\/p>\n<blockquote><p>\u201dMaanosamme ik\u00e4\u00e4ntyminen on tosiasia ja suurin kohtaamamme yhteiskunnallinen haaste. Ratkaisujen on kuitenkin oltava yhteiskunnallisesti kest\u00e4vi\u00e4\u201d, Honkonen sanoi.<\/p><\/blockquote>\n<p>Maahanmuutto ei kuitenkaan ole ainoa ratkaisu v\u00e4est\u00f6nkehityksen haasteisiin, Honkonen toteaa, vaan t\u00e4rke\u00e4\u00e4 on my\u00f6s syntyvyyden ja nuorten perheiden tukeminen. <img loading=\"lazy\" decoding=\"async\" class=\"alignnone size-full wp-image-144\" src=\"https:\/\/www.uutispeili.fi\/wp-content\/uploads\/2023\/11\/di.gold_.gif\" alt=\"\" width=\"11\" height=\"11\" \/><\/p>\n<p>Lue lis\u00e4\u00e4<\/p>\n<ul>\n<li><a href=\"https:\/\/pace.coe.int\/en\/pages\/session-202501\" target=\"_blank\" rel=\"noopener\">Euroopan neuvoston 2025 yleiskokouksen talvi-istunto<\/a>,<\/li>\n<\/ul>\n","protected":false},"excerpt":{"rendered":"<p>Euroopan neuvoston (EN) yleiskokous keskusteli keskiviikkona 29. tammikuuta maahanmuutosta keinona vastata Euroopan v\u00e4est\u00f6n ik\u00e4\u00e4ntymiseen. Keskustelun pohjana oli muuttoliikett\u00e4, pakolaisia ja kotiseudultaan siirtym\u00e4\u00e4n joutuneiden henkil\u00f6iden tilannetta k\u00e4sittelev\u00e4n valiokunnan raportti (pace.coe.int). Suomen valtuuskunnasta keskusteluun osallistuivat Mira Nieminen (ps.) ja Petri Honkonen (kesk.). Raportin mukaan v\u00e4est\u00f6n ik\u00e4\u00e4ntymisell\u00e4 sek\u00e4 nuoren ja ty\u00f6ik\u00e4isen v\u00e4est\u00f6n v\u00e4henemisell\u00e4 on perustavia vaikutuksia erityisesti terveydenhuolto- [&hellip;]<\/p>\n","protected":false},"author":3,"featured_media":4766,"comment_status":"open","ping_status":"open","sticky":false,"template":"","format":"standard","meta":{"footnotes":""},"categories":[137],"tags":[],"_links":{"self":[{"href":"https:\/\/www.uutispeili.fi\/index.php\/wp-json\/wp\/v2\/posts\/4765"}],"collection":[{"href":"https:\/\/www.uutispeili.fi\/index.php\/wp-json\/wp\/v2\/posts"}],"about":[{"href":"https:\/\/www.uutispeili.fi\/index.php\/wp-json\/wp\/v2\/types\/post"}],"author":[{"embeddable":true,"href":"https:\/\/www.uutispeili.fi\/index.php\/wp-json\/wp\/v2\/users\/3"}],"replies":[{"embeddable":true,"href":"https:\/\/www.uutispeili.fi\/index.php\/wp-json\/wp\/v2\/comments?post=4765"}],"version-history":[{"count":1,"href":"https:\/\/www.uutispeili.fi\/index.php\/wp-json\/wp\/v2\/posts\/4765\/revisions"}],"predecessor-version":[{"id":4767,"href":"https:\/\/www.uutispeili.fi\/index.php\/wp-json\/wp\/v2\/posts\/4765\/revisions\/4767"}],"wp:featuredmedia":[{"embeddable":true,"href":"https:\/\/www.uutispeili.fi\/index.php\/wp-json\/wp\/v2\/media\/4766"}],"wp:attachment":[{"href":"https:\/\/www.uutispeili.fi\/index.php\/wp-json\/wp\/v2\/media?parent=4765"}],"wp:term":[{"taxonomy":"category","embeddable":true,"href":"https:\/\/www.uutispeili.fi\/index.php\/wp-json\/wp\/v2\/categories?post=4765"},{"taxonomy":"post_tag","embeddable":true,"href":"https:\/\/www.uutispeili.fi\/index.php\/wp-json\/wp\/v2\/tags?post=4765"}],"curies":[{"name":"wp","href":"https:\/\/api.w.org\/{rel}","templated":true}]}}