{"id":4624,"date":"2025-01-21T18:24:32","date_gmt":"2025-01-21T18:24:32","guid":{"rendered":"https:\/\/www.uutispeili.fi\/?p=4624"},"modified":"2025-01-21T18:24:32","modified_gmt":"2025-01-21T18:24:32","slug":"supo-laahaa-jotain-perassaan","status":"publish","type":"post","link":"https:\/\/www.uutispeili.fi\/index.php\/2025\/01\/21\/supo-laahaa-jotain-perassaan\/","title":{"rendered":"Supo laahaa jotain per\u00e4ss\u00e4\u00e4n"},"content":{"rendered":"<p><strong>Suojelupoliisin (Supo) t\u00e4m\u00e4np\u00e4iv\u00e4isen tiedonannon mukaan Putinin varjolaivastoon kuuluvan tankkerin, <em>Eagle S<\/em>:n, ankkurinlaahaus, ja kaapelikatko, olivat vahinkoja. Siis tarkastelemme.<\/strong><\/p>\n<p>Merell\u00e4 sattuu ja tapahtuu, mutta 100km -luokan ankkurinlaahaus on tiuki harvinaista. Sellaista ei ole juurikaan sattunut, -ennen kuin aivan viime aikoina. Oli kulussa olevan laivan komentosillalla vahdissa aivan kuka tahansa, ankkurin irtoamista ei voi olla huomaamatta, -pelk\u00e4n metelin takia. Laahaava koukku meren pohjassa my\u00f6s vaikuttaa laivan kulkuun.<\/p>\n<p>Tankkeri -vanhakin- on sen luokan investointi, ett\u00e4 varustamot huolehtivat henkil\u00f6kunnan ammattitaidosta. -Ja mit\u00e4 tulee asioiden hoitoon kuivalla maalla, kukin valtio huolehtii ett\u00e4 turvallisuus- ja tiedustelupalveluissa vastuulliset henkil\u00f6t ovat osaamiseltaan teht\u00e4viens\u00e4 vaatimalla tasolla. -Niinh\u00e4n?<\/p>\n<p>Kerron er\u00e4\u00e4n kirjailijan, <strong>John<\/strong> <strong>Le-Carre<\/strong>n, tavasta hankkia &#8217;<em>perstuntumaa<\/em>&#8217; vakoilun maailmaan, josta aikoi kirjoittaa. Le Carre turvautui kokemusasiantuntijoihin, entisiin <em>H\u00e4nen Majesteettinsa Salaisen palvelun<\/em> miehiin, istui heid\u00e4n kanssaan pubeissa, ja kuunteli.<\/p>\n<p>Vakoilun veteraanit, jotka olivat olleet &#8221;<em>kylm\u00e4ss\u00e4<\/em>&#8217;&#8221; -so. Eurooppaa silloin jakaneen demarkaatiolinjan punaisella puolen, &#8217;<em>it\u00e4-blokissa<\/em>&#8217;- kertoivat. Toki, Le Carre tapasi vain heit\u00e4, jotka olivat tulleet takaisin, <em>-hengiss\u00e4<\/em>. Selviytyj\u00e4t kertoivat,\u00a0 mist\u00e4 tiet\u00e4\u00e4 ett\u00e4 &#8217;<em>maa alkaa polttaa<\/em>&#8217;: Sattui yll\u00e4tt\u00e4vi\u00e4 vastoink\u00e4ymisi\u00e4. Entiset agentit painottivat kirjailijalle:<\/p>\n<blockquote><p>&#8221;Ensimm\u00e4inen kerta on sattumaa, toinen kerta on huonoa onnea, mutta kolmas kerta on vihollisen toimintaa.&#8221;<\/p><\/blockquote>\n<p>Jos se kolmas kerta sattui, agentti ymm\u00e4rsi h\u00e4ipy\u00e4 l\u00e4nteen hyv\u00e4n s\u00e4\u00e4n aikana. Ne, ketk\u00e4 eiv\u00e4t ymm\u00e4rt\u00e4neet, heid\u00e4t on tuhkattu <strong>Moskova<\/strong>n <strong>Ljubljanka<\/strong>-aukion varrella (yh\u00e4) olevan entisen pankin konttorirakennuksen krematoriossa, ja siroteltu <strong>Moskva<\/strong>-jokeen. T\u00e4n\u00e4\u00e4n <strong>KGB<\/strong> toimii toisaalla -&#8217;<em>Varpusvuorilla<\/em>&#8217;, suomalaisen rakennusliikkeen pyk\u00e4\u00e4m\u00e4ss\u00e4 &#8221;upeassa liiketalossa&#8221;, ja on nimelt\u00e4\u00e4n <strong>FSB<\/strong>.<\/p>\n<p>Ehtik\u00f6 <strong>Seppo Tiitinen<\/strong> muuten vierailla &#8217;<em>ammatillisen vierailujen-vaihdon<\/em>&#8217; yhteydess\u00e4 siell\u00e4 vanhassa talossa? -Ei mutta nyt erehdyin pahasti: KGB:n v\u00e4kih\u00e4n vieraili itse <strong>Helsingiss\u00e4<\/strong> v.1980!<\/p>\n<blockquote><p>&#8221;Neuvostoliiton valtion turvallisuuskomitean (KGB) kollegion j\u00e4sen <strong>Juri Storozev<\/strong> vieraili kes\u00e4ll\u00e4 1980 Suomessa Supon p\u00e4\u00e4llik\u00f6n Seppo Tiitisen kutsumana.&#8221; (valokuvaliite sivun 160 j\u00e4lkeen, <strong>Viktor<\/strong> <strong>Vladimirov<\/strong>: &#8221;N\u00e4in se oli&#8221; kustannusosakeyhti\u00f6 Otava, Keuruu 1993.)<\/p><\/blockquote>\n<p><em>Ysht\u00e4v\u00e4<\/em>maiden protokollanmukaisen vierailuvaihdon merkeiss\u00e4 poseerataan Kansallisteatterin edustalla, Tiitinen kuvan keskell\u00e4 ja Vladimirov joukon sivussa. Sitten pilvet peittiv\u00e4t auringon, ja &#8217;<strong>Berliinin muurikin<\/strong>&#8217; mureni.<\/p>\n<p>Sitten tuli suuri h\u00e4t\u00e4, kun entiset er\u00e4\u00e4n <strong><em>saksalaisen diktatuurivaltion<\/em><\/strong> agentit alkoivat paljastella tekemisii\u00e4n, -my\u00f6s Suomessa. <strong>Gestapo<\/strong> oli lakkautettu jo v.1936, kun vallanhimoisen <strong>H.Himmler<\/strong>in Reichs Haupt Amt f\u00fcr Staats Sicherheit (RHSA) oli ominut sen teht\u00e4v\u00e4t. -My\u00f6hemmin <strong>Stasi<\/strong> peri n\u00e4m\u00e4 samat duunit, -ollen siis &#8217;<strong><em>puna-gestapo<\/em><\/strong>&#8217;.<\/p>\n<blockquote><p>Meill\u00e4 oli vuoteen 1989 Suomessa &#8217;it\u00e4-gestapon&#8217; agentteja ja kontakteja hyvinkin korkeilla paikoilla.<\/p><\/blockquote>\n<p>Tulihan siit\u00e4 tietty ongelma, kun entiset it\u00e4-gestapomiehet alkoivat l\u00f6rp\u00f6tell\u00e4, ja Stasin arkistotkin j\u00e4iv\u00e4t oikeasti demokraattisen Saksan -Liittotasavallan- tutkijoiden nuuskittaviksi: &#8221;<em>Taas l\u00f6ytyi Suomi-nimi! -Kuka<\/em> <em>t\u00e4\u00e4 Juntunen on?&#8230;<\/em>&#8221;<\/p>\n<blockquote><p>&#8217;Mit\u00e4 kuuluu, &#8221;Marja-Leena&#8221;, -viel\u00e4k\u00f6 sun ihanteena, on Honecker ja Breznevin-Lennu??&#8217;<\/p><\/blockquote>\n<h3>Mutta ei huolta: Stasi-listat piiloon, -valtakunnassa kaikki hyvin!<\/h3>\n<p>Edell\u00e4 jo kerroin, ett\u00e4 on eritt\u00e4in <em>ep\u00e4todenn\u00e4k\u00f6ist\u00e4<\/em>, ett\u00e4 ammattimaisessa merenkulussa oleva laiva <em>laahaa<\/em> ankkuria per\u00e4ss\u00e4\u00e4n 100-200km. -Mit\u00e4 sanontaa k\u00e4yt\u00e4mme, jos t\u00e4m\u00e4 toistuu Suomenlahdella jotain viikon v\u00e4lein, niin monta kertaa, ettei jaksa laskea? -Onko sanonta: &#8217;<em>Mahdotonta<\/em>&#8217;.<\/p>\n<h3>Niin mit\u00e4 Supo <em>laahaa<\/em> per\u00e4ss\u00e4\u00e4n? Onko se Seppo Tiitisen kassakaappi?<\/h3>\n<p>Voisiko joku tehd\u00e4 jotain luottamuksen palauttamiseksi Suomen turvallisuusvirastoihin? -Hallitus??\u00a0<img loading=\"lazy\" decoding=\"async\" class=\"alignnone size-full wp-image-144\" src=\"https:\/\/www.uutispeili.fi\/wp-content\/uploads\/2023\/11\/di.gold_.gif\" alt=\"\" width=\"11\" height=\"11\" \/><\/p>\n<p>Luettavaa:<\/p>\n<ul>\n<li><a href=\"https:\/\/www.iltalehti.fi\/kotimaa\/a\/0513a8a0-1817-4a26-aa43-b5162934bf55\" target=\"_blank\" rel=\"noopener\"><strong>Iltalehti<\/strong><\/a> 21.01. 2025: <a href=\"https:\/\/www.iltalehti.fi\/kotimaa\/a\/0513a8a0-1817-4a26-aa43-b5162934bf55\" target=\"_blank\" rel=\"noopener\">HS: Yll\u00e4tysk\u00e4\u00e4nne Eagle S -tutkinnassa \u2013 <strong>Supo<\/strong> pit\u00e4\u00e4 onnettomuutena<\/a>;<br \/>\nHS:n mukaan esitutkinta joudutaan todenn\u00e4k\u00f6isesti keskeytt\u00e4m\u00e4\u00e4n syytt\u00e4j\u00e4n p\u00e4\u00e4t\u00f6ksell\u00e4 mik\u00e4li n\u00e4ytt\u00f6\u00e4 tahallisuudesta ei l\u00f6ydy,<\/li>\n<\/ul>\n<blockquote class=\"wp-embedded-content\" data-secret=\"6coDSoH7mm\"><p><a href=\"https:\/\/www.uutispeili.fi\/index.php\/2025\/01\/01\/kansanedustaja-sanna-antikainen-suomalaisia-viranomaisia-kiitetaan-ulkomaita-myoten-noyristelyn-ajat-ovat-todellakin-takanapain\/\">Kansanedustaja Sanna Antikainen: Suomalaisia viranomaisia kiitet\u00e4\u00e4n ulkomaita my\u00f6ten &#8211; n\u00f6yristelyn ajat ovat todellakin takanap\u00e4in<\/a><\/p><\/blockquote>\n<p><iframe class=\"wp-embedded-content\" sandbox=\"allow-scripts\" security=\"restricted\" style=\"position: absolute; clip: rect(1px, 1px, 1px, 1px);\" title=\"&#8221;Kansanedustaja Sanna Antikainen: Suomalaisia viranomaisia kiitet\u00e4\u00e4n ulkomaita my\u00f6ten &#8211; n\u00f6yristelyn ajat ovat todellakin takanap\u00e4in&#8221; &#8212; \" src=\"https:\/\/www.uutispeili.fi\/index.php\/2025\/01\/01\/kansanedustaja-sanna-antikainen-suomalaisia-viranomaisia-kiitetaan-ulkomaita-myoten-noyristelyn-ajat-ovat-todellakin-takanapain\/embed\/#?secret=zHk7MKVSFJ#?secret=6coDSoH7mm\" data-secret=\"6coDSoH7mm\" width=\"600\" height=\"338\" frameborder=\"0\" marginwidth=\"0\" marginheight=\"0\" scrolling=\"no\"><\/iframe><\/p>\n<blockquote class=\"wp-embedded-content\" data-secret=\"Eqs70NScIF\"><p><a href=\"https:\/\/www.uutispeili.fi\/index.php\/2024\/12\/26\/tuurilla-se-varjolaivastokin-seilaa-ellei-kaskysta\/\">Tuurilla se varjolaivastokin seilaa! -Ellei k\u00e4skyst\u00e4?<\/a><\/p><\/blockquote>\n<p><iframe class=\"wp-embedded-content\" sandbox=\"allow-scripts\" security=\"restricted\" style=\"position: absolute; clip: rect(1px, 1px, 1px, 1px);\" title=\"&#8221;Tuurilla se varjolaivastokin seilaa! -Ellei k\u00e4skyst\u00e4?&#8221; &#8212; \" src=\"https:\/\/www.uutispeili.fi\/index.php\/2024\/12\/26\/tuurilla-se-varjolaivastokin-seilaa-ellei-kaskysta\/embed\/#?secret=xeGeWO72ue#?secret=Eqs70NScIF\" data-secret=\"Eqs70NScIF\" width=\"600\" height=\"338\" frameborder=\"0\" marginwidth=\"0\" marginheight=\"0\" scrolling=\"no\"><\/iframe><\/p>\n<blockquote class=\"wp-embedded-content\" data-secret=\"ht9u8RN4al\"><p><a href=\"https:\/\/www.uutispeili.fi\/index.php\/2024\/08\/23\/uhkaako-poliisin-resurssipula-jo-kansallista-turvallisuutta\/\">Uhkaako poliisin resurssipula jo kansallista turvallisuutta<\/a><\/p><\/blockquote>\n<p><iframe class=\"wp-embedded-content\" sandbox=\"allow-scripts\" security=\"restricted\" style=\"position: absolute; clip: rect(1px, 1px, 1px, 1px);\" title=\"&#8221;Uhkaako poliisin resurssipula jo kansallista turvallisuutta&#8221; &#8212; \" src=\"https:\/\/www.uutispeili.fi\/index.php\/2024\/08\/23\/uhkaako-poliisin-resurssipula-jo-kansallista-turvallisuutta\/embed\/#?secret=p48PDhvXNA#?secret=ht9u8RN4al\" data-secret=\"ht9u8RN4al\" width=\"600\" height=\"338\" frameborder=\"0\" marginwidth=\"0\" marginheight=\"0\" scrolling=\"no\"><\/iframe><\/p>\n<blockquote class=\"wp-embedded-content\" data-secret=\"ooIA43Ms86\"><p><a href=\"https:\/\/www.uutispeili.fi\/index.php\/2024\/05\/08\/pelttari-paasi-pinteesta\/\">Pelttari p\u00e4\u00e4si pinteest\u00e4<\/a><\/p><\/blockquote>\n<p><iframe class=\"wp-embedded-content\" sandbox=\"allow-scripts\" security=\"restricted\" style=\"position: absolute; clip: rect(1px, 1px, 1px, 1px);\" title=\"&#8221;Pelttari p\u00e4\u00e4si pinteest\u00e4&#8221; &#8212; \" src=\"https:\/\/www.uutispeili.fi\/index.php\/2024\/05\/08\/pelttari-paasi-pinteesta\/embed\/#?secret=tWak6Lts50#?secret=ooIA43Ms86\" data-secret=\"ooIA43Ms86\" width=\"600\" height=\"338\" frameborder=\"0\" marginwidth=\"0\" marginheight=\"0\" scrolling=\"no\"><\/iframe><\/p>\n<p>Aihetta sivuten muissa julkaisuissa:<\/p>\n<blockquote class=\"wp-embedded-content\" data-secret=\"T8SyAIw8XC\"><p><a href=\"https:\/\/uutisiahauskastijakiinnostavasti.wordpress.com\/2023\/08\/20\/tiitiaisen-satu-tunti-elikka-listat-ovat-jo-julki-mita-viela-odotetaan\/\">Tiiti\u00e4isen satu-tunti, elikk\u00e4 &#8221;listat&#8221; ovat jo julki: Mit\u00e4 viel\u00e4&nbsp;odotetaan?<\/a><\/p><\/blockquote>\n<p><iframe class=\"wp-embedded-content\" sandbox=\"allow-scripts\" security=\"restricted\" style=\"position: absolute; clip: rect(1px, 1px, 1px, 1px);\" title=\"&#8221;Tiiti\u00e4isen satu-tunti, elikk\u00e4 &#8221;listat&#8221; ovat jo julki: Mit\u00e4 viel\u00e4&nbsp;odotetaan?&#8221; &#8212; Uutisia Hauskasti ja Kiinnostavasti\" src=\"https:\/\/uutisiahauskastijakiinnostavasti.wordpress.com\/2023\/08\/20\/tiitiaisen-satu-tunti-elikka-listat-ovat-jo-julki-mita-viela-odotetaan\/embed\/#?secret=J1B4eywMMO#?secret=T8SyAIw8XC\" data-secret=\"T8SyAIw8XC\" width=\"600\" height=\"338\" frameborder=\"0\" marginwidth=\"0\" marginheight=\"0\" scrolling=\"no\"><\/iframe><\/p>\n<blockquote class=\"wp-embedded-content\" data-secret=\"rQXkGqTqV1\"><p><a href=\"https:\/\/uutisiahauskastijakiinnostavasti.wordpress.com\/2023\/01\/15\/myyraaminen-ulottui-nato-eu-turvallisuusyhteistyohon\/\">Myyr\u00e4\u00e4minen ulottui NATO-EU -turvallisuusyhteisty\u00f6h\u00f6n<\/a><\/p><\/blockquote>\n<p><iframe class=\"wp-embedded-content\" sandbox=\"allow-scripts\" security=\"restricted\" style=\"position: absolute; clip: rect(1px, 1px, 1px, 1px);\" title=\"&#8221;Myyr\u00e4\u00e4minen ulottui NATO-EU -turvallisuusyhteisty\u00f6h\u00f6n&#8221; &#8212; Uutisia Hauskasti ja Kiinnostavasti\" src=\"https:\/\/uutisiahauskastijakiinnostavasti.wordpress.com\/2023\/01\/15\/myyraaminen-ulottui-nato-eu-turvallisuusyhteistyohon\/embed\/#?secret=ZtQjV5h8OZ#?secret=rQXkGqTqV1\" data-secret=\"rQXkGqTqV1\" width=\"600\" height=\"338\" frameborder=\"0\" marginwidth=\"0\" marginheight=\"0\" scrolling=\"no\"><\/iframe><\/p>\n","protected":false},"excerpt":{"rendered":"<p>Suojelupoliisin (Supo) t\u00e4m\u00e4np\u00e4iv\u00e4isen tiedonannon mukaan Putinin varjolaivastoon kuuluvan tankkerin, Eagle S:n, ankkurinlaahaus, ja kaapelikatko, olivat vahinkoja. Siis tarkastelemme. Merell\u00e4 sattuu ja tapahtuu, mutta 100km -luokan ankkurinlaahaus on tiuki harvinaista. Sellaista ei ole juurikaan sattunut, -ennen kuin aivan viime aikoina. Oli kulussa olevan laivan komentosillalla vahdissa aivan kuka tahansa, ankkurin irtoamista ei voi olla huomaamatta, -pelk\u00e4n [&hellip;]<\/p>\n","protected":false},"author":3,"featured_media":4625,"comment_status":"open","ping_status":"open","sticky":false,"template":"","format":"standard","meta":{"footnotes":""},"categories":[6,61,32,86,29],"tags":[],"_links":{"self":[{"href":"https:\/\/www.uutispeili.fi\/index.php\/wp-json\/wp\/v2\/posts\/4624"}],"collection":[{"href":"https:\/\/www.uutispeili.fi\/index.php\/wp-json\/wp\/v2\/posts"}],"about":[{"href":"https:\/\/www.uutispeili.fi\/index.php\/wp-json\/wp\/v2\/types\/post"}],"author":[{"embeddable":true,"href":"https:\/\/www.uutispeili.fi\/index.php\/wp-json\/wp\/v2\/users\/3"}],"replies":[{"embeddable":true,"href":"https:\/\/www.uutispeili.fi\/index.php\/wp-json\/wp\/v2\/comments?post=4624"}],"version-history":[{"count":2,"href":"https:\/\/www.uutispeili.fi\/index.php\/wp-json\/wp\/v2\/posts\/4624\/revisions"}],"predecessor-version":[{"id":4628,"href":"https:\/\/www.uutispeili.fi\/index.php\/wp-json\/wp\/v2\/posts\/4624\/revisions\/4628"}],"wp:featuredmedia":[{"embeddable":true,"href":"https:\/\/www.uutispeili.fi\/index.php\/wp-json\/wp\/v2\/media\/4625"}],"wp:attachment":[{"href":"https:\/\/www.uutispeili.fi\/index.php\/wp-json\/wp\/v2\/media?parent=4624"}],"wp:term":[{"taxonomy":"category","embeddable":true,"href":"https:\/\/www.uutispeili.fi\/index.php\/wp-json\/wp\/v2\/categories?post=4624"},{"taxonomy":"post_tag","embeddable":true,"href":"https:\/\/www.uutispeili.fi\/index.php\/wp-json\/wp\/v2\/tags?post=4624"}],"curies":[{"name":"wp","href":"https:\/\/api.w.org\/{rel}","templated":true}]}}