{"id":4608,"date":"2025-01-20T18:39:14","date_gmt":"2025-01-20T18:39:14","guid":{"rendered":"https:\/\/www.uutispeili.fi\/?p=4608"},"modified":"2025-01-20T18:41:46","modified_gmt":"2025-01-20T18:41:46","slug":"hamas-voitti-sodan-omasta-mielestaan-mutta-oli-jonkun-muun-proxy","status":"publish","type":"post","link":"https:\/\/www.uutispeili.fi\/index.php\/2025\/01\/20\/hamas-voitti-sodan-omasta-mielestaan-mutta-oli-jonkun-muun-proxy\/","title":{"rendered":"Hamas voitti sodan, -omasta mielest\u00e4\u00e4n- mutta oli jonkun muun proxy"},"content":{"rendered":"<p><strong>Maailman parhaana pidetyn sotateoreetikon, Carl von Clausewitzin, mukaan sodan voittaminen on sama asia, kuin &#8217;<em>vihollisen pakottaminen muuttamaan suunnitelmiaan<\/em>&#8217;. Se tarkoittaa, ett\u00e4 vastapuoli luopuu (joistakin) tavoitteistaan. H\u00e4nen edelt\u00e4j\u00e4ns\u00e4, kiinalainen Sun Tsu on samoilla linjoilla. Tarkastelemme asiaa.<\/strong><\/p>\n<p>(Kuvaan on k\u00e4ytetty mm. <a href=\"https:\/\/x.com\/Acts17David\/status\/1880111859300548850\/\" target=\"_blank\" rel=\"noopener\">Dr. David Wood<\/a>in aineistoa.)<\/p>\n<p><strong>Gaza<\/strong>ssa saatiin eilen voimaan aselepo, jonka toivotaan johtavan toukokuussa (31.05. 2024) esitetyn kolmivaiheisen rauhansuunnitelman mukaiseen prosessiin, joka p\u00e4\u00e4ttyy <strong>Gazan kaistan<\/strong> j\u00e4lleenrakentamiseen, uuden hallinnon alla. -Ilman kuvaakin tied\u00e4tte, ett\u00e4 j\u00e4lleenrakentaminen tulee kest\u00e4m\u00e4\u00e4n pitk\u00e4\u00e4n.<\/p>\n<p><strong>Israel<\/strong>in kaupungeissa v\u00e4ki oli kaduilla iloitsemassa panttivankien paluusta, ja my\u00f6s Gazassa riemuittiin. Terroristij\u00e4rjest\u00f6 <strong>Hamas<\/strong>in kannattajat olivat liikkeell\u00e4 suurin joukoin, -juhlimassa <strong><em>voittoa<\/em><\/strong>. -Eiv\u00e4tk\u00f6 he katsoneet ymp\u00e4rilleen: Ei yht\u00e4\u00e4n ehj\u00e4\u00e4 rakennusta, miss\u00e4 vaan oli vapaata maa-alaa, siell\u00e4 tuoreita hautoja. Yleens\u00e4 &#8217;voitto&#8217; ei n\u00e4yt\u00e4 t\u00e4lt\u00e4.<\/p>\n<blockquote><p>Toki, gazalaisten riemu l\u00e4hti siit\u00e4, ett\u00e4 he ovat elossa. -Puheet heijastavat Gazaa hallitsevien terroristien mielialaa, -ja niiss\u00e4 oloissa on hyv\u00e4 olla aina samaa mielt\u00e4.<\/p><\/blockquote>\n<p>-Mutta puhe &#8221;<em>voitosta<\/em>&#8221; kaiken tuhon keskell\u00e4 ei ole t\u00e4ysin vailla pohjaa:<\/p>\n<p>Mik\u00e4 oli Hamasin ja sen liittolaisen, Palestiinan islamilaisen jihaadin, sdan p\u00e4\u00e4m\u00e4\u00e4r\u00e4 7. lokakuuta 2023?<\/p>\n<p>Ainahan sodalla on p\u00e4\u00e4m\u00e4\u00e4r\u00e4, -sit\u00e4 korosti my\u00f6s v.Clausewitz: &#8221;<em>Sota on politiikan jatkoa, toisin keinoin<\/em>.&#8221; Lause sis\u00e4lt\u00e4\u00e4 sen tiedon, ett\u00e4 sotaan ryhdyt\u00e4\u00e4n, kun kenraalit saavat hallitukselta tiedon, ettei valtion tavoitetta voida saavuttaa diplomatialla, taloudellisen toimin, tai mill\u00e4\u00e4n muullakaan tavalla, vaan j\u00e4ljell\u00e4 on ainoastaan sota. Mik\u00e4 siis saattoi olla Gazaa is\u00e4nn\u00f6iv\u00e4n Hamasin tavoite, jota ei -ennen 07.10. 2023- voitu muulla tavoin saavuttaa?<\/p>\n<h2>Mit\u00e4\u00e4n akuuttia kriisi\u00e4 ei ollut Israelin ja Gazan v\u00e4lill\u00e4<\/h2>\n<p>Israel tuli lokakuussa -23 yll\u00e4tetyksi, koska mit\u00e4\u00e4n akuuttia kriisi\u00e4 ei ollut sen ja Gazan hallinnon v\u00e4lill\u00e4. Israel oli miehitt\u00e4nyt Gazan joskus aiemmin, er\u00e4\u00e4n <strong>Egypti<\/strong>n kanssa k\u00e4ym\u00e4ns\u00e4 sodan tuloksena, mutta vet\u00e4nyt sielt\u00e4 kaikki &#8221;<em>miehitysjoukkonsa<\/em>&#8221; <strong>v.2006<\/strong>, silloin tehdyn sopimuksen mukaisesti. Gazaa hallinnoivat palestiinalaiset, ja yhteisty\u00f6 Israelin viranomaisten kanssa oli paranemassa p\u00e4iv\u00e4 p\u00e4iv\u00e4lt\u00e4: Juuri oli p\u00e4\u00e4ttym\u00e4ss\u00e4 -my\u00f6nteisesti- keskustelut gazalaisten ty\u00f6lupien lis\u00e4\u00e4misest\u00e4 Israelin puolella ty\u00f6skentelyyn, ja rajanylityksen helpottamisesta.<\/p>\n<p>T\u00e4m\u00e4n kaiken katkaisi aamulla 7. lokakuuta yll\u00e4tt\u00e4v\u00e4 hy\u00f6kk\u00e4ys Gazasta <strong>Negev<\/strong>in alueelle Israeliin. Hy\u00f6kk\u00e4\u00e4jien edelt\u00e4 rikottiin raja-aitaa puskutraktoreilla, ja verenhimoisiksi yllytetyt laumat juoksivat kijuen tappamaan ihmisi\u00e4 kodeissaan kibbutzeissa ja er\u00e4\u00e4ll\u00e4 musiikkifestivaalilla. <strong>Pogromi<\/strong> on se sana, jota lukija ehk\u00e4 etsi.<\/p>\n<blockquote><p>Ei ole mahdollista, ett\u00e4 ven\u00e4l\u00e4isill\u00e4 rynn\u00e4kk\u00f6kiv\u00e4\u00e4reill\u00e4 aseistetut huligaanit olisivat voineet voittaa sotilaallisesti Israelin armeijan -edes v\u00e4liaikaisesti- tai pysty\u00e4 pit\u00e4m\u00e4\u00e4n hallussaan mit\u00e4\u00e4n alueita. Heill\u00e4 t\u00e4ytyi olla joku muu tavoite.<\/p><\/blockquote>\n<p>Toki, lupa ry\u00f6st\u00e4\u00e4 toisten omaisuutta ja tehd\u00e4 l\u00f6ydetyille naisille ja tyt\u00f6ille &#8221;<em>ihan mit\u00e4 vaan<\/em>&#8221; on aina innostanut frustratoituneita nuorukaisia, -ja sit\u00e4h\u00e4n etel\u00e4isess\u00e4 Israelissa tuolloin n\u00e4htiinkin. -Mutta mit\u00e4 oli ajatellut Hamasin sotilaallinen johto? Heh\u00e4n eiv\u00e4t olleet siell\u00e4 <em><strong>Supernova<\/strong>ssa<\/em> eiv\u00e4tk\u00e4 kibbutzeilla, vaan jossain tunnelissa Gazassa.<\/p>\n<p>Terroristien johtoporras aivan varmasti tiesi, ett\u00e4 <strong>Israelin puolustusvoimat<\/strong>, IDF, vastaa heid\u00e4n hy\u00f6kk\u00e4ykseens\u00e4. -Niinh\u00e4n IDF tekikin, mutta yll\u00e4tettyn\u00e4 viiveell\u00e4. Kun israelilaisilta ei kuultu mit\u00e4\u00e4n vastareaktiota, Hamas ampui tuhansia raketteja Israelin alueelle: &#8221;<em>Miss\u00e4 te viivytte? -Eik\u00f6 kutsuamme ole kuultu?<\/em>&#8221;<\/p>\n<h2>IDF:n maahy\u00f6kk\u00e4ys Gazaan oli Hamasin toiveiden t\u00e4yttymys<\/h2>\n<p>Israelin vastatoimet olivatkin ilmeisesti osa terroristien -tai heid\u00e4n tausavoimiensa?- suunnitelmaa: Houkutellaan vastapuoli meid\u00e4n valmistelemallemme maaper\u00e4lle, jossa se ei voi hy\u00f6dynt\u00e4\u00e4 vahvuuksiaan. Oli Hamasissa ajateltu n\u00e4in, tai ei, IDF:n nykyaikaiset panssareita ja ilmatukea k\u00e4ytt\u00e4v\u00e4t joukot ovat parhaimmillaan tavanomaisessa sodassa: yht\u00e4 teknistynytt\u00e4 vastustajaa vastassa.<\/p>\n<p>Pusikkosodissa teknistynyt armeija voi olla jopa heikompi, kuin sandaaleissaan pitkin vuorenrinteit\u00e4 pinkovat r\u00e4ttip\u00e4iset vastustajansa. Asutuskeskustaisteluissa tulivoimasta ei hy\u00f6dyt\u00e4 samaan tapaan kuin &#8217;oikeassa sodassa&#8217;. -Ja Gazaan oli vuosikymmenien uurastuksella rakennettu tunneliverkosto, joka antoi terroristeille liikkuvuus-edun, ja aseistus oli k\u00e4tketty mm. sairaaloiden alle.<\/p>\n<h3>Maasota Gazassa oli ansa, johon Netanyahu pisti p\u00e4\u00e4ns\u00e4 ymm\u00e4rt\u00e4m\u00e4tt\u00e4 mit\u00e4 teki<\/h3>\n<p>Mutta miksi Gazan rakennetut alueet, kerrostalokorttelit ja infa, uhrattiin tietoisesti houkuttelemalla IDF rynnim\u00e4\u00e4n sinne tykist\u00f6ineen ja h\u00e4vitt\u00e4j\u00e4pommittajineen?<\/p>\n<p>Hamasin johdon on t\u00e4ytynyt tiet\u00e4\u00e4, ett\u00e4 &#8217;<em>turpiin tulee<\/em>&#8217;, ja ett\u00e4 Gaza on taistelujen j\u00e4ljilt\u00e4 soral\u00e4j\u00e4n\u00e4. -Vaan jos Gazan sota olikin suunniteltu vain preludiksi jollekin isommalle? Nyt on kysytt\u00e4v\u00e4, mit\u00e4 Hamasin johtajille luvattiin <strong>Moskova<\/strong>ssa?<\/p>\n<p>(Jatkuu upotuksen j\u00e4lkeen.)<\/p>\n<p><a href=\"https:\/\/uutisiahauskastijakiinnostavasti.wordpress.com\/2023\/10\/07\/venaja-nayttaa-innostaneen-hamasia-hyokkaamaan-israeliin\/\"><img loading=\"lazy\" decoding=\"async\" class=\"aligncenter wp-image-2798 size-full\" src=\"https:\/\/www.uutispeili.fi\/wp-content\/uploads\/2024\/08\/hamas-moskova-tw00000.png\" alt=\"\" width=\"606\" height=\"680\" srcset=\"https:\/\/www.uutispeili.fi\/wp-content\/uploads\/2024\/08\/hamas-moskova-tw00000.png 606w, https:\/\/www.uutispeili.fi\/wp-content\/uploads\/2024\/08\/hamas-moskova-tw00000-267x300.png 267w\" sizes=\"(max-width: 606px) 100vw, 606px\" \/><\/a><\/p>\n<blockquote><p>Korkean tason Hamas-valtuuskunta matkusti Moskovaan kahdesti viime vuonna (2022) tapaamaan Ven\u00e4j\u00e4n ulkoministeri\u00a0<strong>Sergei Lavrov<\/strong>ia. He lupasivat Ven\u00e4j\u00e4lle, ett\u00e4 he \u201dty\u00f6skenteliv\u00e4t l\u00e4nnen heikent\u00e4miseksi\u201d.<\/p><\/blockquote>\n<p>P\u00f6yd\u00e4n oikealla puolen n\u00e4kyy olevan, <strong>Sergei Lavrov<\/strong>ia vastap\u00e4\u00e4t\u00e4, <strong>Ismail Haniyeh<\/strong>, ja p\u00e4iv\u00e4m\u00e4\u00e4r\u00e4 0n 12.09. 2022. Mielenkiintoista, eik\u00f6 olekin?<\/p>\n<ul>\n<li><a href=\"https:\/\/uutisiahauskastijakiinnostavasti.wordpress.com\/2023\/10\/07\/venaja-nayttaa-innostaneen-hamasia-hyokkaamaan-israeliin\/\" target=\"_blank\" rel=\"noopener\">https:\/\/uutisiahauskastijakiinnostavasti.wordpress.com\/2023\/10\/07\/venaja-nayttaa-innostaneen-hamasia-hyokkaamaan-israeliin\/<\/a><\/li>\n<\/ul>\n<blockquote><p>A high-level Hamas delegation travelled to Moscow twice last year to meet with Russian Foreign Affairs Minister Sergei Lavrov. They promised Russia that they would \u201dwork to weaken the West\u201d.<\/p><\/blockquote>\n<ul>\n<li><a href=\"https:\/\/x.com\/visegrad24\/status\/1710579740287918548?s=20\" target=\"_blank\" rel=\"noopener\">https:\/\/x.com\/visegrad24\/status\/1710579740287918548?s=20<\/a><\/li>\n<\/ul>\n<h2>-Jaa ett\u00e4 &#8221;<em>yhteisi\u00e4 toimia l\u00e4nnen heikent\u00e4miseksi<\/em>&#8221;<\/h2>\n<p>T\u00e4h\u00e4nk\u00f6 Hamasin 07.10-23 -kampanja liittyykin? Hamasin ja islamistisen ihaadin paljasjalka-soturit, jotka l\u00e4hetettiin huumeilla ja allahilla ter\u00e4stettyin\u00e4 aidan raosta Israeliin, olivat jo l\u00e4htiess\u00e4\u00e4n &#8217;<em>pyyhitty pois<\/em> <em>rullasta<\/em>&#8217; l. poistettu vahvuudesta: Heit\u00e4 ei odotettu takaisin, -mik\u00e4 olikin oikea arvaus: Kiinnisaatuja ei kuulemma s\u00e4\u00e4litty.<\/p>\n<p>Mutta mik\u00e4 kohtalo oli aiottu <strong>Gaza City<\/strong>n, <strong>Ramallah<\/strong>in ja muiden kaupunkien kerrostaloille, gazalaisten kodeille ja heid\u00e4n liikeyrityksilleen, joissa jo kolmas sukupolvi oli tekem\u00e4ss\u00e4 ty\u00f6t\u00e4 vaurastuakseen? -Ik\u00e4v\u00e4 sanoa, mutta samaa &#8217;<em>sodan romua<\/em>&#8217; kaikki tyynni. Gazalaiset ja heid\u00e4n el\u00e4m\u00e4nty\u00f6ns\u00e4 uhrattiin suuremmale p\u00e4\u00e4m\u00e4\u00e4r\u00e4lle. Meid\u00e4n on syyt\u00e4 olettaa, ett\u00e4 t\u00e4m\u00e4 p\u00e4\u00e4m\u00e4\u00e4r\u00e4 ei l\u00f6ydy <em>koraanista<\/em>, vaan syyskuun 2022 Mskovan p\u00f6yt\u00e4kirjoista.<\/p>\n<blockquote><p>Hamasin jihadistien itsemurharynn\u00e4k\u00f6st\u00e4 -ja kotikaupunkien uhraamisesta- ei l\u00f6ydy etsim\u00e4ll\u00e4k\u00e4\u00e4n mit\u00e4\u00e4n muuta sotilaallisesti relevanttia logiikkaa, kuin ett\u00e4 t\u00e4m\u00e4 tuhoon tuomittu hy\u00f6kk\u00e4ys oli preludi jollekin? -Moskovassa sovitulle?<\/p><\/blockquote>\n<h3>-Ja Hamasin sotilaallinen tavoite 07.10.-23 oli? Mik\u00e4?<\/h3>\n<p>K\u00e4yt\u00e4mme analyyttist\u00e4 ty\u00f6kalua: Hamasin yll\u00e4tyshy\u00f6kk\u00e4ys Gazasta Israeliin oli ensimm\u00e4inen askel (v\u00e4hint\u00e4\u00e4n) koko L\u00e4hi-It\u00e4\u00e4n ulottuvalle sodalle.<\/p>\n<ul>\n<li>Hamas aloitti 07.10.-23,<\/li>\n<li>sai huijattua\/pakotettua Israelin mukaan,<\/li>\n<li><strong>Jemen<\/strong>in <em>huthit<\/em> ja <strong>Libanon<\/strong>in <em>Hezbollah<\/em> oli sovittu mukaan (Moskovassa?).<\/li>\n<li>Israel piti yllytt\u00e4\u00e4 my\u00f6s <strong>Iran<\/strong>ia vastaan, ampumaan sinne raketteja,<\/li>\n<li><strong>Turkki<\/strong> oli jo puhunut aikataulun valmiiksi <strong>Syyria<\/strong>n islamistien, <strong>Ha&#8217;yat Tahrir al-Sham<\/strong>in (HTS) kanssa,<\/li>\n<li>Kun <strong>Yhdysvalloissa<\/strong> vaihtuu presidentti, koko <strong>L\u00e4hi-It\u00e4<\/strong> on valmiiksi liekeiss\u00e4&#8230;.<\/li>\n<li>Sitten jotain muuttui.<\/li>\n<\/ul>\n<p>Clausewitzin m\u00e4\u00e4ritelm\u00e4 sodan voitosta perustuu h\u00e4nen kokemuksiinsa Napoleonin-sodista, joissa vallanhimoiset mutta rationaalisesti toimivat valtioiden johtajat hoitelivat etujaan. H\u00e4nen aksioomansa eiv\u00e4t ehk\u00e4 toimi sellaisissa tilanteissa, joissa konfliktin aiheuttajan motiivit ovat henkimaailmasta, -tai liittyv\u00e4t suurempaan kokonaisuuteen, joka ei viel\u00e4 ole n\u00e4kyviss\u00e4.<\/p>\n<p>Esit\u00e4n arvioni:<\/p>\n<blockquote><p>Hamasin ja jihaadin operaatio lokakuussa 2023 on ymm\u00e4rrett\u00e4viss\u00e4 vain liittyen johonkin laajempaan sotaan, jonka piti alkaa pian Hamasin hy\u00f6kk\u00e4yksen j\u00e4lkeen. Hamasille oli luvattu jotain -ainakaan Ismail Haniyeh ei tule kertomaan mit\u00e4- mutta t\u00e4m\u00e4 &#8217;iso kuva&#8217; j\u00e4i tapahtumatta.<\/p>\n<p>Ainakin Iran olisi vedetty mukaan -esm. IDF:n ilma-iskulla- ja hutheilla olisi ollut nyt n\u00e4hty\u00e4 suurempi rooli: Ven\u00e4j\u00e4n propangandistit ja huthit itsekin ovat toistuvasti uhonneet &#8217;<strong>hypersoonisilla<\/strong>&#8217; ohjuksilla, joita hutheilla kuulemma pit\u00e4isi olla. -T\u00e4m\u00e4n t\u00e4ytyy olla vihje iskusta Yhdysvaltain <strong>lentotukialusta<\/strong> vastaan Arabianmerell\u00e4. <strong>Maailmansota<\/strong>-sana esiintyy propagandisteilla.<\/p><\/blockquote>\n<p>Ettei t\u00e4m\u00e4 saatanallinen suunnitelma ihan mennyt putkeen, siit\u00e4 voimme kiitt\u00e4\u00e4 iranilaisia naisia ja tytt\u00f6j\u00e4: Iranin \u00e4\u00e4riuskonnollisen pappisvallan &#8217;kruununjalokivi&#8217; ns. moraalipoliisi tahri pahasti kilpens\u00e4, kun nuoret naiset eiv\u00e4t suostuneetkaan peloteltaviksi, laittamaan pussi p\u00e4\u00e4h\u00e4ns\u00e4. \u00c4\u00e4riuskonnolliset joutuivat k\u00e4ytt\u00e4m\u00e4\u00e4n v\u00e4kivaltaa, ja usea tytt\u00f6 menetti siin\u00e4 henkens\u00e4.<\/p>\n<p>(Jatkuu linkin j\u00e4lkeen.)<\/p>\n<blockquote class=\"wp-embedded-content\" data-secret=\"1TpotUz9Zt\"><p><a href=\"https:\/\/www.uutispeili.fi\/index.php\/2024\/06\/28\/persiassa-iranissa-tapetaan-lapsia-missa-mielenosoittajat-tanaan\/\">Persiassa (Iranissa) tapetaan lapsia! -Miss\u00e4 mielenosoittajat t\u00e4n\u00e4\u00e4n?<\/a><\/p><\/blockquote>\n<p><iframe class=\"wp-embedded-content\" sandbox=\"allow-scripts\" security=\"restricted\" style=\"position: absolute; clip: rect(1px, 1px, 1px, 1px);\" title=\"&#8221;Persiassa (Iranissa) tapetaan lapsia! -Miss\u00e4 mielenosoittajat t\u00e4n\u00e4\u00e4n?&#8221; &#8212; \" src=\"https:\/\/www.uutispeili.fi\/index.php\/2024\/06\/28\/persiassa-iranissa-tapetaan-lapsia-missa-mielenosoittajat-tanaan\/embed\/#?secret=rKgzzdgELb#?secret=1TpotUz9Zt\" data-secret=\"1TpotUz9Zt\" width=\"600\" height=\"338\" frameborder=\"0\" marginwidth=\"0\" marginheight=\"0\" scrolling=\"no\"><\/iframe><\/p>\n<p>T\u00e4m\u00e4 oli liikaa vanhoillisuskonnollisessa Iranissakin: Kes\u00e4ll\u00e4 2024 konservatiivit h\u00e4visiv\u00e4t Iranin presidentinvaaleissa &#8217;reformistille&#8217;. Voittaja, <strong>Masoud Pezeskian<\/strong>, oli ymm\u00e4rt\u00e4nyt ottaa v\u00e4limatkaa jyrkimp\u00e4\u00e4n linjaa, ja \u00e4\u00e4nestysprosentti nousi ennenn\u00e4kem\u00e4tt\u00f6m\u00e4lle tasolle, -ja uudistaja voitti selvin luvuin.<\/p>\n<p>Pezeskian antoi syksyll\u00e4 selv\u00e4n signaalin iranilaisille -ja l\u00e4nteen: Presidentti ilmoitti, ettei vahvista parlamentin s\u00e4\u00e4t\u00e4m\u00e4\u00e4 <a href=\"https:\/\/www.uutispeili.fi\/index.php\/2024\/12\/03\/iranin-presidentti-ei-pida-uudesta-tiukemmasta-hijab-laista\/\" target=\"_blank\" rel=\"noopener\">huivipakkoa kirist\u00e4v\u00e4\u00e4 lakia<\/a>. My\u00f6s &#8217;<em>Iran nuclear deal<\/em>&#8217;-sopimuksen (JCPOA) palauttamisesta puhuttiin. -T\u00e4m\u00e4 tarkoittaa <strong><em>ydinpommi-hankkeesta<\/em><\/strong> luopumista, Iranin \u00f6ljyn saamiseksi maailmanmarkkinoille normaaliin hintaan.<\/p>\n<blockquote><p>Pezeskian tarvitsee ne fyrkat voidakseen pit\u00e4\u00e4 iranilaiset tyytyv\u00e4isin\u00e4, ja uskossa elintasonsa nousuun. Ns. <strong>huivimellakoiden<\/strong> aikana n\u00e4htiin konkreettisesti, kuinka herkki\u00e4 iranilaiset ovat kapinoimaan.<\/p><\/blockquote>\n<p><strong>Ven\u00e4l\u00e4ismielinen propaganda<\/strong> syytt\u00e4\u00e4 Pezeskiania &#8221;<em>uskomisesta l\u00e4nnen<\/em> (=Yhdysvaltain) <em>lupauksiin<\/em>&#8221;, yksil\u00f6im\u00e4tt\u00e4 mit\u00e4 oli luvattu. Yritet\u00e4\u00e4n l\u00f6yt\u00e4\u00e4 ihan ite:<\/p>\n<blockquote><p>Israelin ja Iranin v\u00e4lill\u00e4 oli viime syksyll\u00e4 alkamassa klassinen ohjus-iskujen vaihtopeli: Toinen ampuu nipun raketteja, toinen uhoo kostolla, ja ampuu omansa, -vuorottelu jatkuu, kunnes&#8230;?<\/p><\/blockquote>\n<p>(Jatkuu linkin j\u00e4lkeen.)<\/p>\n<blockquote class=\"wp-embedded-content\" data-secret=\"11o27p15pG\"><p><a href=\"https:\/\/www.uutispeili.fi\/index.php\/2024\/10\/26\/israelin-vastaisku-iraniin-oli-rajoitettu-harmagedon-viivastyy\/\">Israelin vastaisku Iraniin oli rajoitettu, -Harmagedon viiv\u00e4styy<\/a><\/p><\/blockquote>\n<p><iframe class=\"wp-embedded-content\" sandbox=\"allow-scripts\" security=\"restricted\" style=\"position: absolute; clip: rect(1px, 1px, 1px, 1px);\" title=\"&#8221;Israelin vastaisku Iraniin oli rajoitettu, -Harmagedon viiv\u00e4styy&#8221; &#8212; \" src=\"https:\/\/www.uutispeili.fi\/index.php\/2024\/10\/26\/israelin-vastaisku-iraniin-oli-rajoitettu-harmagedon-viivastyy\/embed\/#?secret=PJk5h1D1zP#?secret=11o27p15pG\" data-secret=\"11o27p15pG\" width=\"600\" height=\"338\" frameborder=\"0\" marginwidth=\"0\" marginheight=\"0\" scrolling=\"no\"><\/iframe><\/p>\n<p>Mutta meh\u00e4n tied\u00e4mme, ett\u00e4 jenkkien lupaukset Pezeskianille ovat vain ven\u00e4l\u00e4ist\u00e4 propagandaa, ja ett\u00e4 <strong>Washington<\/strong> seisoo <strong>Jerusalem<\/strong>in tukena tilanteessa kuin tilanteessa? Kuitenkin: Jostain muusta syyst\u00e4 pommi\/raketti-pingpong katkesi, kun <strong>Teheran<\/strong>in kommentti Israelin h\u00e4vitt\u00e4j\u00e4-iskuun Iraniin oli laatua &#8221;<em>eih\u00e4n meille sattunut mit\u00e4\u00e4n vahinkoakaan, joten ei kosteta..<\/em>.&#8221;.<\/p>\n<p>IDF l\u00e4hetti siis n.100 h\u00e4vitt\u00e4j\u00e4pommittajaa -F35:t tien avaajina- Irania moukaroimaan. Tulos: Iran ilmoittaa 5-6 kuolonuhria. Vahinkoja tuli ven\u00e4l\u00e4isper\u00e4isille IT-ohjusj\u00e4rjestelmille, niit\u00e4 palveleville tutkille, ja Ven\u00e4j\u00e4lle (Ukrainan sotaan) ohjuksia ja drooneja valmistaville tehtaille.<\/p>\n<p>T\u00e4m\u00e4 oli v\u00e4h\u00e4n, kun maailmalla pel\u00e4ttiin Iranin \u00f6ljyinfran tuhoa, ja atomipommi-tehtaiden pommittamista maan tasalle. Kummatkin oli j\u00e4tetty rauhaan. Kysymyksi\u00e4: -Mit\u00e4 Israel oli aikonut? -Kuka sanoi heille ja mit\u00e4? -Kuka k\u00e4ski\/neuvoi iranilaisia olemaan pillastumatta? -Ja oliko Irania varotettu, niin ett\u00e4 kohteista oli evakuoitu henkil\u00f6st\u00f6?<\/p>\n<h2>Iranin talouden kolme riski\u00e4<\/h2>\n<p>Iranissa k\u00e4ytiin elokuussa -23 mielenkiintoista julkista keskustelua, -maassa jossa sananvapaus on sillai &#8211;<em>suhteellista<\/em>.<\/p>\n<blockquote><p>Iranilainen taloustutkija Kamran Nadri ehdotti elokuussa Iranin talouden \u2019<em>sopeutusta<\/em>\u2019 leikkaamalla\u00a0<strong>ydinpommi-hanke<\/strong> (kokonaan?), ja lopettamalla Iranin <strong>proxyille<\/strong> (Hamas, Hezbollah, huthit, jne,) maksettavat miljardit. -Varmasti riitt\u00e4\u00e4 budjetin tervehdytt\u00e4miseen, -ja <strong>Washigton<\/strong>issa kynnys pakotteiden poistamiselle alenee olemattomiin. Hyvin houkuttelevaa suurin odotuksin aloittaneelle uudelle presidentille ja hallitukselle.<\/p><\/blockquote>\n<p>(Jatkuu linkin j\u00e4lkeen.)<\/p>\n<blockquote class=\"wp-embedded-content\" data-secret=\"fn32GK8mY5\"><p><a href=\"https:\/\/www.uutispeili.fi\/index.php\/2024\/08\/27\/iranilaisen-taloustutkijan-nakemys-iranin-taloudesta-trump-vaara-pommi-ja-ystavat\/\">Iranilaisen taloustutkijan n\u00e4kemys Iranin taloudesta: &#8221;Trump-vaara&#8221;, pommi ja &#8217;yst\u00e4v\u00e4t&#8217;<\/a><\/p><\/blockquote>\n<p><iframe class=\"wp-embedded-content\" sandbox=\"allow-scripts\" security=\"restricted\" style=\"position: absolute; clip: rect(1px, 1px, 1px, 1px);\" title=\"&#8221;Iranilaisen taloustutkijan n\u00e4kemys Iranin taloudesta: &#8221;Trump-vaara&#8221;, pommi ja &#8217;yst\u00e4v\u00e4t&#8217;&#8221; &#8212; \" src=\"https:\/\/www.uutispeili.fi\/index.php\/2024\/08\/27\/iranilaisen-taloustutkijan-nakemys-iranin-taloudesta-trump-vaara-pommi-ja-ystavat\/embed\/#?secret=L2vDCXX4Fi#?secret=fn32GK8mY5\" data-secret=\"fn32GK8mY5\" width=\"600\" height=\"338\" frameborder=\"0\" marginwidth=\"0\" marginheight=\"0\" scrolling=\"no\"><\/iframe><\/p>\n<p>Talousmies Nadri ei ehk\u00e4 ollutkaan liikkeell\u00e4 &#8217;<em>puolueettomana tutkijana<\/em>&#8217;, vaan toimi koepallon heitt\u00e4j\u00e4 jonkun puolesta. -Iranin uuden johdon? -Jos tunnelin p\u00e4\u00e4st\u00e4 n\u00e4kyy valoa, se ei ole Hamas-tunneli.<\/p>\n<p>Edell\u00e4 jo mainittuun Israel-Iran ohjus-maaottelun peruuntumiseen viitaten: Siksi Jerusalemissa poistettiin Itanin ydinpommi-projektin kohteet maaliluettelosta, koska t\u00e4m\u00e4 kysymys on p\u00e4\u00e4tetty hoitaa poliittisesti: Iran ei tule koskaan rakentamaan ydinpommia, -heill\u00e4 on t\u00e4rkeimpi\u00e4 prioriteetteja.\u00a0 Kuten esm. sy\u00f6d\u00e4 hyvin ja el\u00e4\u00e4 mukavasti.<\/p>\n<p>Kolmas Kamran Nadrin mainitsema talouden riski on Yhdysvaltain t\u00e4n\u00e4\u00e4n aloittava uusi presidentti: <strong>Donald Trump<\/strong> lienee rauhoitettavissa Nadrin listan kahdella edellisell\u00e4 asialla -terroristien hylk\u00e4\u00e4misell\u00e4 ja atomipommista luopumisella- mutta jos Trump ehtii ensin? <img loading=\"lazy\" decoding=\"async\" class=\"alignnone size-full wp-image-144\" src=\"https:\/\/www.uutispeili.fi\/wp-content\/uploads\/2023\/11\/di.gold_.gif\" alt=\"\" width=\"11\" height=\"11\" \/><\/p>\n<p>Luettavaa:<\/p>\n<blockquote class=\"wp-embedded-content\" data-secret=\"skFdGahNl6\"><p><a href=\"https:\/\/www.uutispeili.fi\/index.php\/2024\/09\/04\/iranilais-lehti-meilla-ei-ole-bensaa-loman-aikana-menneisyyden-perinto-ja-oljyministerion-huolimattomuus-teki-kesaloman-katkeraksi\/\">Iranilais-lehti: &#8221;Meill\u00e4 ei ole bensaa loman aikana! -Menneisyyden perint\u00f6 ja \u00f6ljyministeri\u00f6n huolimattomuus teki kes\u00e4loman katkeraksi&#8221;<\/a><\/p><\/blockquote>\n<p><iframe class=\"wp-embedded-content\" sandbox=\"allow-scripts\" security=\"restricted\" style=\"position: absolute; clip: rect(1px, 1px, 1px, 1px);\" title=\"&#8221;Iranilais-lehti: &#8221;Meill\u00e4 ei ole bensaa loman aikana! -Menneisyyden perint\u00f6 ja \u00f6ljyministeri\u00f6n huolimattomuus teki kes\u00e4loman katkeraksi&#8221;&#8221; &#8212; \" src=\"https:\/\/www.uutispeili.fi\/index.php\/2024\/09\/04\/iranilais-lehti-meilla-ei-ole-bensaa-loman-aikana-menneisyyden-perinto-ja-oljyministerion-huolimattomuus-teki-kesaloman-katkeraksi\/embed\/#?secret=MsD1Z74XFy#?secret=skFdGahNl6\" data-secret=\"skFdGahNl6\" width=\"600\" height=\"338\" frameborder=\"0\" marginwidth=\"0\" marginheight=\"0\" scrolling=\"no\"><\/iframe><\/p>\n<blockquote class=\"wp-embedded-content\" data-secret=\"hZwy748Dni\"><p><a href=\"https:\/\/www.uutispeili.fi\/index.php\/2024\/11\/16\/elon-musk-tapasi-iranin-yk-lahettilaan\/\">Elon Musk tapasi Iranin YK-l\u00e4hettil\u00e4\u00e4n<\/a><\/p><\/blockquote>\n<p><iframe class=\"wp-embedded-content\" sandbox=\"allow-scripts\" security=\"restricted\" style=\"position: absolute; clip: rect(1px, 1px, 1px, 1px);\" title=\"&#8221;Elon Musk tapasi Iranin YK-l\u00e4hettil\u00e4\u00e4n&#8221; &#8212; \" src=\"https:\/\/www.uutispeili.fi\/index.php\/2024\/11\/16\/elon-musk-tapasi-iranin-yk-lahettilaan\/embed\/#?secret=JOpGcDoabL#?secret=hZwy748Dni\" data-secret=\"hZwy748Dni\" width=\"600\" height=\"338\" frameborder=\"0\" marginwidth=\"0\" marginheight=\"0\" scrolling=\"no\"><\/iframe><\/p>\n<blockquote class=\"wp-embedded-content\" data-secret=\"Cv2o1VUWbK\"><p><a href=\"https:\/\/www.uutispeili.fi\/index.php\/2024\/10\/16\/venajan-hyodylliselta-idiootilta-outo-avaus-jos-yhdysvallat-aloittaa-sodan-irania-vastaan-kolmas-maailmansota-nayttaa-varmalta\/\">Ven\u00e4j\u00e4n &#8217;hy\u00f6dylliselt\u00e4 idiootilta&#8217; outo avaus: &#8221;Jos Yhdysvallat aloittaa sodan Irania vastaan , kolmas maailmansota n\u00e4ytt\u00e4\u00e4 varmalta&#8221;<\/a><\/p><\/blockquote>\n<p><iframe class=\"wp-embedded-content\" sandbox=\"allow-scripts\" security=\"restricted\" style=\"position: absolute; clip: rect(1px, 1px, 1px, 1px);\" title=\"&#8221;Ven\u00e4j\u00e4n &#8217;hy\u00f6dylliselt\u00e4 idiootilta&#8217; outo avaus: &#8221;Jos Yhdysvallat aloittaa sodan Irania vastaan , kolmas maailmansota n\u00e4ytt\u00e4\u00e4 varmalta&#8221;&#8221; &#8212; \" src=\"https:\/\/www.uutispeili.fi\/index.php\/2024\/10\/16\/venajan-hyodylliselta-idiootilta-outo-avaus-jos-yhdysvallat-aloittaa-sodan-irania-vastaan-kolmas-maailmansota-nayttaa-varmalta\/embed\/#?secret=EJ9qnH9uFd#?secret=Cv2o1VUWbK\" data-secret=\"Cv2o1VUWbK\" width=\"600\" height=\"338\" frameborder=\"0\" marginwidth=\"0\" marginheight=\"0\" scrolling=\"no\"><\/iframe><\/p>\n<blockquote class=\"wp-embedded-content\" data-secret=\"pl5WgQEwrd\"><p><a href=\"https:\/\/www.uutispeili.fi\/index.php\/2024\/12\/03\/iranin-presidentti-ei-pida-uudesta-tiukemmasta-hijab-laista\/\">Iranin presidentti ei pid\u00e4 uudesta tiukemmasta hijab-laista<\/a><\/p><\/blockquote>\n<p><iframe class=\"wp-embedded-content\" sandbox=\"allow-scripts\" security=\"restricted\" style=\"position: absolute; clip: rect(1px, 1px, 1px, 1px);\" title=\"&#8221;Iranin presidentti ei pid\u00e4 uudesta tiukemmasta hijab-laista&#8221; &#8212; \" src=\"https:\/\/www.uutispeili.fi\/index.php\/2024\/12\/03\/iranin-presidentti-ei-pida-uudesta-tiukemmasta-hijab-laista\/embed\/#?secret=uYXA11nErL#?secret=pl5WgQEwrd\" data-secret=\"pl5WgQEwrd\" width=\"600\" height=\"338\" frameborder=\"0\" marginwidth=\"0\" marginheight=\"0\" scrolling=\"no\"><\/iframe><\/p>\n<blockquote class=\"wp-embedded-content\" data-secret=\"gjthc6XW6n\"><p><a href=\"https:\/\/www.uutispeili.fi\/index.php\/2024\/08\/10\/mika-oli-hamasin-ja-lavrovin-keskustelunaihe-moskovassa-12-9-2022-ja-kenen-varpaille-haniyeh-talloi\/\">Mik\u00e4 oli Hamasin ja Lavrovin keskustelunaihe Moskovassa 12.9. 2022, -ja kenen varpaille Haniyeh talloi?<\/a><\/p><\/blockquote>\n<p><iframe class=\"wp-embedded-content\" sandbox=\"allow-scripts\" security=\"restricted\" style=\"position: absolute; clip: rect(1px, 1px, 1px, 1px);\" title=\"&#8221;Mik\u00e4 oli Hamasin ja Lavrovin keskustelunaihe Moskovassa 12.9. 2022, -ja kenen varpaille Haniyeh talloi?&#8221; &#8212; \" src=\"https:\/\/www.uutispeili.fi\/index.php\/2024\/08\/10\/mika-oli-hamasin-ja-lavrovin-keskustelunaihe-moskovassa-12-9-2022-ja-kenen-varpaille-haniyeh-talloi\/embed\/#?secret=wyTMcLbJay#?secret=gjthc6XW6n\" data-secret=\"gjthc6XW6n\" width=\"600\" height=\"338\" frameborder=\"0\" marginwidth=\"0\" marginheight=\"0\" scrolling=\"no\"><\/iframe><\/p>\n<p>Aiheesta muualla:<\/p>\n<blockquote class=\"wp-embedded-content\" data-secret=\"gnfLRME3rt\"><p><a href=\"https:\/\/uutisiahauskastijakiinnostavasti.wordpress.com\/2023\/10\/07\/venaja-nayttaa-innostaneen-hamasia-hyokkaamaan-israeliin\/\">Ven\u00e4j\u00e4 n\u00e4ytt\u00e4\u00e4 innostaneen Hamasia hy\u00f6kk\u00e4\u00e4m\u00e4\u00e4n&nbsp;Israeliin<\/a><\/p><\/blockquote>\n<p><iframe class=\"wp-embedded-content\" sandbox=\"allow-scripts\" security=\"restricted\" style=\"position: absolute; clip: rect(1px, 1px, 1px, 1px);\" title=\"&#8221;Ven\u00e4j\u00e4 n\u00e4ytt\u00e4\u00e4 innostaneen Hamasia hy\u00f6kk\u00e4\u00e4m\u00e4\u00e4n&nbsp;Israeliin&#8221; &#8212; Uutisia Hauskasti ja Kiinnostavasti\" src=\"https:\/\/uutisiahauskastijakiinnostavasti.wordpress.com\/2023\/10\/07\/venaja-nayttaa-innostaneen-hamasia-hyokkaamaan-israeliin\/embed\/#?secret=CfJQdnIe2A#?secret=gnfLRME3rt\" data-secret=\"gnfLRME3rt\" width=\"600\" height=\"338\" frameborder=\"0\" marginwidth=\"0\" marginheight=\"0\" scrolling=\"no\"><\/iframe><\/p>\n<p>Mitens t\u00e4m\u00e4 ottomaaninen suurturkki, <strong>Recep Tayyip Erdogan<\/strong> t\u00e4h\u00e4n liittyy?<\/p>\n<blockquote class=\"wp-embedded-content\" data-secret=\"AEL3ZURH6i\"><p><a href=\"https:\/\/uutisiahauskastijakiinnostavasti.wordpress.com\/2023\/10\/25\/erdogan-ja-putin-samoilla-linjoilla-gazan-tilanteesta-eika-hamas-ole-terroristijarjesto\/\">Erdogan ja Putin samoilla linjoilla Gazan tilanteesta, -eik\u00e4 Hamas ole terroristij\u00e4rjest\u00f6<\/a><\/p><\/blockquote>\n<p><iframe class=\"wp-embedded-content\" sandbox=\"allow-scripts\" security=\"restricted\" style=\"position: absolute; clip: rect(1px, 1px, 1px, 1px);\" title=\"&#8221;Erdogan ja Putin samoilla linjoilla Gazan tilanteesta, -eik\u00e4 Hamas ole terroristij\u00e4rjest\u00f6&#8221; &#8212; Uutisia Hauskasti ja Kiinnostavasti\" src=\"https:\/\/uutisiahauskastijakiinnostavasti.wordpress.com\/2023\/10\/25\/erdogan-ja-putin-samoilla-linjoilla-gazan-tilanteesta-eika-hamas-ole-terroristijarjesto\/embed\/#?secret=FNsvDiMZ71#?secret=AEL3ZURH6i\" data-secret=\"AEL3ZURH6i\" width=\"600\" height=\"338\" frameborder=\"0\" marginwidth=\"0\" marginheight=\"0\" scrolling=\"no\"><\/iframe><\/p>\n","protected":false},"excerpt":{"rendered":"<p>Maailman parhaana pidetyn sotateoreetikon, Carl von Clausewitzin, mukaan sodan voittaminen on sama asia, kuin &#8217;vihollisen pakottaminen muuttamaan suunnitelmiaan&#8217;. Se tarkoittaa, ett\u00e4 vastapuoli luopuu (joistakin) tavoitteistaan. H\u00e4nen edelt\u00e4j\u00e4ns\u00e4, kiinalainen Sun Tsu on samoilla linjoilla. Tarkastelemme asiaa. (Kuvaan on k\u00e4ytetty mm. Dr. David Woodin aineistoa.) Gazassa saatiin eilen voimaan aselepo, jonka toivotaan johtavan toukokuussa (31.05. 2024) esitetyn [&hellip;]<\/p>\n","protected":false},"author":3,"featured_media":4609,"comment_status":"open","ping_status":"open","sticky":false,"template":"","format":"standard","meta":{"footnotes":""},"categories":[31,71],"tags":[],"_links":{"self":[{"href":"https:\/\/www.uutispeili.fi\/index.php\/wp-json\/wp\/v2\/posts\/4608"}],"collection":[{"href":"https:\/\/www.uutispeili.fi\/index.php\/wp-json\/wp\/v2\/posts"}],"about":[{"href":"https:\/\/www.uutispeili.fi\/index.php\/wp-json\/wp\/v2\/types\/post"}],"author":[{"embeddable":true,"href":"https:\/\/www.uutispeili.fi\/index.php\/wp-json\/wp\/v2\/users\/3"}],"replies":[{"embeddable":true,"href":"https:\/\/www.uutispeili.fi\/index.php\/wp-json\/wp\/v2\/comments?post=4608"}],"version-history":[{"count":3,"href":"https:\/\/www.uutispeili.fi\/index.php\/wp-json\/wp\/v2\/posts\/4608\/revisions"}],"predecessor-version":[{"id":4613,"href":"https:\/\/www.uutispeili.fi\/index.php\/wp-json\/wp\/v2\/posts\/4608\/revisions\/4613"}],"wp:featuredmedia":[{"embeddable":true,"href":"https:\/\/www.uutispeili.fi\/index.php\/wp-json\/wp\/v2\/media\/4609"}],"wp:attachment":[{"href":"https:\/\/www.uutispeili.fi\/index.php\/wp-json\/wp\/v2\/media?parent=4608"}],"wp:term":[{"taxonomy":"category","embeddable":true,"href":"https:\/\/www.uutispeili.fi\/index.php\/wp-json\/wp\/v2\/categories?post=4608"},{"taxonomy":"post_tag","embeddable":true,"href":"https:\/\/www.uutispeili.fi\/index.php\/wp-json\/wp\/v2\/tags?post=4608"}],"curies":[{"name":"wp","href":"https:\/\/api.w.org\/{rel}","templated":true}]}}