{"id":4582,"date":"2025-01-18T21:18:44","date_gmt":"2025-01-18T21:18:44","guid":{"rendered":"https:\/\/www.uutispeili.fi\/?p=4582"},"modified":"2025-01-18T21:18:45","modified_gmt":"2025-01-18T21:18:45","slug":"trumpin-suunnitelma-ukrainan-rauhasta-onko-sita","status":"publish","type":"post","link":"https:\/\/www.uutispeili.fi\/index.php\/2025\/01\/18\/trumpin-suunnitelma-ukrainan-rauhasta-onko-sita\/","title":{"rendered":"Trumpin suunnitelma Ukrainan rauhasta, -onko sit\u00e4?"},"content":{"rendered":"<p><strong>T\u00e4ss\u00e4 Pekka Iiskonm\u00e4en arvio Yhdysvaltain politiikasta: Tulevan presidentin Donald Trumpin eri nimitettyjen henkil\u00f6iden vahvistuskuulemisista kongressissa t\u00e4ll\u00e4 viikolla on k\u00e4ym\u00e4ss\u00e4 selv\u00e4ksi, ettei Trumpilla ole mielek\u00e4st\u00e4 suurta suunnitelmaa Ukrainan sodan nopeaksi lopettamiseksi.<\/strong><\/p>\n<p>Itse asiassa <em>Donald Trump<\/em>, samoin kuin tuleva Ukrainan l\u00e4hettil\u00e4s <strong>Keith Kellogg<\/strong>, ovat vet\u00e4ytyneet v\u00e4itt\u00e4m\u00e4st\u00e4, ett\u00e4 sota voitaisiin lopettaa p\u00e4iviss\u00e4, ja my\u00f6nt\u00e4nyt, ett\u00e4 siihen voi menn\u00e4 kuukausia tai koko vuosi. T\u00e4m\u00e4 viittaa siihen, ett\u00e4 he etsiv\u00e4t edelleen strategiaa.<\/p>\n<blockquote><p>On aito halu lopettaa sota, kuten Trump sanoo, &#8221;lopettaa tappaminen&#8221; ja v\u00e4hent\u00e4\u00e4 Yhdysvaltain budjettitaakkaa.<\/p><\/blockquote>\n<p>Jotkut kovan linjan <em>MAGA China<\/em> -haukat (kuten Valkoisen talon entinen strategiap\u00e4\u00e4llikk\u00f6 <strong>Steve Bannon<\/strong>) haluavat my\u00f6s p\u00e4\u00e4st\u00e4 sopimukseen Ven\u00e4j\u00e4n presidentin <strong>Vladimir Putin<\/strong>in kanssa, mahdollisesti nixonilaisella tavalla, jotta se sopeutuisi mahdolliseen yhteenottoon <strong>Kiina<\/strong>n kanssa.<\/p>\n<p>N\u00e4m\u00e4 haukat kuvittelevat usein maailmaa, jossa l\u00e4nsi ja Ven\u00e4j\u00e4 muodostavat juutalais-kristillisen liiton Kiinan ei-uskovia vastaan.<\/p>\n<p>Trumpin mielest\u00e4 ratkaisu n\u00e4ytt\u00e4\u00e4 yksinkertaiselta: anna Putinille &#8221;voittoja&#8221; &#8211; anna h\u00e4nen pit\u00e4\u00e4 hallussaan olevat alueet, estet\u00e4\u00e4n Ukrainan <strong>NATO<\/strong>-j\u00e4senyys, rajoitetaan Ukrainan l\u00e4nsimaisten pitk\u00e4n kantaman ohjusten k\u00e4ytt\u00f6\u00e4 ja lievennet\u00e4\u00e4n pakotteita. Vastineeksi Trump uskoo Putinin pys\u00e4ytt\u00e4v\u00e4n sodan.<\/p>\n<p>T\u00e4ss\u00e4 oletetaan, ett\u00e4 Ukrainan voitto olisi yksinkertaisesti sit\u00e4, ett\u00e4 Putin lopettaa hy\u00f6kk\u00e4\u00e4v\u00e4t sotilaalliset toimet. T\u00e4m\u00e4 on naiivia. Toisinto <em>WWII<\/em> USA:n naiiviudesta <strong>Stalinin<\/strong> suhteen.<\/p>\n<h2>Trump jakaa Putinin n\u00e4kemyksen: Suurvallat ansaitsevat &#8221;<em>vaikutussf\u00e4\u00e4rej\u00e4<\/em>&#8221;.<\/h2>\n<p>Se j\u00e4tt\u00e4\u00e4 huomiotta Ukrainan turvallisuuden, joka on keskeist\u00e4 sek\u00e4 sen vakaudelle ett\u00e4 Euroopan turvallisuudelle. Trumpin viimeaikaiset kommentit <strong>Kanada<\/strong>a, <strong>Gr\u00f6nlanti<\/strong>a ja <strong>Panama<\/strong>n kanavaa koskevista aluevaatimuksista viittaavat siihen, ett\u00e4 h\u00e4n jakaa Putinin pitk\u00e4aikaisen n\u00e4kemyksen, jonka mukaan suurvallat ansaitsevat &#8221;<em>vaikutussf\u00e4\u00e4rej\u00e4<\/em>&#8221;.<\/p>\n<p>T\u00e4m\u00e4 voi viitata siihen, ett\u00e4 Trump saattaa jopa kopioida &#8221;<em>Jalta 2<\/em>&#8221; -skenaariota, jossa Putin saa Ukrainan ja Trump Kanadan, Gr\u00f6nlannin ja Panaman kanavan.<\/p>\n<p>Putin-seuraajien n\u00e4k\u00f6kulmasta kysymys on, ettei t\u00e4llainen sopimus tyydytt\u00e4isi Putinia. H\u00e4n ottaisi kaiken, mit\u00e4 Trump tarjoaa, ja vaatisi sitten lis\u00e4\u00e4.<\/p>\n<p>T\u00e4m\u00e4 on malli kaikille Putinin konflikteille <strong>Georgia<\/strong>sta <strong>Moldova<\/strong>an, Ukrainaan, <strong>Syyria<\/strong>an ja<strong> Libya<\/strong>an.<br \/>\nPutinille kyse ei ole vain alueesta \u2013 kysynys on l\u00e4nsimaisen liberaalin markkinademokratian j\u00e4rjestelm\u00e4n h\u00e4vitt\u00e4mist\u00e4.<\/p>\n<p>Kysymys j\u00e4\u00e4: kutsuttaisiinko Kiinan presidentti <strong>Xi Jinping<\/strong> p\u00f6yt\u00e4\u00e4n, ja mit\u00e4 h\u00e4n saisi?<\/p>\n<p>Pekka Iiskonm\u00e4ki 17.01. 2025<\/p>\n<blockquote class=\"wp-embedded-content\" data-secret=\"mqZbuOhNOt\"><p><a href=\"https:\/\/www.uutispeili.fi\/index.php\/2024\/11\/03\/edes-orban-ei-usko-trumpilla-olevan-ihmekeinoa-rauhaan-ukrainassa\/\">Edes Orban ei usko Trumpilla olevan ihmekeinoa rauhaan Ukrainassa<\/a><\/p><\/blockquote>\n<p><iframe class=\"wp-embedded-content\" sandbox=\"allow-scripts\" security=\"restricted\" style=\"position: absolute; clip: rect(1px, 1px, 1px, 1px);\" title=\"&#8221;Edes Orban ei usko Trumpilla olevan ihmekeinoa rauhaan Ukrainassa&#8221; &#8212; \" src=\"https:\/\/www.uutispeili.fi\/index.php\/2024\/11\/03\/edes-orban-ei-usko-trumpilla-olevan-ihmekeinoa-rauhaan-ukrainassa\/embed\/#?secret=aBhvB4VmOq#?secret=mqZbuOhNOt\" data-secret=\"mqZbuOhNOt\" width=\"600\" height=\"338\" frameborder=\"0\" marginwidth=\"0\" marginheight=\"0\" scrolling=\"no\"><\/iframe><\/p>\n<blockquote class=\"wp-embedded-content\" data-secret=\"SRSBmQg0JE\"><p><a href=\"https:\/\/www.uutispeili.fi\/index.php\/2024\/11\/07\/lopettaako-trump-sodan-24ssa-tunnissa\/\">Lopettaako Trump sodan 24:ss\u00e4 tunnissa?<\/a><\/p><\/blockquote>\n<p><iframe class=\"wp-embedded-content\" sandbox=\"allow-scripts\" security=\"restricted\" style=\"position: absolute; clip: rect(1px, 1px, 1px, 1px);\" title=\"&#8221;Lopettaako Trump sodan 24:ss\u00e4 tunnissa?&#8221; &#8212; \" src=\"https:\/\/www.uutispeili.fi\/index.php\/2024\/11\/07\/lopettaako-trump-sodan-24ssa-tunnissa\/embed\/#?secret=WMgzNqfoS6#?secret=SRSBmQg0JE\" data-secret=\"SRSBmQg0JE\" width=\"600\" height=\"338\" frameborder=\"0\" marginwidth=\"0\" marginheight=\"0\" scrolling=\"no\"><\/iframe><\/p>\n<blockquote class=\"wp-embedded-content\" data-secret=\"tXObcJ8wUm\"><p><a href=\"https:\/\/www.uutispeili.fi\/index.php\/2025\/01\/05\/israelilaislahteet-trump-aikoo-laittaa-kansainvalisen-rikostuomioistuimen-iccn-povilleen\/\">Israelilaisl\u00e4hteet: Trump aikoo laittaa kansainv\u00e4lisen rikostuomioistuimen ICC:n povilleen<\/a><\/p><\/blockquote>\n<p><iframe class=\"wp-embedded-content\" sandbox=\"allow-scripts\" security=\"restricted\" style=\"position: absolute; clip: rect(1px, 1px, 1px, 1px);\" title=\"&#8221;Israelilaisl\u00e4hteet: Trump aikoo laittaa kansainv\u00e4lisen rikostuomioistuimen ICC:n povilleen&#8221; &#8212; \" src=\"https:\/\/www.uutispeili.fi\/index.php\/2025\/01\/05\/israelilaislahteet-trump-aikoo-laittaa-kansainvalisen-rikostuomioistuimen-iccn-povilleen\/embed\/#?secret=HKnpeM5C8n#?secret=tXObcJ8wUm\" data-secret=\"tXObcJ8wUm\" width=\"600\" height=\"338\" frameborder=\"0\" marginwidth=\"0\" marginheight=\"0\" scrolling=\"no\"><\/iframe><\/p>\n<blockquote class=\"wp-embedded-content\" data-secret=\"ZIqWFfgEUJ\"><p><a href=\"https:\/\/www.uutispeili.fi\/index.php\/2024\/12\/08\/trump-ja-yhdysvaltain-nykyhallinto-eri-mielta-syyriasta\/\">Trump ja Yhdysvaltain nykyhallinto eri mielt\u00e4 Syyriasta<\/a><\/p><\/blockquote>\n<p><iframe class=\"wp-embedded-content\" sandbox=\"allow-scripts\" security=\"restricted\" style=\"position: absolute; clip: rect(1px, 1px, 1px, 1px);\" title=\"&#8221;Trump ja Yhdysvaltain nykyhallinto eri mielt\u00e4 Syyriasta&#8221; &#8212; \" src=\"https:\/\/www.uutispeili.fi\/index.php\/2024\/12\/08\/trump-ja-yhdysvaltain-nykyhallinto-eri-mielta-syyriasta\/embed\/#?secret=vKOmvMglIO#?secret=ZIqWFfgEUJ\" data-secret=\"ZIqWFfgEUJ\" width=\"600\" height=\"338\" frameborder=\"0\" marginwidth=\"0\" marginheight=\"0\" scrolling=\"no\"><\/iframe><\/p>\n<blockquote class=\"wp-embedded-content\" data-secret=\"dASTcrOxWu\"><p><a href=\"https:\/\/www.uutispeili.fi\/index.php\/2024\/12\/03\/brics-raks-poks-trump-100-tullit-jos-luovutte-dollarista\/\">&#8217;BRICS&#8217;, Raks, Poks, Trump: 100% tullit, jos luovutte dollarista<\/a><\/p><\/blockquote>\n<p><iframe class=\"wp-embedded-content\" sandbox=\"allow-scripts\" security=\"restricted\" style=\"position: absolute; clip: rect(1px, 1px, 1px, 1px);\" title=\"&#8221;&#8217;BRICS&#8217;, Raks, Poks, Trump: 100% tullit, jos luovutte dollarista&#8221; &#8212; \" src=\"https:\/\/www.uutispeili.fi\/index.php\/2024\/12\/03\/brics-raks-poks-trump-100-tullit-jos-luovutte-dollarista\/embed\/#?secret=1Mq9L3WJFn#?secret=dASTcrOxWu\" data-secret=\"dASTcrOxWu\" width=\"600\" height=\"338\" frameborder=\"0\" marginwidth=\"0\" marginheight=\"0\" scrolling=\"no\"><\/iframe><\/p>\n<blockquote class=\"wp-embedded-content\" data-secret=\"4eFYEdd757\"><p><a href=\"https:\/\/www.uutispeili.fi\/index.php\/2024\/11\/15\/muslimi-aanestajien-pettymys-trumpiin-tuleeko-rauha-gazaan\/\">Muslimi-\u00e4\u00e4nest\u00e4jien pettymys Trumpiin: Tuleeko rauha Gazaan?<\/a><\/p><\/blockquote>\n<p><iframe class=\"wp-embedded-content\" sandbox=\"allow-scripts\" security=\"restricted\" style=\"position: absolute; clip: rect(1px, 1px, 1px, 1px);\" title=\"&#8221;Muslimi-\u00e4\u00e4nest\u00e4jien pettymys Trumpiin: Tuleeko rauha Gazaan?&#8221; &#8212; \" src=\"https:\/\/www.uutispeili.fi\/index.php\/2024\/11\/15\/muslimi-aanestajien-pettymys-trumpiin-tuleeko-rauha-gazaan\/embed\/#?secret=cnAcKq6JN4#?secret=4eFYEdd757\" data-secret=\"4eFYEdd757\" width=\"600\" height=\"338\" frameborder=\"0\" marginwidth=\"0\" marginheight=\"0\" scrolling=\"no\"><\/iframe><\/p>\n<blockquote class=\"wp-embedded-content\" data-secret=\"IMwkZ72qbX\"><p><a href=\"https:\/\/www.uutispeili.fi\/index.php\/2024\/04\/19\/trumpin-oikeudenkaynti-henkilo-sytytti-itsensa-tuleen-oikeustalon-edessa\/\">Trumpin oikeudenk\u00e4ynti: Salaliittoteoreetikko sytytti itsens\u00e4 tuleen oikeustalon edess\u00e4 New Yorkissa<\/a><\/p><\/blockquote>\n<p><iframe class=\"wp-embedded-content\" sandbox=\"allow-scripts\" security=\"restricted\" style=\"position: absolute; clip: rect(1px, 1px, 1px, 1px);\" title=\"&#8221;Trumpin oikeudenk\u00e4ynti: Salaliittoteoreetikko sytytti itsens\u00e4 tuleen oikeustalon edess\u00e4 New Yorkissa&#8221; &#8212; \" src=\"https:\/\/www.uutispeili.fi\/index.php\/2024\/04\/19\/trumpin-oikeudenkaynti-henkilo-sytytti-itsensa-tuleen-oikeustalon-edessa\/embed\/#?secret=uo9lQn8XzH#?secret=IMwkZ72qbX\" data-secret=\"IMwkZ72qbX\" width=\"600\" height=\"338\" frameborder=\"0\" marginwidth=\"0\" marginheight=\"0\" scrolling=\"no\"><\/iframe><\/p>\n","protected":false},"excerpt":{"rendered":"<p>T\u00e4ss\u00e4 Pekka Iiskonm\u00e4en arvio Yhdysvaltain politiikasta: Tulevan presidentin Donald Trumpin eri nimitettyjen henkil\u00f6iden vahvistuskuulemisista kongressissa t\u00e4ll\u00e4 viikolla on k\u00e4ym\u00e4ss\u00e4 selv\u00e4ksi, ettei Trumpilla ole mielek\u00e4st\u00e4 suurta suunnitelmaa Ukrainan sodan nopeaksi lopettamiseksi. Itse asiassa Donald Trump, samoin kuin tuleva Ukrainan l\u00e4hettil\u00e4s Keith Kellogg, ovat vet\u00e4ytyneet v\u00e4itt\u00e4m\u00e4st\u00e4, ett\u00e4 sota voitaisiin lopettaa p\u00e4iviss\u00e4, ja my\u00f6nt\u00e4nyt, ett\u00e4 siihen voi menn\u00e4 [&hellip;]<\/p>\n","protected":false},"author":1,"featured_media":1082,"comment_status":"open","ping_status":"open","sticky":false,"template":"","format":"standard","meta":{"footnotes":""},"categories":[11],"tags":[],"_links":{"self":[{"href":"https:\/\/www.uutispeili.fi\/index.php\/wp-json\/wp\/v2\/posts\/4582"}],"collection":[{"href":"https:\/\/www.uutispeili.fi\/index.php\/wp-json\/wp\/v2\/posts"}],"about":[{"href":"https:\/\/www.uutispeili.fi\/index.php\/wp-json\/wp\/v2\/types\/post"}],"author":[{"embeddable":true,"href":"https:\/\/www.uutispeili.fi\/index.php\/wp-json\/wp\/v2\/users\/1"}],"replies":[{"embeddable":true,"href":"https:\/\/www.uutispeili.fi\/index.php\/wp-json\/wp\/v2\/comments?post=4582"}],"version-history":[{"count":2,"href":"https:\/\/www.uutispeili.fi\/index.php\/wp-json\/wp\/v2\/posts\/4582\/revisions"}],"predecessor-version":[{"id":4584,"href":"https:\/\/www.uutispeili.fi\/index.php\/wp-json\/wp\/v2\/posts\/4582\/revisions\/4584"}],"wp:featuredmedia":[{"embeddable":true,"href":"https:\/\/www.uutispeili.fi\/index.php\/wp-json\/wp\/v2\/media\/1082"}],"wp:attachment":[{"href":"https:\/\/www.uutispeili.fi\/index.php\/wp-json\/wp\/v2\/media?parent=4582"}],"wp:term":[{"taxonomy":"category","embeddable":true,"href":"https:\/\/www.uutispeili.fi\/index.php\/wp-json\/wp\/v2\/categories?post=4582"},{"taxonomy":"post_tag","embeddable":true,"href":"https:\/\/www.uutispeili.fi\/index.php\/wp-json\/wp\/v2\/tags?post=4582"}],"curies":[{"name":"wp","href":"https:\/\/api.w.org\/{rel}","templated":true}]}}