{"id":4563,"date":"2025-01-16T17:14:19","date_gmt":"2025-01-16T17:14:19","guid":{"rendered":"https:\/\/www.uutispeili.fi\/?p=4563"},"modified":"2025-01-16T17:43:14","modified_gmt":"2025-01-16T17:43:14","slug":"ben-zyskowiczin-pahoinpitelysta-ja-laittomasta-uhkaamisesta-tuomittu-mies-tuomittiin-aiemmin-osallistumisesta-samaan-mellakkaan-kuin-mista-paavo-arhinmakeakin-syytettiin","status":"publish","type":"post","link":"https:\/\/www.uutispeili.fi\/index.php\/2025\/01\/16\/ben-zyskowiczin-pahoinpitelysta-ja-laittomasta-uhkaamisesta-tuomittu-mies-tuomittiin-aiemmin-osallistumisesta-samaan-mellakkaan-kuin-mista-paavo-arhinmakeakin-syytettiin\/","title":{"rendered":"Ben Zyskowiczin pahoinpitelyst\u00e4 ja laittomasta uhkaamisesta tuomittu mies tuomittiin aiemmin osallistumisesta samaan mellakkaan, kuin mist\u00e4 Paavo Arhinm\u00e4ke\u00e4kin syytettiin"},"content":{"rendered":"<p><strong>Maaliskuussa 2023 kansanedustaja Ben Zyskowicz (Kokoomus) joutui vaality\u00f6t\u00e4\u00e4n tehdess\u00e4\u00e4n laittoman uhkauksen ja pahoinpitelyn kohteeksi, -mihin tekoon syyllinen sai t\u00e4n\u00e4\u00e4n tuomionsa Helsingin k\u00e4r\u00e4j\u00e4oikeudessa. Tuomittu on rikkonut lakia ennenkin: Vuonna 2006 h\u00e4nelle tuomittiin 6kk ehdollista vankeutta mellakkaan osallistumisen yhteydess\u00e4 tehdyist\u00e4 rikkomuksista.<\/strong><\/p>\n<p>(Kuvaan on k\u00e4ytetty aineistoa eri l\u00e4hteist\u00e4.)<\/p>\n<p><strong>Ben Zyskowicz<\/strong>ia kaksi vuotta sitten uhkaillut ja pahoinpidellyt -nyt 40-vuotias- mies ansaitsi teostaan 47 tuntia yhdyskuntapalvelua. H\u00e4n oli h\u00e4irinnyt Kokoomuksen vaalikampanjaa <strong>It\u00e4keskuksen<\/strong> metroaseman ymp\u00e4rist\u00f6ss\u00e4, pahoinpidellyt ehdokasta ly\u00f6m\u00e4ll\u00e4, ja k\u00e4ytt\u00e4nyt uhkaavaa ilmaisua:<\/p>\n<blockquote><p>\u201dTommonen j\u00e4tk\u00e4 pit\u00e4is heitt\u00e4\u00e4 metron alle.\u201d<\/p><\/blockquote>\n<p>Syytt\u00e4j\u00e4 vaati tuomiota my\u00f6s rasistisesta sanonnasta, liittyen juutalaisiin, mutta tuomioon p\u00e4\u00e4tyiv\u00e4t vain laiton uhkaus ja pahoinpitely.<\/p>\n<h2>Mellakoi vuonna 2006: &#8217;<em>Smash ASEM<\/em>&#8217;<\/h2>\n<p>T\u00e4n\u00e4\u00e4n tuomittu mies on saanut rapsuja ennenkin, mist\u00e4 &#8221;ansiolistasta&#8221; nousee esiin kuuden kuukauden ehdollinen vuonna 2006 tapahtuneesta niskoittelusta poliisia vastaan. Mies osallistui Helsingin <strong>Postitalon<\/strong> luona \u00e4\u00e4rivasemmiston koollekutsuman -v\u00e4kivaltaisia funktioita omaan- &#8221;<strong><em>Smash ASEM<\/em><\/strong>&#8221;-mellakointi-yrityksen kokoontumiseen Postitalon Mannerheimintien puoleisilla portailla.<\/p>\n<p>Helsingiss\u00e4 oli silloin k\u00e4ynniss\u00e4 er\u00e4s kansainv\u00e4linen kokous, <strong>Aasian ja Euroopan maiden huippukokous<\/strong> &#8217;ASEM&#8217;, jota \u00e4\u00e4rivasemmiston agitaattorit aikoivat hy\u00f6dynt\u00e4\u00e4 saadakseen aikaan v\u00e4kivaltaisen yhteenoton yllytettyjen mielenosoittajien v\u00e4lelle. Euroopassa t\u00e4m\u00e4 oli useita kertoja onnistunut, -ihmisi\u00e4kin oli kuollut- ja suomalaiset &#8217;<em>mellakkaturistit<\/em>&#8217; olivat k\u00e4yneet hakemassa oppia mm. <strong>Hampuri<\/strong>sta.<\/p>\n<p>Poliisi ymm\u00e4rsi tilanteen, ja sumputti mellakoitsijat Postitalon edustalle. T\u00e4ss\u00e4 tilanteessa poliisi joutui ottamaan kiinni pahimpia riehujia, -joukossa t\u00e4n\u00e4\u00e4n tuomionsa saanut pahoinpitelij\u00e4, ja er\u00e4s <strong>Paavo<\/strong> <strong>Arhinm\u00e4ki<\/strong>. Arhinm\u00e4ki on jatkanut uraansa mm. <strong>Helsingin kaupunginjohdossa<\/strong>, mutta edelleenkin sotkee paikkoja, siin\u00e4 miss\u00e4 asioitakin.<\/p>\n<p><img loading=\"lazy\" decoding=\"async\" class=\"aligncenter wp-image-4569 size-full\" src=\"https:\/\/www.uutispeili.fi\/wp-content\/uploads\/2025\/01\/arhinmaki-smash-asem000B.png\" alt=\"\" width=\"469\" height=\"351\" srcset=\"https:\/\/www.uutispeili.fi\/wp-content\/uploads\/2025\/01\/arhinmaki-smash-asem000B.png 469w, https:\/\/www.uutispeili.fi\/wp-content\/uploads\/2025\/01\/arhinmaki-smash-asem000B-300x225.png 300w\" sizes=\"(max-width: 469px) 100vw, 469px\" \/><\/p>\n<p>(Kuval\u00e4hde: Youtube.)<\/p>\n<p>Molemmat vuoden 2006 h\u00e4irik\u00f6itsij\u00e4t otettiin kiinni tilanteessa, jossa sumputetut ja turhautuneet mielens\u00e4 ilmaisijat hy\u00f6kk\u00e4iliv\u00e4t poliisiketjua vastaan, -mm. heitt\u00e4en esineit\u00e4, syljeskellen ja k\u00e4ytt\u00e4en rumaa kielt\u00e4.<\/p>\n<p>Zysse\u00e4 v.2023 pahoinpidellytt\u00e4 miest\u00e4 ep\u00e4iltiin osallisuudesta jonkin <em><strong>puistonpenkin<\/strong><\/em> heitt\u00e4miseen poliisia kohti Postitalon edustalla &#8217;Smash-ASEM&#8217;-sessiossa v.2006. Arhinm\u00e4ki oli samassa tilaisuudessa marssinut pitkin poliisien ketjua, ja provosoivasti kuvannut poliisien kasvoja l\u00e4hiet\u00e4isyydelt\u00e4. -Joskus joku suuttuu, kun provosoidaan, -ja Paavo <em>p\u00e4\u00e4sikin pahnoille<\/em>.<\/p>\n<p>Arhinm\u00e4ki v\u00e4itti olleensa mielenosoituksen -oik: mellakan- tapahtumapaikalla satunnaisena jalankulkijana, -jolla ilmeisesti oli tapana kuvata poliisien kasvoja. -Uskotaan uskotaan.<\/p>\n<h2>Mit\u00e4 t\u00e4st\u00e4 opimme?<\/h2>\n<p>Jokainen tapaus, jossa jo kerran rangaistu jatkaa rikosteluaan, on oikeuslaitoksen tappio: Henkil\u00f6\u00e4 ei ole onnistuttu saamaan &#8217;<em>kaidalle polulle<\/em>&#8217; sanktioilla. Ehk\u00e4 suurin syy t\u00e4h\u00e4n on ehdonalaisten tuomioiden heikko hy\u00f6dynt\u00e4minen.\u00a0 -T\u00e4n\u00e4\u00e4n tuomitullakin oli jokin ehdonalainen p\u00e4\u00e4ll\u00e4, -mutta &#8221;<em>pohjat eiv\u00e4t<\/em> <em>palaneet<\/em>&#8221;: H\u00e4nen aiempi kakkunsa j\u00e4\u00e4 edelleenkin istumatta.<\/p>\n<p>Valmiiksi tuomittu, mutta t\u00e4yt\u00e4nt\u00f6\u00f6npanoa (koeajan) odottava tuomio oli osoittautunut toimivaksi pakotteeksi rikoksien jatkamista vastaan, -etenkin nuorilla rikoksentekij\u00f6ill\u00e4. Voi &#8217;<em>Demla<\/em>&#8217; mink\u00e4 teit!<\/p>\n<p>Ehdonalaisten kertyminen p\u00e4\u00e4llekk\u00e4isiksi ei-koskaan-laukeaviksi vitsi-tuomioiksi kertoo rikoksen tehneelle, ett\u00e4 h\u00e4n saanut teostaan <em>yht\u00e4\u00e4n mit\u00e4\u00e4n<\/em>. T\u00e4m\u00e4nkaltainen juristeria ei ole humaanisuutta, vaan vastuuttomuutta. <img loading=\"lazy\" decoding=\"async\" class=\"alignnone size-full wp-image-144\" src=\"https:\/\/www.uutispeili.fi\/wp-content\/uploads\/2023\/11\/di.gold_.gif\" alt=\"\" width=\"11\" height=\"11\" \/><\/p>\n<p>Luettavaa:<\/p>\n<ul>\n<li><a href=\"https:\/\/www.is.fi\/kotimaa\/art-2000010966458.html\" target=\"_blank\" rel=\"noopener\">Ilta-Sanomat<\/a> 16.01. 2025: Kansanedustaja Ben Zyskowicziin kohdistunut v\u00e4kivallanteko k\u00e4r\u00e4jill\u00e4; Hy\u00f6kk\u00e4ys tapahtui maaliskuussa 2023 Helsingin It\u00e4keskuksessa,<\/li>\n<li><a href=\"https:\/\/www.iltalehti.fi\/politiikka\/a\/4e6dc144-bf40-4f59-a594-9b63513a354f\" target=\"_blank\" rel=\"noopener\">Iltalehti<\/a> 16.01. 2025,<\/li>\n<li><a href=\"https:\/\/www.is.fi\/kotimaa\/art-2000000691600.html\" target=\"_blank\" rel=\"noopener\">Ilta-Sanomat<\/a>: 11.12. 2013&#8243;&#8230;Lauantaina 9. syyskuuta 2006 j\u00e4rjestetty Asem-mielenosoitus oli suunnattu Aasian ja Euroopan maiden huippukokousta (ASEM) vastaan. Se oli hengelt\u00e4\u00e4n globalisaation vastainen. Itse mielenosoitus ei ehtinyt koskaan alkaa, koska poliisi saartoi Kiasman edess\u00e4 olleet mielenosoittajat&#8221;.,<\/li>\n<li><a href=\"https:\/\/www.mtvuutiset.fi\/artikkeli\/smash-asem-kahakan-oikeuskasittely-alkaa\/2008064\" target=\"_blank\" rel=\"noopener\">MTV<\/a> 03.09. 2007: Syytettyj\u00e4 Smash Asem -jutussa on l\u00e4hes 90. Syytettyjen joukossa ovat muun muassa Vasemmistoliiton kansanedustaja Paavo Arhinm\u00e4ki,<\/li>\n<li><a href=\"https:\/\/www.uusisuomi.fi\/uutiset\/arhinmaelle-syytteet-smash-asemista\/0603ac7e-18da-3931-881a-2cf8323c61b5\" target=\"_blank\" rel=\"noopener\">Uusi Suomi<\/a> 04.07. 2008: Arhinm\u00e4elle syytteet Smash Asemista,<\/li>\n<\/ul>\n<blockquote class=\"wp-embedded-content\" data-secret=\"3j430hmLr7\"><p><a href=\"https:\/\/www.uutispeili.fi\/index.php\/2024\/12\/16\/pre-attack-indicators-ja-poliittinen-vakivalta\/\">&#8221;Pre attack indicators&#8221;, ja poliittinen v\u00e4kivalta<\/a><\/p><\/blockquote>\n<p><iframe class=\"wp-embedded-content\" sandbox=\"allow-scripts\" security=\"restricted\" style=\"position: absolute; clip: rect(1px, 1px, 1px, 1px);\" title=\"&#8221;&#8221;Pre attack indicators&#8221;, ja poliittinen v\u00e4kivalta&#8221; &#8212; \" src=\"https:\/\/www.uutispeili.fi\/index.php\/2024\/12\/16\/pre-attack-indicators-ja-poliittinen-vakivalta\/embed\/#?secret=q3sTjLa1PK#?secret=3j430hmLr7\" data-secret=\"3j430hmLr7\" width=\"600\" height=\"338\" frameborder=\"0\" marginwidth=\"0\" marginheight=\"0\" scrolling=\"no\"><\/iframe><\/p>\n<p>Yle\/TV-uutiset 09.09. 2006, videointi: Yle.<br \/>\n<iframe loading=\"lazy\" title=\"Smash Asem \u2013 Uutiset: Mielenosoitus saarrettiin 2006\" src=\"https:\/\/www.youtube.com\/embed\/OJS1ZI51P70\" width=\"640\" height=\"360\" frameborder=\"0\" allowfullscreen=\"allowfullscreen\"><\/iframe><\/p>\n<p>.<\/p>\n","protected":false},"excerpt":{"rendered":"<p>Maaliskuussa 2023 kansanedustaja Ben Zyskowicz (Kokoomus) joutui vaality\u00f6t\u00e4\u00e4n tehdess\u00e4\u00e4n laittoman uhkauksen ja pahoinpitelyn kohteeksi, -mihin tekoon syyllinen sai t\u00e4n\u00e4\u00e4n tuomionsa Helsingin k\u00e4r\u00e4j\u00e4oikeudessa. Tuomittu on rikkonut lakia ennenkin: Vuonna 2006 h\u00e4nelle tuomittiin 6kk ehdollista vankeutta mellakkaan osallistumisen yhteydess\u00e4 tehdyist\u00e4 rikkomuksista. (Kuvaan on k\u00e4ytetty aineistoa eri l\u00e4hteist\u00e4.) Ben Zyskowiczia kaksi vuotta sitten uhkaillut ja pahoinpidellyt -nyt 40-vuotias- [&hellip;]<\/p>\n","protected":false},"author":3,"featured_media":4566,"comment_status":"open","ping_status":"open","sticky":false,"template":"","format":"standard","meta":{"footnotes":""},"categories":[88,95,80],"tags":[],"_links":{"self":[{"href":"https:\/\/www.uutispeili.fi\/index.php\/wp-json\/wp\/v2\/posts\/4563"}],"collection":[{"href":"https:\/\/www.uutispeili.fi\/index.php\/wp-json\/wp\/v2\/posts"}],"about":[{"href":"https:\/\/www.uutispeili.fi\/index.php\/wp-json\/wp\/v2\/types\/post"}],"author":[{"embeddable":true,"href":"https:\/\/www.uutispeili.fi\/index.php\/wp-json\/wp\/v2\/users\/3"}],"replies":[{"embeddable":true,"href":"https:\/\/www.uutispeili.fi\/index.php\/wp-json\/wp\/v2\/comments?post=4563"}],"version-history":[{"count":4,"href":"https:\/\/www.uutispeili.fi\/index.php\/wp-json\/wp\/v2\/posts\/4563\/revisions"}],"predecessor-version":[{"id":4571,"href":"https:\/\/www.uutispeili.fi\/index.php\/wp-json\/wp\/v2\/posts\/4563\/revisions\/4571"}],"wp:featuredmedia":[{"embeddable":true,"href":"https:\/\/www.uutispeili.fi\/index.php\/wp-json\/wp\/v2\/media\/4566"}],"wp:attachment":[{"href":"https:\/\/www.uutispeili.fi\/index.php\/wp-json\/wp\/v2\/media?parent=4563"}],"wp:term":[{"taxonomy":"category","embeddable":true,"href":"https:\/\/www.uutispeili.fi\/index.php\/wp-json\/wp\/v2\/categories?post=4563"},{"taxonomy":"post_tag","embeddable":true,"href":"https:\/\/www.uutispeili.fi\/index.php\/wp-json\/wp\/v2\/tags?post=4563"}],"curies":[{"name":"wp","href":"https:\/\/api.w.org\/{rel}","templated":true}]}}