{"id":4535,"date":"2025-01-13T17:55:14","date_gmt":"2025-01-13T17:55:14","guid":{"rendered":"https:\/\/www.uutispeili.fi\/?p=4535"},"modified":"2025-01-13T17:55:15","modified_gmt":"2025-01-13T17:55:15","slug":"faktantarkastajan-erehdys-kaantaa-huomion-syyrian-nykyhallinnon-jihadismiin","status":"publish","type":"post","link":"https:\/\/www.uutispeili.fi\/index.php\/2025\/01\/13\/faktantarkastajan-erehdys-kaantaa-huomion-syyrian-nykyhallinnon-jihadismiin\/","title":{"rendered":"&#8221;Faktantarkastajan&#8221; erehdys k\u00e4\u00e4nt\u00e4\u00e4 huomion Syyrian nykyhallinnon jihadismiin"},"content":{"rendered":"<p><strong>EU:n ministerien tutustumisk\u00e4ynti Damaskokseen runsas viikko sitten toi julkisuuteen al-Qaeda (HTS) -ministerien islamistisen suhtautumisen suhtautumisen nais-sukupuoleen, jota valtionvaraisministerimme ehti paheksua X-viestiss\u00e4\u00e4n.<\/strong><\/p>\n<p>(Kuvan aineisto X:st\u00e4, eri julkaisuista.)<\/p>\n<p>Sitten joku riensi &#8221;<em>faktantarkastamaan<\/em>&#8221;:<\/p>\n<blockquote><p>&#8221;Pepe&#8221; 05.01. 2025: Syyrian ulkoministeri\u00f6 jakaa k\u00e4sittelem\u00e4t\u00f6nt\u00e4 valokuvaa tilill\u00e4\u00e4n, mutta ministeri <strong>Purra<\/strong> on saanut jostain naisblurratun version jota paheksuu. Joku ei t\u00e4sm\u00e4\u00e4.<\/p><\/blockquote>\n<p><a href=\"https:\/\/x.com\/hurumdara2\/status\/1875965624893263939\"><img loading=\"lazy\" decoding=\"async\" class=\"aligncenter wp-image-4540 size-full\" src=\"https:\/\/www.uutispeili.fi\/wp-content\/uploads\/2025\/01\/purra-baerbock-faktantarkastaja000X.png\" alt=\"\" width=\"396\" height=\"613\" srcset=\"https:\/\/www.uutispeili.fi\/wp-content\/uploads\/2025\/01\/purra-baerbock-faktantarkastaja000X.png 396w, https:\/\/www.uutispeili.fi\/wp-content\/uploads\/2025\/01\/purra-baerbock-faktantarkastaja000X-194x300.png 194w\" sizes=\"(max-width: 396px) 100vw, 396px\" \/><\/a><\/p>\n<ul>\n<li><a href=\"https:\/\/x.com\/hurumdara2\/status\/1875965624893263939\" target=\"_blank\" rel=\"noopener\">https:\/\/x.com\/hurumdara2\/status\/1875965624893263939<\/a>,<\/li>\n<\/ul>\n<p>Miten niin<strong> &#8217;<em>ei t\u00e4sm\u00e4\u00e4<\/em>&#8217;? Riikka Purra<\/strong> kirjoitti X:ss\u00e4 05.01:<\/p>\n<h2>&#8221;<em>EU:n ei pid\u00e4 toimia islamististen<\/em> <em>naisvihamielisten hallintojen kanssa<\/em> <em>p\u00e4tk\u00e4n vertaa<\/em>&#8221;<\/h2>\n<p><a href=\"https:\/\/x.com\/ir_rkp\/status\/1875939496094826998\"><img loading=\"lazy\" decoding=\"async\" class=\"aligncenter wp-image-4536 size-full\" src=\"https:\/\/www.uutispeili.fi\/wp-content\/uploads\/2025\/01\/purra-baerbock0000X.png\" alt=\"\" width=\"448\" height=\"504\" srcset=\"https:\/\/www.uutispeili.fi\/wp-content\/uploads\/2025\/01\/purra-baerbock0000X.png 448w, https:\/\/www.uutispeili.fi\/wp-content\/uploads\/2025\/01\/purra-baerbock0000X-267x300.png 267w\" sizes=\"(max-width: 448px) 100vw, 448px\" \/><\/a><\/p>\n<blockquote><p>Riikka Purra 05.01. 2025: L\u00e4nsi saa aina huonossa n\u00e4peilleen. EU-maiden korkeat vieraat matkasivat Syyriaan puhumaan muun muassa naisten oikeuksista. Syyrian uusi johtaja ei k\u00e4tellyt Saksan naispuolista ulkoministeri\u00e4, ja koko henkil\u00f6 jopa piksel\u00f6itiin uutiskuvista. Kunpa sek\u00e4 <strong style=\"color: initial;\">Barrot<\/strong> ett\u00e4 <strong style=\"color: initial;\">Baerbock<\/strong> olisivat vain k\u00e4\u00e4ntyneet kannoiltaan ja sanoneet kiitti ja n\u00e4kemiin. EU:n ei pid\u00e4 toimia t\u00e4llaisten islamististen naisvihamielisten hallintojen kanssa p\u00e4tk\u00e4n vertaa.<\/p><\/blockquote>\n<ul>\n<li><a href=\"https:\/\/x.com\/ir_rkp\/status\/1875939496094826998\" target=\"_blank\" rel=\"noopener\">https:\/\/x.com\/ir_rkp\/status\/1875939496094826998<\/a>,<\/li>\n<\/ul>\n<p>Suomalaisilla on viel\u00e4 hyvin muistissa er\u00e4iden taannoisten valtionaistemme L\u00e4hi-Id\u00e4n vierailut, joilla n\u00e4htyyn pukeutumiseen ei edes pappisjohtoisen <strong>Iran<\/strong>in &#8217;<em>sharia<\/em>-poliisilla&#8217; olisi ollut huomauttamista. Purran asenne Syyrian johdon k\u00e4ytt\u00e4ytymiseen onkin pirist\u00e4v\u00e4 k\u00e4\u00e4nne entisest\u00e4. -Eiv\u00e4tk\u00e4 h\u00e4nen johtop\u00e4\u00e4t\u00f6ksens\u00e4 olleet lainkaan v\u00e4\u00e4ri\u00e4: Entisten jihadistiterroristien johdolla Syyria lipuu kohti pime\u00e4\u00e4 keskiaikaa, -ja kansainv\u00e4lisen terrorismin tukikohdaksi p\u00e4\u00e4tymist\u00e4.<\/p>\n<p><img loading=\"lazy\" decoding=\"async\" class=\"aligncenter wp-image-4542 size-full\" src=\"https:\/\/www.uutispeili.fi\/wp-content\/uploads\/2025\/01\/urpilainen-burkha0000x.png\" alt=\"\" width=\"580\" height=\"696\" srcset=\"https:\/\/www.uutispeili.fi\/wp-content\/uploads\/2025\/01\/urpilainen-burkha0000x.png 580w, https:\/\/www.uutispeili.fi\/wp-content\/uploads\/2025\/01\/urpilainen-burkha0000x-250x300.png 250w\" sizes=\"(max-width: 580px) 100vw, 580px\" \/><\/p>\n<p>(Arvoisa nimimerkki &#8221;Pepe&#8221;: Oletko nyt tyytyv\u00e4inen?)<\/p>\n<p>Syyrian <em>al-Qaeda\/ISIS<\/em>-taustaisen hallinnon aikeista ja jo toteutuneista teoista on jo riitt\u00e4v\u00e4sti n\u00e4ytt\u00f6\u00e4. Olemme kertoneet aiemmin mm. uskonnollisten v\u00e4hemmist\u00f6jen ja kurdien asuttamiin kaupunkeihin kohdistuneesta terrorista, tarkoituksena ajaa asukkaat pakolaisiksi muille maille, ja ett\u00e4 Al-Shara&#8217;a -Damaskoksen nykyinen komentelija- on jo antanut Syyrian kansalaisuuden ainakin 3500:lle <strong>Hay&#8217;at Tahir<\/strong> <strong>al-Sham<\/strong>in (HTS, al-Qaeda) ns. vierastaistelijalle, joita on valunut Syyriaan osallistumaan jihadiin.<\/p>\n<p>T\u00e4m\u00e4 v\u00e4ki on per\u00e4isin mm. <strong>Afganistan<\/strong>ista, jossa jo hallitseekin <strong>Taleban<\/strong>in jyrkk\u00e4 al-Qaeda-orientoitunut <strong>Haqqani<\/strong>-ryhmittym\u00e4, <strong>Pakistan<\/strong>ista, <strong>Bangla-desh<\/strong>ista ja mm. <strong>Palestiina<\/strong>sta. My\u00f6s <strong>uiguuri<\/strong>-islamisteja on Syyriassa. -Mit\u00e4 palestiinalaisiin tulee, syyrialaiset <em>kristityt, druusit<\/em> ja <em>jezidit<\/em> voivat odottaa heilt\u00e4 samaa kohtelua, kuin mit\u00e4 n\u00e4htiin 7. lokaluuta 2023 etel\u00e4isess\u00e4 <strong>Israel<\/strong>issa, <strong>Negev<\/strong>in alueen kibbutzeissa ja er\u00e4\u00e4ss\u00e4 musiikkitapahtumassa.<\/p>\n<p>Suhtautuminen naispuolisiin vieraisiin on yksi -toki v\u00e4h\u00e4inen mutta ennustava- indigaattori Syyrian nykyisen hallinnon mielenlaadusta. Purra on oikeassa: N\u00e4iden partasutien kanssa ei pid\u00e4 toimia niin, ett\u00e4 heid\u00e4n politiikkansa ja asennemaailmansa saavat Euroopalta edes hiljaisen hyv\u00e4ksynn\u00e4n.<\/p>\n<p>K\u00e4ttelem\u00e4tt\u00f6myys n\u00e4kyy hyvin <a href=\"https:\/\/x.com\/NeoliberaleA\/status\/1875202350811627903\" target=\"_blank\" rel=\"noopener\">linkin<\/a> videossa:<\/p>\n<p><a href=\"https:\/\/x.com\/NeoliberaleA\/status\/1875202350811627903\"><img loading=\"lazy\" decoding=\"async\" class=\"aligncenter wp-image-4537 size-full\" src=\"https:\/\/www.uutispeili.fi\/wp-content\/uploads\/2025\/01\/baerbock-sharaa800.png\" alt=\"\" width=\"800\" height=\"488\" srcset=\"https:\/\/www.uutispeili.fi\/wp-content\/uploads\/2025\/01\/baerbock-sharaa800.png 800w, https:\/\/www.uutispeili.fi\/wp-content\/uploads\/2025\/01\/baerbock-sharaa800-300x183.png 300w, https:\/\/www.uutispeili.fi\/wp-content\/uploads\/2025\/01\/baerbock-sharaa800-768x468.png 768w\" sizes=\"(max-width: 800px) 100vw, 800px\" \/><\/a><\/p>\n<blockquote><p>Baerbock reist nach Syrien, um den neuen Machthaber und Islamisten al-Scharaa zu sprechen. Der verweigert ihr erst einmal den Handschlag, weil sie eine Frau ist. Und wir haben uns massenhaft junge M\u00e4nner aus diesem kulturellen Raum ins Land geholt.<\/p><\/blockquote>\n<ul>\n<li><a href=\"https:\/\/x.com\/NeoliberaleA\/status\/1875202350811627903\" target=\"_blank\" rel=\"noopener\">https:\/\/x.com\/NeoliberaleA\/status\/1875202350811627903<\/a>,<\/li>\n<li>Annalena Baerbock j\u00e4\u00e4 ilman k\u00f6denpuristusta saapuessaan\u00a0 Damaskoksen lentokent\u00e4lle: h<a href=\"https:\/\/x.com\/baerbockpress\/status\/1875560936741957720\" target=\"_blank\" rel=\"noopener\">ttps:\/\/x.com\/baerbockpress\/status\/1875560936741957720<\/a>,<\/li>\n<\/ul>\n<h2>Kurdit ovat toista maata<\/h2>\n<p>Vaan kuinka Saksan ulkoministeri otettiin vastaan Syyrian kurdialueella:<\/p>\n<p><a href=\"https:\/\/x.com\/RuitheMedes\/status\/1875819553583984875\"><img loading=\"lazy\" decoding=\"async\" class=\"aligncenter wp-image-4538 size-full\" src=\"https:\/\/www.uutispeili.fi\/wp-content\/uploads\/2025\/01\/baerbock-kurds600X.png\" alt=\"\" width=\"600\" height=\"450\" srcset=\"https:\/\/www.uutispeili.fi\/wp-content\/uploads\/2025\/01\/baerbock-kurds600X.png 600w, https:\/\/www.uutispeili.fi\/wp-content\/uploads\/2025\/01\/baerbock-kurds600X-300x225.png 300w\" sizes=\"(max-width: 600px) 100vw, 600px\" \/><\/a><\/p>\n<blockquote><p>Ero sivistym\u00e4tt\u00f6mien radikaali-islamistien v\u00e4lill\u00e4 -Syyrian uuden hallituksen (Ex <strong>Al Qaeda\/lSIS<\/strong>) j\u00e4senten-verrattuna sivistyneisiin ihmisiin, kurdeihin. (T\u00e4ll\u00e4 hetkell\u00e4 ilman valtiota, yli 70 miljoonaa kurdia.) Kurdit tarvitsevat oman maan, nyt sit\u00e4 ei voi lyk\u00e4t\u00e4 yht\u00e4\u00e4n pidemp\u00e4\u00e4n!<\/p><\/blockquote>\n<ul>\n<li>Video linkiss\u00e4: <a href=\"https:\/\/x.com\/RuitheMedes\/status\/1875819553583984875\" target=\"_blank\" rel=\"noopener\">https:\/\/x.com\/RuitheMedes\/status\/1875819553583984875<\/a>.<\/li>\n<\/ul>\n<p>En voi olla lainauksen kanssa samaa mielt\u00e4 kurdivaltion perustamisesta nykyisen h\u00e4ss\u00e4k\u00e4n aikana: Syyrian &#8221;kurdihallinnon&#8221; &#8211;<strong>Koillis-Syyrian itsehallinnon<\/strong> (Autonomous Adminstration of North and East Syria, DAANES)- edustajat ovat ilmoittaneet pyrkiv\u00e4ns\u00e4 pysym\u00e4\u00e4n Syyrian osana, ja ajavansa Syyriaan <em>federalistista<\/em> hallintomallia.<\/p>\n<p>Syyrian nykyisen hallinnon nopea islamistisoituminen, josta syyrialaiset kurdimediat varottavat, on joka tapauksessa vaara koko L\u00e4hi-Id\u00e4lle, ja Syyrian muuttuminen &#8221;<em><strong>Afganistan 2.0<\/strong>:ksi<\/em>&#8221; on vaara koko maailmalle. T\u00e4st\u00e4 kehityksest\u00e4 on n\u00e4ht\u00e4viss\u00e4 riitt\u00e4v\u00e4sti merkkej\u00e4. <img loading=\"lazy\" decoding=\"async\" class=\"alignnone size-full wp-image-144\" src=\"https:\/\/www.uutispeili.fi\/wp-content\/uploads\/2023\/11\/di.gold_.gif\" alt=\"\" width=\"11\" height=\"11\" \/><\/p>\n<blockquote><p>Emme n\u00e4yt\u00e4 teille t\u00e4t\u00e4 videota: HTS:n hallinnon nykyinen ministeri johtamassa naisen teloitusta kadulla Syyriassa, -ollessaan HTS:n toimijana Idlibiss\u00e4. T\u00e4sm\u00e4\u00e4k\u00f6 nyt kaikki &#8221;Pete&#8221;?<\/p>\n<ul>\n<li><a href=\"https:\/\/x.com\/MusSKilic\/status\/1875644307190985084\" target=\"_blank\" rel=\"noopener\">https:\/\/x.com\/MusSKilic\/status\/1875644307190985084<\/a>, (linkki avautuu uuteen v\u00e4lilehteen.)<\/li>\n<\/ul>\n<\/blockquote>\n<p>Otsikkokuvan lipunkantaja n\u00e4htiin maanantaina 04.01. Damaskoksen kristittyjen kaupunginosassa. Jihad-lipun heiluttaminen tarkoittaa uskonnollisen sodan, <em>jihaadin<\/em>, julistamista v\u00e4\u00e4r\u00e4uskoisille. <a href=\"https:\/\/x.com\/Ostensiblay\/status\/1875548308653142209\" target=\"_blank\" rel=\"noopener\">Linkki<\/a> avautuu uuteen v\u00e4lilehteen.<\/p>\n<p><a href=\"https:\/\/x.com\/Ostensiblay\/status\/1875548308653142209\"><img loading=\"lazy\" decoding=\"async\" class=\"aligncenter wp-image-4546 size-full\" src=\"https:\/\/www.uutispeili.fi\/wp-content\/uploads\/2025\/01\/jihad-lippu-damaskos000X.png\" alt=\"\" width=\"394\" height=\"486\" srcset=\"https:\/\/www.uutispeili.fi\/wp-content\/uploads\/2025\/01\/jihad-lippu-damaskos000X.png 394w, https:\/\/www.uutispeili.fi\/wp-content\/uploads\/2025\/01\/jihad-lippu-damaskos000X-243x300.png 243w\" sizes=\"(max-width: 394px) 100vw, 394px\" \/><\/a><\/p>\n<blockquote class=\"wp-embedded-content\" data-secret=\"0ZlQhmlsJh\"><p><a href=\"https:\/\/www.uutispeili.fi\/index.php\/2024\/12\/28\/esirippu-vaistyy-syyriassa-al-joulanin-ahmed-sharaa-hts-islamistit-terrorisoivat-aramealais-kristittyjen-kaupungissa\/\">Esirippu v\u00e4istyy Syyriassa: Al-Joulanin (Ahmed Shara&#8217;a) HTS-islamistit  terrorisoivat aramealais-kristittyjen kaupungissa<\/a><\/p><\/blockquote>\n<p><iframe class=\"wp-embedded-content\" sandbox=\"allow-scripts\" security=\"restricted\" style=\"position: absolute; clip: rect(1px, 1px, 1px, 1px);\" title=\"&#8221;Esirippu v\u00e4istyy Syyriassa: Al-Joulanin (Ahmed Shara&#8217;a) HTS-islamistit  terrorisoivat aramealais-kristittyjen kaupungissa&#8221; &#8212; \" src=\"https:\/\/www.uutispeili.fi\/index.php\/2024\/12\/28\/esirippu-vaistyy-syyriassa-al-joulanin-ahmed-sharaa-hts-islamistit-terrorisoivat-aramealais-kristittyjen-kaupungissa\/embed\/#?secret=BKlLejwkLY#?secret=0ZlQhmlsJh\" data-secret=\"0ZlQhmlsJh\" width=\"600\" height=\"338\" frameborder=\"0\" marginwidth=\"0\" marginheight=\"0\" scrolling=\"no\"><\/iframe><\/p>\n<blockquote class=\"wp-embedded-content\" data-secret=\"eKDuj5CXFs\"><p><a href=\"https:\/\/www.uutispeili.fi\/index.php\/2024\/12\/17\/ykn-syyria-erityislahettilas-vaatii-tulitaukoa-ja-osallistavaa-hallintoa\/\">YK:n Syyria-erityisl\u00e4hettil\u00e4s vaatii tulitaukoa ja &#8217;osallistavaa hallintoa&#8217;<\/a><\/p><\/blockquote>\n<p><iframe class=\"wp-embedded-content\" sandbox=\"allow-scripts\" security=\"restricted\" style=\"position: absolute; clip: rect(1px, 1px, 1px, 1px);\" title=\"&#8221;YK:n Syyria-erityisl\u00e4hettil\u00e4s vaatii tulitaukoa ja &#8217;osallistavaa hallintoa&#8217;&#8221; &#8212; \" src=\"https:\/\/www.uutispeili.fi\/index.php\/2024\/12\/17\/ykn-syyria-erityislahettilas-vaatii-tulitaukoa-ja-osallistavaa-hallintoa\/embed\/#?secret=o6DIn0CMVo#?secret=eKDuj5CXFs\" data-secret=\"eKDuj5CXFs\" width=\"600\" height=\"338\" frameborder=\"0\" marginwidth=\"0\" marginheight=\"0\" scrolling=\"no\"><\/iframe><\/p>\n<blockquote class=\"wp-embedded-content\" data-secret=\"vEoXE3rbqV\"><p><a href=\"https:\/\/www.uutispeili.fi\/index.php\/2024\/12\/19\/huono-uutinen-erdolle-ranska-vaatii-sdfn-ottamista-mukaan-syyrian-poliittiseen-siirtymavaiheeseen-senaattori-john-kennedy-vaati-turkkia-lopettamaan-eskaloimisen-syyriassa\/\">Huono uutinen Erdolle: Ranska vaatii SDF:n ottamista mukaan Syyrian poliittiseen siirtym\u00e4vaiheeseen, senaattori John Kennedy vaati Turkkia lopettamaan eskaloimisen Syyriassa<\/a><\/p><\/blockquote>\n<p><iframe class=\"wp-embedded-content\" sandbox=\"allow-scripts\" security=\"restricted\" style=\"position: absolute; clip: rect(1px, 1px, 1px, 1px);\" title=\"&#8221;Huono uutinen Erdolle: Ranska vaatii SDF:n ottamista mukaan Syyrian poliittiseen siirtym\u00e4vaiheeseen, senaattori John Kennedy vaati Turkkia lopettamaan eskaloimisen Syyriassa&#8221; &#8212; \" src=\"https:\/\/www.uutispeili.fi\/index.php\/2024\/12\/19\/huono-uutinen-erdolle-ranska-vaatii-sdfn-ottamista-mukaan-syyrian-poliittiseen-siirtymavaiheeseen-senaattori-john-kennedy-vaati-turkkia-lopettamaan-eskaloimisen-syyriassa\/embed\/#?secret=l1Dj6YYXX9#?secret=vEoXE3rbqV\" data-secret=\"vEoXE3rbqV\" width=\"600\" height=\"338\" frameborder=\"0\" marginwidth=\"0\" marginheight=\"0\" scrolling=\"no\"><\/iframe><\/p>\n<blockquote class=\"wp-embedded-content\" data-secret=\"I21Fv7On0m\"><p><a href=\"https:\/\/www.uutispeili.fi\/index.php\/2024\/12\/22\/republikaani-poliitikko-yhdysvallat-pitaa-kiinni-sitoumuksistaan-syyriassa-jos-pitaa\/\">Republikaani-poliitikko: &#8217;Yhdysvallat pit\u00e4\u00e4 kiinni sitoumuksistaan \u200b\u200bSyyriassa&#8217; -jos pit\u00e4\u00e4<\/a><\/p><\/blockquote>\n<p><iframe class=\"wp-embedded-content\" sandbox=\"allow-scripts\" security=\"restricted\" style=\"position: absolute; clip: rect(1px, 1px, 1px, 1px);\" title=\"&#8221;Republikaani-poliitikko: &#8217;Yhdysvallat pit\u00e4\u00e4 kiinni sitoumuksistaan \u200b\u200bSyyriassa&#8217; -jos pit\u00e4\u00e4&#8221; &#8212; \" src=\"https:\/\/www.uutispeili.fi\/index.php\/2024\/12\/22\/republikaani-poliitikko-yhdysvallat-pitaa-kiinni-sitoumuksistaan-syyriassa-jos-pitaa\/embed\/#?secret=tZCJNc6C7J#?secret=I21Fv7On0m\" data-secret=\"I21Fv7On0m\" width=\"600\" height=\"338\" frameborder=\"0\" marginwidth=\"0\" marginheight=\"0\" scrolling=\"no\"><\/iframe><\/p>\n","protected":false},"excerpt":{"rendered":"<p>EU:n ministerien tutustumisk\u00e4ynti Damaskokseen runsas viikko sitten toi julkisuuteen al-Qaeda (HTS) -ministerien islamistisen suhtautumisen suhtautumisen nais-sukupuoleen, jota valtionvaraisministerimme ehti paheksua X-viestiss\u00e4\u00e4n. (Kuvan aineisto X:st\u00e4, eri julkaisuista.) Sitten joku riensi &#8221;faktantarkastamaan&#8221;: &#8221;Pepe&#8221; 05.01. 2025: Syyrian ulkoministeri\u00f6 jakaa k\u00e4sittelem\u00e4t\u00f6nt\u00e4 valokuvaa tilill\u00e4\u00e4n, mutta ministeri Purra on saanut jostain naisblurratun version jota paheksuu. Joku ei t\u00e4sm\u00e4\u00e4. https:\/\/x.com\/hurumdara2\/status\/1875965624893263939, Miten niin [&hellip;]<\/p>\n","protected":false},"author":3,"featured_media":4543,"comment_status":"open","ping_status":"open","sticky":false,"template":"","format":"standard","meta":{"footnotes":""},"categories":[31,122,80],"tags":[],"_links":{"self":[{"href":"https:\/\/www.uutispeili.fi\/index.php\/wp-json\/wp\/v2\/posts\/4535"}],"collection":[{"href":"https:\/\/www.uutispeili.fi\/index.php\/wp-json\/wp\/v2\/posts"}],"about":[{"href":"https:\/\/www.uutispeili.fi\/index.php\/wp-json\/wp\/v2\/types\/post"}],"author":[{"embeddable":true,"href":"https:\/\/www.uutispeili.fi\/index.php\/wp-json\/wp\/v2\/users\/3"}],"replies":[{"embeddable":true,"href":"https:\/\/www.uutispeili.fi\/index.php\/wp-json\/wp\/v2\/comments?post=4535"}],"version-history":[{"count":4,"href":"https:\/\/www.uutispeili.fi\/index.php\/wp-json\/wp\/v2\/posts\/4535\/revisions"}],"predecessor-version":[{"id":4547,"href":"https:\/\/www.uutispeili.fi\/index.php\/wp-json\/wp\/v2\/posts\/4535\/revisions\/4547"}],"wp:featuredmedia":[{"embeddable":true,"href":"https:\/\/www.uutispeili.fi\/index.php\/wp-json\/wp\/v2\/media\/4543"}],"wp:attachment":[{"href":"https:\/\/www.uutispeili.fi\/index.php\/wp-json\/wp\/v2\/media?parent=4535"}],"wp:term":[{"taxonomy":"category","embeddable":true,"href":"https:\/\/www.uutispeili.fi\/index.php\/wp-json\/wp\/v2\/categories?post=4535"},{"taxonomy":"post_tag","embeddable":true,"href":"https:\/\/www.uutispeili.fi\/index.php\/wp-json\/wp\/v2\/tags?post=4535"}],"curies":[{"name":"wp","href":"https:\/\/api.w.org\/{rel}","templated":true}]}}