{"id":4472,"date":"2025-01-02T16:21:34","date_gmt":"2025-01-02T16:21:34","guid":{"rendered":"https:\/\/www.uutispeili.fi\/?p=4472"},"modified":"2025-01-02T16:21:34","modified_gmt":"2025-01-02T16:21:34","slug":"2025-euroopalla-on-toivoa-nakyvissa","status":"publish","type":"post","link":"https:\/\/www.uutispeili.fi\/index.php\/2025\/01\/02\/2025-euroopalla-on-toivoa-nakyvissa\/","title":{"rendered":"2025: Euroopalla on toivoa n\u00e4kyviss\u00e4"},"content":{"rendered":"<p><strong>Kysymys on siit\u00e4, ett\u00e4 vanha valta horjuu, ja pelko ett\u00e4 se alkaa huojua ja kaatuu lopulta, on suuri koko eliitin parissa, -ja ihan koko Euroopan eliitiin.<\/strong><\/p>\n<p>Nyt kun <em>mielipidetiedustelujen perusteella<\/em> n\u00e4ytt\u00e4\u00e4, ett\u00e4 <strong>Vihre\u00e4t<\/strong> saavat selk\u00e4\u00e4ns\u00e4 <strong>Saksan<\/strong> 23. Helmikuuta k\u00e4yt\u00e4viss\u00e4 liittop\u00e4iv\u00e4vaaleissa, niin voi olla ett\u00e4 nk. <em>vanhat puolueet<\/em> rohkaistuvat irrottautumaan siit\u00e4 er\u00e4\u00e4nlaisesta henkisest\u00e4 panttivankiasemasta, mihin ne ovat joutuneet korostaessaan liberaalisuuttaan, ja mihin Vihre\u00e4t ovat vedonneet puhuessaan yhteisty\u00f6st\u00e4 ja luikerrellessaan eri maiden hallituksiin.<\/p>\n<p>On kuitenkin vahvoja merkkej\u00e4 -kun Vihre\u00e4t ovat h\u00e4vinneet kaikki Euroopassa k\u00e4ydyt vaalit viimeisten nelj\u00e4n vuoden aikana- siihen suuntaan ,ett\u00e4 tajutaan -vihdoinkin- ettei 1400 vuotta vanhan \u00e4\u00e4rimm\u00e4isen naisvihamielisen heimo-\/klaanityrannian puolustelu ole mit\u00e4\u00e4n liberalismia, vaan pimeint\u00e4 pimeytt\u00e4 ja demokratian, tasa-arvon, ihmisoikeuksien ja sukupuoliv\u00e4hemmist\u00f6jen halveksimista.<\/p>\n<p>Ongelmallista on noissa Saksan vaalien j\u00e4lkeen tulevissa poliittisissa kuvioissa se, ett\u00e4 <strong>CDU<\/strong> katsoo olevansa pakotettu ottamaan Vihre\u00e4t hallitukseensa, koska <strong>SPD<\/strong>, joka kokee -ennusteiden mukaan- my\u00f6s tappion haluaa ymm\u00e4rrett\u00e4v\u00e4sti j\u00e4\u00e4d\u00e4 oppositioon ja, <strong>AfD<\/strong>, vaikka n\u00e4ytt\u00e4kin nousevan toiseksi suurimmaksi puolueeksi, ei k\u00e4y sill\u00e4 se on kritisoinut ankarasti ennen muuta maahanmuuttopolitiikkaa, eliitin ylimielisyytt\u00e4, sek\u00e4 Saksan holtitonta talouspolitiikkaa ja umpityperi\u00e4 energiaratkaisuja.<\/p>\n<p>CDU kiemurtelee <strong>Merkel<\/strong>-menneisyytens\u00e4 vuoksi ko. asioissa. Mutta jos siis ennusteet toteutuisivat, niin CDU saisi n. 30 %;a \u00e4\u00e4nist\u00e4, AfD 20 %:a, SPD 15 %:a, Vihre\u00e4t n.10%:a ja <strong>Sara Wagenkneht<\/strong>in puolue my\u00f6s n.10 %. <strong>FDP<\/strong> 5 % ja <strong>Linke<\/strong> putoaisi parlamentista. Loput \u00e4\u00e4net menisiv\u00e4t pienille puolueille Ja siis jos noin k\u00e4visi, niin CDU+Vihre\u00e4t -n. 40 %:a- ei riit\u00e4, eli jollain konstilla olisi houkuteltava demarit mukaan tai muodostettava v\u00e4hemmist\u00f6hallitus mutta keiden tuella? Tai j\u00e4rjest\u00e4\u00e4 uudet vaalit.<\/p>\n<p>Mutta siin\u00e4 on se &#8221;vaara&#8221;, ett\u00e4 AfD vahvistuu edelleen, ja sitten voi olla, ett\u00e4 se on kiikun kaakun kumpi on suurempi CDU vai AfD. Toki jos\/kun Vihre\u00e4t taas p\u00e4\u00e4see Saksassa hallitukseen, niin on niidenkin annettava periksi, jos ei muussa niin talousasioissa, eli Saksan talous on sy\u00f6ksykierteess\u00e4, eik\u00e4 se sill\u00e4 oikene, ett\u00e4 roudataan maahan lis\u00e4\u00e4 islamisteja tappamaan ty\u00f6t\u00e4 tekevi\u00e4 kantiksia ja heid\u00e4n lapsiaan, eli on pihistett\u00e4v\u00e4 juuri niilt\u00e4 joille Vihre\u00e4t halua antaa lis\u00e4\u00e4.<\/p>\n<p>Mene ja tied\u00e4, mutta ehk\u00e4 Euroopalla on kuitenkin toivoa, ett\u00e4 Vihreiden limainen ote Euroopan kurkulta helti\u00e4\u00e4, ja tuo entisten stalinistien ja entisten natsien 1979 perustama ep\u00e4siki\u00f6 vihdoinkin alkaa j\u00e4\u00e4d\u00e4 historiaan kuvottavana j\u00e4\u00e4nteen\u00e4. Stalinismin ja Hitlerismin heijasteena. -Ja jo on aikakin ( bolsevikit tulivat valtaan Ven\u00e4j\u00e4ll\u00e4 1917 ja natsit Saksassa 1933).Toivoa asian suhteen on mutta realismia on varmaankin se, ett\u00e4 t\u00e4ydelliseen mit\u00e4tt\u00f6myyteen tuo &#8221;ideologia&#8221; luhistuu vasta ensi vuosikymmenen kuluessa.<\/p>\n<p>Seppo Huhta<\/p>\n","protected":false},"excerpt":{"rendered":"<p>Kysymys on siit\u00e4, ett\u00e4 vanha valta horjuu, ja pelko ett\u00e4 se alkaa huojua ja kaatuu lopulta, on suuri koko eliitin parissa, -ja ihan koko Euroopan eliitiin. Nyt kun mielipidetiedustelujen perusteella n\u00e4ytt\u00e4\u00e4, ett\u00e4 Vihre\u00e4t saavat selk\u00e4\u00e4ns\u00e4 Saksan 23. Helmikuuta k\u00e4yt\u00e4viss\u00e4 liittop\u00e4iv\u00e4vaaleissa, niin voi olla ett\u00e4 nk. vanhat puolueet rohkaistuvat irrottautumaan siit\u00e4 er\u00e4\u00e4nlaisesta henkisest\u00e4 panttivankiasemasta, mihin ne [&hellip;]<\/p>\n","protected":false},"author":5,"featured_media":4474,"comment_status":"open","ping_status":"open","sticky":false,"template":"","format":"standard","meta":{"footnotes":""},"categories":[14],"tags":[],"_links":{"self":[{"href":"https:\/\/www.uutispeili.fi\/index.php\/wp-json\/wp\/v2\/posts\/4472"}],"collection":[{"href":"https:\/\/www.uutispeili.fi\/index.php\/wp-json\/wp\/v2\/posts"}],"about":[{"href":"https:\/\/www.uutispeili.fi\/index.php\/wp-json\/wp\/v2\/types\/post"}],"author":[{"embeddable":true,"href":"https:\/\/www.uutispeili.fi\/index.php\/wp-json\/wp\/v2\/users\/5"}],"replies":[{"embeddable":true,"href":"https:\/\/www.uutispeili.fi\/index.php\/wp-json\/wp\/v2\/comments?post=4472"}],"version-history":[{"count":1,"href":"https:\/\/www.uutispeili.fi\/index.php\/wp-json\/wp\/v2\/posts\/4472\/revisions"}],"predecessor-version":[{"id":4473,"href":"https:\/\/www.uutispeili.fi\/index.php\/wp-json\/wp\/v2\/posts\/4472\/revisions\/4473"}],"wp:featuredmedia":[{"embeddable":true,"href":"https:\/\/www.uutispeili.fi\/index.php\/wp-json\/wp\/v2\/media\/4474"}],"wp:attachment":[{"href":"https:\/\/www.uutispeili.fi\/index.php\/wp-json\/wp\/v2\/media?parent=4472"}],"wp:term":[{"taxonomy":"category","embeddable":true,"href":"https:\/\/www.uutispeili.fi\/index.php\/wp-json\/wp\/v2\/categories?post=4472"},{"taxonomy":"post_tag","embeddable":true,"href":"https:\/\/www.uutispeili.fi\/index.php\/wp-json\/wp\/v2\/tags?post=4472"}],"curies":[{"name":"wp","href":"https:\/\/api.w.org\/{rel}","templated":true}]}}