{"id":4450,"date":"2024-12-31T00:48:52","date_gmt":"2024-12-31T00:48:52","guid":{"rendered":"https:\/\/www.uutispeili.fi\/?p=4450"},"modified":"2024-12-31T02:08:35","modified_gmt":"2024-12-31T02:08:35","slug":"venaja-ja-ukraina-vaihtoivat-vankeja-maanantaina","status":"publish","type":"post","link":"https:\/\/www.uutispeili.fi\/index.php\/2024\/12\/31\/venaja-ja-ukraina-vaihtoivat-vankeja-maanantaina\/","title":{"rendered":"Ven\u00e4j\u00e4 ja Ukraina vaihtoivat vankeja maanantaina"},"content":{"rendered":"<p><strong>Sataviisikymment\u00e4 Ukrainassa vangittuina ollutta ven\u00e4l\u00e4ist\u00e4 sotilasta vaihdettiin samaan m\u00e4\u00e4r\u00e4\u00e4n ven\u00e4l\u00e4isten vangitsemia ukrainalaisia maanantaina.<\/strong><\/p>\n<p>(Kuval\u00e4hde: Ven\u00e4j\u00e4n puolustusministeri\u00f6\/Avia.pro, -ei ole tietoa, kumpia kuvan henkil\u00f6t ovat.)<\/p>\n<p>Vaihto j\u00e4rjestyi kansainv\u00e4listen v\u00e4litt\u00e4jien avulla. Julkaisu ei mainitse paikkakuntaa, mutta vapautetut ven\u00e4l\u00e4iset ovat nyt <strong>Valkoven\u00e4j\u00e4n<\/strong> alueella. Vaihdetut sotavangit olivat sotilaita ja upseereja.<\/p>\n<p>Asiasta kertoi Ven\u00e4j\u00e4n puolustusministeri\u00f6. <img loading=\"lazy\" decoding=\"async\" class=\"alignnone size-full wp-image-144\" src=\"https:\/\/www.uutispeili.fi\/wp-content\/uploads\/2023\/11\/di.gold_.gif\" alt=\"\" width=\"11\" height=\"11\" \/><\/p>\n<p>Luettavaa:<\/p>\n<ul>\n<li><a href=\"https:\/\/avia.pro\/news\/rossiya-i-ukraina-obmenyalis-plennymi-0\" target=\"_blank\" rel=\"noopener\">Avia.pro<\/a> 30.12. 2024,<\/li>\n<li><a href=\"https:\/\/english.alarabiya.net\/News\/world\/2024\/12\/31\/-russia-and-ukraine-exchange-300-pows-in-uae-brokered-deal\" target=\"_blank\" rel=\"noopener\">https:\/\/english.alarabiya.net\/News\/world\/2024\/12\/31\/-russia-and-ukraine-exchange-300-pows-in-uae-brokered-deal<\/a> 31.12. 2024,<\/li>\n<\/ul>\n","protected":false},"excerpt":{"rendered":"<p>Sataviisikymment\u00e4 Ukrainassa vangittuina ollutta ven\u00e4l\u00e4ist\u00e4 sotilasta vaihdettiin samaan m\u00e4\u00e4r\u00e4\u00e4n ven\u00e4l\u00e4isten vangitsemia ukrainalaisia maanantaina. (Kuval\u00e4hde: Ven\u00e4j\u00e4n puolustusministeri\u00f6\/Avia.pro, -ei ole tietoa, kumpia kuvan henkil\u00f6t ovat.) Vaihto j\u00e4rjestyi kansainv\u00e4listen v\u00e4litt\u00e4jien avulla. Julkaisu ei mainitse paikkakuntaa, mutta vapautetut ven\u00e4l\u00e4iset ovat nyt Valkoven\u00e4j\u00e4n alueella. Vaihdetut sotavangit olivat sotilaita ja upseereja. Asiasta kertoi Ven\u00e4j\u00e4n puolustusministeri\u00f6. Luettavaa: Avia.pro 30.12. 2024, https:\/\/english.alarabiya.net\/News\/world\/2024\/12\/31\/-russia-and-ukraine-exchange-300-pows-in-uae-brokered-deal 31.12. [&hellip;]<\/p>\n","protected":false},"author":3,"featured_media":4452,"comment_status":"open","ping_status":"open","sticky":false,"template":"","format":"standard","meta":{"footnotes":""},"categories":[71,87,74],"tags":[],"_links":{"self":[{"href":"https:\/\/www.uutispeili.fi\/index.php\/wp-json\/wp\/v2\/posts\/4450"}],"collection":[{"href":"https:\/\/www.uutispeili.fi\/index.php\/wp-json\/wp\/v2\/posts"}],"about":[{"href":"https:\/\/www.uutispeili.fi\/index.php\/wp-json\/wp\/v2\/types\/post"}],"author":[{"embeddable":true,"href":"https:\/\/www.uutispeili.fi\/index.php\/wp-json\/wp\/v2\/users\/3"}],"replies":[{"embeddable":true,"href":"https:\/\/www.uutispeili.fi\/index.php\/wp-json\/wp\/v2\/comments?post=4450"}],"version-history":[{"count":3,"href":"https:\/\/www.uutispeili.fi\/index.php\/wp-json\/wp\/v2\/posts\/4450\/revisions"}],"predecessor-version":[{"id":4457,"href":"https:\/\/www.uutispeili.fi\/index.php\/wp-json\/wp\/v2\/posts\/4450\/revisions\/4457"}],"wp:featuredmedia":[{"embeddable":true,"href":"https:\/\/www.uutispeili.fi\/index.php\/wp-json\/wp\/v2\/media\/4452"}],"wp:attachment":[{"href":"https:\/\/www.uutispeili.fi\/index.php\/wp-json\/wp\/v2\/media?parent=4450"}],"wp:term":[{"taxonomy":"category","embeddable":true,"href":"https:\/\/www.uutispeili.fi\/index.php\/wp-json\/wp\/v2\/categories?post=4450"},{"taxonomy":"post_tag","embeddable":true,"href":"https:\/\/www.uutispeili.fi\/index.php\/wp-json\/wp\/v2\/tags?post=4450"}],"curies":[{"name":"wp","href":"https:\/\/api.w.org\/{rel}","templated":true}]}}